{"id":10841,"date":"2012-09-23T17:31:00","date_gmt":"2012-09-23T17:31:00","guid":{"rendered":"http:\/\/www.civiltalaica.it\/cms\/?p=10841"},"modified":"2012-09-23T17:31:00","modified_gmt":"2012-09-23T17:31:00","slug":"intouchables-ovvero-le-eccezioni-della-satira","status":"publish","type":"post","link":"https:\/\/www.civiltalaica.it\/cms\/intouchables-ovvero-le-eccezioni-della-satira\/","title":{"rendered":"Intouchables, ovvero le eccezioni della satira"},"content":{"rendered":"<p><a href=\"http:\/\/www.civiltalaica.it\/cms\/wp-content\/uploads\/2012\/09\/censura.jpg\"><img loading=\"lazy\" decoding=\"async\" class=\"alignleft size-medium wp-image-10842\" title=\"censura\" src=\"http:\/\/www.civiltalaica.it\/cms\/wp-content\/uploads\/2012\/09\/censura-300x257.jpg\" alt=\"\" width=\"300\" height=\"257\" srcset=\"https:\/\/www.civiltalaica.it\/cms\/wp-content\/uploads\/2012\/09\/censura-300x257.jpg 300w, https:\/\/www.civiltalaica.it\/cms\/wp-content\/uploads\/2012\/09\/censura.jpg 428w\" sizes=\"auto, (max-width: 300px) 100vw, 300px\" \/><\/a>\u00abSe cominciamo a chiederci se abbiamo il diritto di disegnare o meno Maometto, se \u00e8 pericoloso oppure no, la domanda successiva sarebbe &#8220;possiamo rappresentare dei musulmani nel giornale?&#8221;, e quindi la domanda diventer\u00e0 &#8220;per caso possiamo rappresentare degli esseri umani nel giornale?&#8221; ecc. E alla fine non disegneremmo pi\u00f9 niente, e il manipolo di estremisti che si agitano nel mondo e in Francia avr\u00e0 definitivamente vinto!\u00bb.\u00a0<!--more--><br \/>Non poteva dirlo meglio il direttore della rivista satirica\u00a0<em>Charlie Hebdo<\/em>, nell&#8217;occhio del ciclone per le vignette &#8220;blasfeme&#8221; su Maometto che stanno infiammando il dibattito sulla libert\u00e0 di satira in Francia e nel mondo intero.<br \/>Eppure, anche tra chi non appartiene ad alcuna chiesa, si levano voci di dissenso sulle pubblicazioni che offenderebbero il sentimento religioso. Bene, allora forse \u00e8 il caso di stilare una classifica dei sentimenti e indicare quali possono essere sbeffeggiati dalla satira e in quale misura (stante poi il poter misurare col metro l&#8217;offesa), e quali no. Perch\u00e9 non si capisce come mai un politico, una star, un partito o una categoria di persone possano essere caricaturizzati mentre la religione e le sue icone sono intoccabili (<em>intouchables<\/em>, come dice\u00a0<em>Charlie Hebdo<\/em>). C&#8217;\u00e8 sentimento e sentimento? La satira politica non offende e quella religiosa s\u00ec?<\/p>\n<p>Il punto, almeno tra chi non coltiva un culto, non \u00e8 questo, ma piuttosto una strisciante confusione tra causa ed effetto che fa percepire la prima come deprecabile se il secondo degenera. In altri termini, se la raffigurazione di un ridicolo Maometto non scatenasse la violenza fondamentalista islamica nessuno ci troverebbe qualcosa da ridire, cos\u00ec come succede con le tante &#8220;profanazioni&#8221; di Cristo in croce che per\u00f2 difficilmente portano a bombe e stragi (conducevano alla tortura e al rogo solo fino a qualche centinaio di anni fa, ma questo \u00e8 un altro discorso). I cristiani storcono il naso, si girano dall&#8217;altra parte e se offesi ricorrono ai tribunali. Idem per le eventuali denigrazioni politiche. Sar\u00e0 poi la legge a giudicare se si tratta di satira o diffamazione.\u00a0<\/p>\n<p>Sembra quindi che la differenza tra satira &#8220;buona&#8221; e satira &#8220;cattiva&#8221; la faccia la reazione, non l&#8217;azione in s\u00e9. E questo a prescindere dal buon o cattivo gusto del vignettista di turno. Un po&#8217; come succedeva negli anni della rivoluzione femminista. Le minigonne erano tollerate (se pur\u00a0<em>obtorto collo<\/em>) dai benpensanti, salvo poi venir additate come &#8220;giusta causa&#8221; in caso di violenza sessuale. &#8220;Se l&#8217;\u00e8 cercata, visto come andava in giro&#8221; \u00e8 l&#8217;aberrante frase che abbiamo sentito in pi\u00f9 di un processo per stupro.\u00a0<em>Mutatis mutandis<\/em>, lo stesso discorso lo sentiamo oggi a proposito delle violenze fondamentaliste &#8220;ingenerate&#8221; dalle pubblicazioni blasfeme, come se la brutalit\u00e0 possa avere una qualche forma di giustificazione dovuta alla provocazione.<br \/>Il discorso si sposta quindi dall&#8217;effetto, orrendo e ingiustificabile, alla causa, la libert\u00e0 di satira.<\/p>\n<p>E invece no. La libert\u00e0 di espressione va difesa tanto quanto va condannata senza scusanti l&#8217;azione letale di chi si sente autorizzato alla strage in nome di dio o di qualsiasi &#8220;sentimento&#8221; sul quale si sente offeso. In questo senso le parole del nostro ministro degli Esteri Giulio Terzi non rassicurano certo: \u00abCi sono dei sensazionalismi irresponsabili da parte di chi utilizza spesso a proprio vantaggio personale, anche nel mondo occidentale, queste grandi sensibilit\u00e0 [religiose, ndr] che devono essere rispettate\u00bb. C&#8217;\u00e8 sensibilit\u00e0 e sensibilit\u00e0, dunque e quella religiosa non pu\u00f2 essere toccata pena la strage (per &#8220;irresponsabilit\u00e0&#8221; di chi osa il dileggio). Il che significa dare dignit\u00e0 a folli gesti di pazzi scatenati colpiti nella loro &#8220;sensibilit\u00e0&#8221;. Che a questo punto, per estensione, potrebbe essere non solo religiosa, ma anche politica, sessuale, di appartenenza a una qualunque categoria ideologica, sociale, di pensiero.\u00a0<\/p>\n<p>\u00abE alla fine non disegneremmo pi\u00f9 niente, e il manipolo di estremisti che si agitano nel mondo e in Francia avr\u00e0 definitivamente vinto\u00bb. Appunto.\u00a0<\/p>\n<p><strong>Cecilia Calamani<\/strong>\u00a0&#8211; <a href=\"http:\/\/cronachelaiche.globalist.it\/Detail_News_Display?ID=35414\">Cronache Laiche<\/a><\/p>\n","protected":false},"excerpt":{"rendered":"<p>\u00abSe cominciamo a chiederci se abbiamo il diritto di disegnare o meno Maometto, se \u00e8 pericoloso oppure no, la domanda successiva sarebbe &#8220;possiamo rappresentare dei musulmani nel giornale?&#8221;, e quindi la domanda diventer\u00e0 &#8220;per caso possiamo rappresentare degli esseri umani nel giornale?&#8221; ecc. E alla fine non disegneremmo pi\u00f9 niente, e il manipolo di estremisti [&hellip;]<\/p>\n","protected":false},"author":7,"featured_media":0,"comment_status":"closed","ping_status":"closed","sticky":false,"template":"","format":"standard","meta":{"footnotes":""},"categories":[238,229],"tags":[75,78,1110,1111],"class_list":["post-10841","post","type-post","status-publish","format-standard","hentry","category-articoli","category-evidenza","tag-cecilia-calamani","tag-censura","tag-maometto","tag-vignette-blasfeme"],"yoast_head":"<!-- This site is optimized with the Yoast SEO plugin v27.1.1 - https:\/\/yoast.com\/product\/yoast-seo-wordpress\/ -->\n<title>Intouchables, ovvero le eccezioni della satira - Associazione Culturale Civilt\u00e0 Laica<\/title>\n<meta name=\"robots\" content=\"index, follow, max-snippet:-1, max-image-preview:large, max-video-preview:-1\" \/>\n<link rel=\"canonical\" href=\"https:\/\/www.civiltalaica.it\/cms\/intouchables-ovvero-le-eccezioni-della-satira\/\" \/>\n<meta property=\"og:locale\" content=\"it_IT\" \/>\n<meta property=\"og:type\" content=\"article\" \/>\n<meta property=\"og:title\" content=\"Intouchables, ovvero le eccezioni della satira - Associazione Culturale Civilt\u00e0 Laica\" \/>\n<meta property=\"og:description\" content=\"\u00abSe cominciamo a chiederci se abbiamo il diritto di disegnare o meno Maometto, se \u00e8 pericoloso oppure no, la domanda successiva sarebbe &#8220;possiamo rappresentare dei musulmani nel giornale?&#8221;, e quindi la domanda diventer\u00e0 &#8220;per caso possiamo rappresentare degli esseri umani nel giornale?&#8221; ecc. E alla fine non disegneremmo pi\u00f9 niente, e il manipolo di estremisti [&hellip;]\" \/>\n<meta property=\"og:url\" content=\"https:\/\/www.civiltalaica.it\/cms\/intouchables-ovvero-le-eccezioni-della-satira\/\" \/>\n<meta property=\"og:site_name\" content=\"Associazione Culturale Civilt\u00e0 Laica\" \/>\n<meta property=\"article:publisher\" content=\"https:\/\/www.facebook.com\/civiltalaica\" \/>\n<meta property=\"article:published_time\" content=\"2012-09-23T17:31:00+00:00\" \/>\n<meta property=\"og:image\" content=\"http:\/\/www.civiltalaica.it\/cms\/wp-content\/uploads\/2012\/09\/censura-300x257.jpg\" \/>\n<meta name=\"author\" content=\"alexjc\" \/>\n<meta name=\"twitter:card\" content=\"summary_large_image\" \/>\n<meta name=\"twitter:label1\" content=\"Scritto da\" \/>\n\t<meta name=\"twitter:data1\" content=\"alexjc\" \/>\n\t<meta name=\"twitter:label2\" content=\"Tempo di lettura stimato\" \/>\n\t<meta name=\"twitter:data2\" content=\"3 minuti\" \/>\n<script type=\"application\/ld+json\" class=\"yoast-schema-graph\">{\"@context\":\"https:\/\/schema.org\",\"@graph\":[{\"@type\":\"Article\",\"@id\":\"https:\/\/www.civiltalaica.it\/cms\/intouchables-ovvero-le-eccezioni-della-satira\/#article\",\"isPartOf\":{\"@id\":\"https:\/\/www.civiltalaica.it\/cms\/intouchables-ovvero-le-eccezioni-della-satira\/\"},\"author\":{\"name\":\"alexjc\",\"@id\":\"https:\/\/www.civiltalaica.it\/cms\/#\/schema\/person\/4efef56f866329a1e0943eb27336df1d\"},\"headline\":\"Intouchables, ovvero le eccezioni della satira\",\"datePublished\":\"2012-09-23T17:31:00+00:00\",\"mainEntityOfPage\":{\"@id\":\"https:\/\/www.civiltalaica.it\/cms\/intouchables-ovvero-le-eccezioni-della-satira\/\"},\"wordCount\":633,\"image\":{\"@id\":\"https:\/\/www.civiltalaica.it\/cms\/intouchables-ovvero-le-eccezioni-della-satira\/#primaryimage\"},\"thumbnailUrl\":\"http:\/\/www.civiltalaica.it\/cms\/wp-content\/uploads\/2012\/09\/censura-300x257.jpg\",\"keywords\":[\"cecilia calamani\",\"censura\",\"maometto\",\"vignette blasfeme\"],\"articleSection\":[\"articoli\",\"in evidenza\"],\"inLanguage\":\"it-IT\"},{\"@type\":\"WebPage\",\"@id\":\"https:\/\/www.civiltalaica.it\/cms\/intouchables-ovvero-le-eccezioni-della-satira\/\",\"url\":\"https:\/\/www.civiltalaica.it\/cms\/intouchables-ovvero-le-eccezioni-della-satira\/\",\"name\":\"Intouchables, ovvero le eccezioni della satira - Associazione Culturale Civilt\u00e0 Laica\",\"isPartOf\":{\"@id\":\"https:\/\/www.civiltalaica.it\/cms\/#website\"},\"primaryImageOfPage\":{\"@id\":\"https:\/\/www.civiltalaica.it\/cms\/intouchables-ovvero-le-eccezioni-della-satira\/#primaryimage\"},\"image\":{\"@id\":\"https:\/\/www.civiltalaica.it\/cms\/intouchables-ovvero-le-eccezioni-della-satira\/#primaryimage\"},\"thumbnailUrl\":\"http:\/\/www.civiltalaica.it\/cms\/wp-content\/uploads\/2012\/09\/censura-300x257.jpg\",\"datePublished\":\"2012-09-23T17:31:00+00:00\",\"author\":{\"@id\":\"https:\/\/www.civiltalaica.it\/cms\/#\/schema\/person\/4efef56f866329a1e0943eb27336df1d\"},\"breadcrumb\":{\"@id\":\"https:\/\/www.civiltalaica.it\/cms\/intouchables-ovvero-le-eccezioni-della-satira\/#breadcrumb\"},\"inLanguage\":\"it-IT\",\"potentialAction\":[{\"@type\":\"ReadAction\",\"target\":[\"https:\/\/www.civiltalaica.it\/cms\/intouchables-ovvero-le-eccezioni-della-satira\/\"]}]},{\"@type\":\"ImageObject\",\"inLanguage\":\"it-IT\",\"@id\":\"https:\/\/www.civiltalaica.it\/cms\/intouchables-ovvero-le-eccezioni-della-satira\/#primaryimage\",\"url\":\"http:\/\/www.civiltalaica.it\/cms\/wp-content\/uploads\/2012\/09\/censura-300x257.jpg\",\"contentUrl\":\"http:\/\/www.civiltalaica.it\/cms\/wp-content\/uploads\/2012\/09\/censura-300x257.jpg\"},{\"@type\":\"BreadcrumbList\",\"@id\":\"https:\/\/www.civiltalaica.it\/cms\/intouchables-ovvero-le-eccezioni-della-satira\/#breadcrumb\",\"itemListElement\":[{\"@type\":\"ListItem\",\"position\":1,\"name\":\"Home\",\"item\":\"https:\/\/www.civiltalaica.it\/cms\/\"},{\"@type\":\"ListItem\",\"position\":2,\"name\":\"Intouchables, ovvero le eccezioni della satira\"}]},{\"@type\":\"WebSite\",\"@id\":\"https:\/\/www.civiltalaica.it\/cms\/#website\",\"url\":\"https:\/\/www.civiltalaica.it\/cms\/\",\"name\":\"Associazione Culturale Civilt\u00e0 Laica\",\"description\":\"Per un movimento culturale volto a difendere la Laicit\u00e0 dello Stato.\",\"potentialAction\":[{\"@type\":\"SearchAction\",\"target\":{\"@type\":\"EntryPoint\",\"urlTemplate\":\"https:\/\/www.civiltalaica.it\/cms\/?s={search_term_string}\"},\"query-input\":{\"@type\":\"PropertyValueSpecification\",\"valueRequired\":true,\"valueName\":\"search_term_string\"}}],\"inLanguage\":\"it-IT\"},{\"@type\":\"Person\",\"@id\":\"https:\/\/www.civiltalaica.it\/cms\/#\/schema\/person\/4efef56f866329a1e0943eb27336df1d\",\"name\":\"alexjc\",\"url\":\"https:\/\/www.civiltalaica.it\/cms\/author\/alexjc\/\"}]}<\/script>\n<!-- \/ Yoast SEO plugin. -->","yoast_head_json":{"title":"Intouchables, ovvero le eccezioni della satira - Associazione Culturale Civilt\u00e0 Laica","robots":{"index":"index","follow":"follow","max-snippet":"max-snippet:-1","max-image-preview":"max-image-preview:large","max-video-preview":"max-video-preview:-1"},"canonical":"https:\/\/www.civiltalaica.it\/cms\/intouchables-ovvero-le-eccezioni-della-satira\/","og_locale":"it_IT","og_type":"article","og_title":"Intouchables, ovvero le eccezioni della satira - Associazione Culturale Civilt\u00e0 Laica","og_description":"\u00abSe cominciamo a chiederci se abbiamo il diritto di disegnare o meno Maometto, se \u00e8 pericoloso oppure no, la domanda successiva sarebbe &#8220;possiamo rappresentare dei musulmani nel giornale?&#8221;, e quindi la domanda diventer\u00e0 &#8220;per caso possiamo rappresentare degli esseri umani nel giornale?&#8221; ecc. E alla fine non disegneremmo pi\u00f9 niente, e il manipolo di estremisti [&hellip;]","og_url":"https:\/\/www.civiltalaica.it\/cms\/intouchables-ovvero-le-eccezioni-della-satira\/","og_site_name":"Associazione Culturale Civilt\u00e0 Laica","article_publisher":"https:\/\/www.facebook.com\/civiltalaica","article_published_time":"2012-09-23T17:31:00+00:00","og_image":[{"url":"http:\/\/www.civiltalaica.it\/cms\/wp-content\/uploads\/2012\/09\/censura-300x257.jpg","type":"","width":"","height":""}],"author":"alexjc","twitter_card":"summary_large_image","twitter_misc":{"Scritto da":"alexjc","Tempo di lettura stimato":"3 minuti"},"schema":{"@context":"https:\/\/schema.org","@graph":[{"@type":"Article","@id":"https:\/\/www.civiltalaica.it\/cms\/intouchables-ovvero-le-eccezioni-della-satira\/#article","isPartOf":{"@id":"https:\/\/www.civiltalaica.it\/cms\/intouchables-ovvero-le-eccezioni-della-satira\/"},"author":{"name":"alexjc","@id":"https:\/\/www.civiltalaica.it\/cms\/#\/schema\/person\/4efef56f866329a1e0943eb27336df1d"},"headline":"Intouchables, ovvero le eccezioni della satira","datePublished":"2012-09-23T17:31:00+00:00","mainEntityOfPage":{"@id":"https:\/\/www.civiltalaica.it\/cms\/intouchables-ovvero-le-eccezioni-della-satira\/"},"wordCount":633,"image":{"@id":"https:\/\/www.civiltalaica.it\/cms\/intouchables-ovvero-le-eccezioni-della-satira\/#primaryimage"},"thumbnailUrl":"http:\/\/www.civiltalaica.it\/cms\/wp-content\/uploads\/2012\/09\/censura-300x257.jpg","keywords":["cecilia calamani","censura","maometto","vignette blasfeme"],"articleSection":["articoli","in evidenza"],"inLanguage":"it-IT"},{"@type":"WebPage","@id":"https:\/\/www.civiltalaica.it\/cms\/intouchables-ovvero-le-eccezioni-della-satira\/","url":"https:\/\/www.civiltalaica.it\/cms\/intouchables-ovvero-le-eccezioni-della-satira\/","name":"Intouchables, ovvero le eccezioni della satira - Associazione Culturale Civilt\u00e0 Laica","isPartOf":{"@id":"https:\/\/www.civiltalaica.it\/cms\/#website"},"primaryImageOfPage":{"@id":"https:\/\/www.civiltalaica.it\/cms\/intouchables-ovvero-le-eccezioni-della-satira\/#primaryimage"},"image":{"@id":"https:\/\/www.civiltalaica.it\/cms\/intouchables-ovvero-le-eccezioni-della-satira\/#primaryimage"},"thumbnailUrl":"http:\/\/www.civiltalaica.it\/cms\/wp-content\/uploads\/2012\/09\/censura-300x257.jpg","datePublished":"2012-09-23T17:31:00+00:00","author":{"@id":"https:\/\/www.civiltalaica.it\/cms\/#\/schema\/person\/4efef56f866329a1e0943eb27336df1d"},"breadcrumb":{"@id":"https:\/\/www.civiltalaica.it\/cms\/intouchables-ovvero-le-eccezioni-della-satira\/#breadcrumb"},"inLanguage":"it-IT","potentialAction":[{"@type":"ReadAction","target":["https:\/\/www.civiltalaica.it\/cms\/intouchables-ovvero-le-eccezioni-della-satira\/"]}]},{"@type":"ImageObject","inLanguage":"it-IT","@id":"https:\/\/www.civiltalaica.it\/cms\/intouchables-ovvero-le-eccezioni-della-satira\/#primaryimage","url":"http:\/\/www.civiltalaica.it\/cms\/wp-content\/uploads\/2012\/09\/censura-300x257.jpg","contentUrl":"http:\/\/www.civiltalaica.it\/cms\/wp-content\/uploads\/2012\/09\/censura-300x257.jpg"},{"@type":"BreadcrumbList","@id":"https:\/\/www.civiltalaica.it\/cms\/intouchables-ovvero-le-eccezioni-della-satira\/#breadcrumb","itemListElement":[{"@type":"ListItem","position":1,"name":"Home","item":"https:\/\/www.civiltalaica.it\/cms\/"},{"@type":"ListItem","position":2,"name":"Intouchables, ovvero le eccezioni della satira"}]},{"@type":"WebSite","@id":"https:\/\/www.civiltalaica.it\/cms\/#website","url":"https:\/\/www.civiltalaica.it\/cms\/","name":"Associazione Culturale Civilt\u00e0 Laica","description":"Per un movimento culturale volto a difendere la Laicit\u00e0 dello Stato.","potentialAction":[{"@type":"SearchAction","target":{"@type":"EntryPoint","urlTemplate":"https:\/\/www.civiltalaica.it\/cms\/?s={search_term_string}"},"query-input":{"@type":"PropertyValueSpecification","valueRequired":true,"valueName":"search_term_string"}}],"inLanguage":"it-IT"},{"@type":"Person","@id":"https:\/\/www.civiltalaica.it\/cms\/#\/schema\/person\/4efef56f866329a1e0943eb27336df1d","name":"alexjc","url":"https:\/\/www.civiltalaica.it\/cms\/author\/alexjc\/"}]}},"_links":{"self":[{"href":"https:\/\/www.civiltalaica.it\/cms\/wp-json\/wp\/v2\/posts\/10841","targetHints":{"allow":["GET"]}}],"collection":[{"href":"https:\/\/www.civiltalaica.it\/cms\/wp-json\/wp\/v2\/posts"}],"about":[{"href":"https:\/\/www.civiltalaica.it\/cms\/wp-json\/wp\/v2\/types\/post"}],"author":[{"embeddable":true,"href":"https:\/\/www.civiltalaica.it\/cms\/wp-json\/wp\/v2\/users\/7"}],"replies":[{"embeddable":true,"href":"https:\/\/www.civiltalaica.it\/cms\/wp-json\/wp\/v2\/comments?post=10841"}],"version-history":[{"count":0,"href":"https:\/\/www.civiltalaica.it\/cms\/wp-json\/wp\/v2\/posts\/10841\/revisions"}],"wp:attachment":[{"href":"https:\/\/www.civiltalaica.it\/cms\/wp-json\/wp\/v2\/media?parent=10841"}],"wp:term":[{"taxonomy":"category","embeddable":true,"href":"https:\/\/www.civiltalaica.it\/cms\/wp-json\/wp\/v2\/categories?post=10841"},{"taxonomy":"post_tag","embeddable":true,"href":"https:\/\/www.civiltalaica.it\/cms\/wp-json\/wp\/v2\/tags?post=10841"}],"curies":[{"name":"wp","href":"https:\/\/api.w.org\/{rel}","templated":true}]}}