{"id":10835,"date":"2012-09-19T17:48:28","date_gmt":"2012-09-19T17:48:28","guid":{"rendered":"http:\/\/www.civiltalaica.it\/cms\/?p=10835"},"modified":"2012-09-19T17:48:28","modified_gmt":"2012-09-19T17:48:28","slug":"prometheus-se-ce-un-dio-meglio-non-cercarlo","status":"publish","type":"post","link":"https:\/\/www.civiltalaica.it\/cms\/prometheus-se-ce-un-dio-meglio-non-cercarlo\/","title":{"rendered":"Prometheus, se c\u2019\u00e8 un dio meglio non cercarlo"},"content":{"rendered":"<p>[<em>Attenzione: la recensione contiene spoiler<\/em>]<br \/>Dopo oltre trent\u2019anni Ridley Scott riprende in mano la sua creatura e decide di raccontare in un prequel il mistero che stava dietro al misterioso messaggio che causa i terrificanti eventi di cui sono protagonisti gli occupanti della nave spaziale Nostromo che hanno appassionato gli amanti della fantascienza di tutto il mondo.<!--more--><\/p>\n<p><a href=\"http:\/\/www.civiltalaica.it\/cms\/wp-content\/uploads\/2012\/09\/prometheus.jpg\"><img loading=\"lazy\" decoding=\"async\" class=\"alignleft size-medium wp-image-10836\" title=\"prometheus\" src=\"http:\/\/www.civiltalaica.it\/cms\/wp-content\/uploads\/2012\/09\/prometheus-300x168.jpg\" alt=\"\" width=\"300\" height=\"168\" srcset=\"https:\/\/www.civiltalaica.it\/cms\/wp-content\/uploads\/2012\/09\/prometheus-300x168.jpg 300w, https:\/\/www.civiltalaica.it\/cms\/wp-content\/uploads\/2012\/09\/prometheus.jpg 635w\" sizes=\"auto, (max-width: 300px) 100vw, 300px\" \/><\/a>Alien (1979) \u00e8 un classico della fantascienza, uno di quelli che ha cambiato per sempre il genere. Non \u00e8 l\u2019unico fiore all\u2019occhiello del regista che pu\u00f2 avere nel suo curriculum titoli come Thelma e Louise, Il Gladiatore, Blade Runner e Le Crociate solo per citare quelli pi\u00f9 di successo.<\/p>\n<p>Il film ha conosciuto due sequel pi\u00f9 che decenti: Aliens di James Cameron e Alien<sup>3<\/sup> di David Fincher. Di Alien Resurrection e degli spin off con la serie Predator meglio invece non parlare e stendere il classico velo pietoso.<\/p>\n<p>Prometheus invece \u00e8 un prequel e racconta di come due scienziati assolutamente credenti, Elizabeth (Noomi Rapace) e Charlie (Logan Marshall-Green) scoprano un messaggio comune nelle antiche civilt\u00e0 terrestri: l&#8217;indicazione di una precisa costellazione in cui \u00e8 presente un pianeta simile alla Terra. Trovati i finanziamenti per il lungo viaggio grazie a un mentore appassionato delle domande con la D maiuscola (chi siamo, da dove veniamo, perch\u00e9 esistiamo) partono a bordo della nave Prometheus, guidata da Meredith Vickers (una Charlize Theron in forma olimpica), per andare a conoscere quelli che chiamano \u201cgli ingegneri\u201d e porre queste domande direttamente a loro.<\/p>\n<p>Gli ingegneri sono in effetti coloro che hanno dato il via alla formazione della vita sulla Terra, lo spettatore lo apprende nella prima scena del film, tuttavia in quello che la coppia di scienziati presumeva essere il loro pianeta natale qualcosa \u00e8 andato storto perch\u00e9 sono di fronte alla scena post- epidemia o qualcosa di simile.<\/p>\n<p>Forse piuttosto che cercare i propri ingegneri i due scienziati dovrebbero semplicemente ascoltare l\u2019androide David (Michael Fassbender) che viaggia con loro; memorabile \u00e8 lo scambio di battute in cui l\u2019androide chiede (in realt\u00e0 con un secondo fine) al deluso Charlie per quale motivo ci tenga cos\u00ec tanto a conoscere il proprio creatore, Charlie risponde \u00abperch\u00e9 potremmo chiedergli per quale motivo ci ha creato e viviamo\u00bb, e alla domanda \u00abperch\u00e9 avete creato me? \u00bb non si rende conto che la sua risposta \u00abperch\u00e9 ne eravamo capaci\u00bb ridicolizza la missione che si sono preposti.<\/p>\n<p>David come androide \u00e8 molto curioso, troppo per la sua natura, ed \u00e8 chiaro che ha una missione speciale affidatagli dal suo programmatore Peter Weyland, capo della fondazione che finanzia il viaggio. Le sue azioni (e in questo il film ricalca molto l\u2019Alien del 1979) causeranno il diffondersi degli \u201calieni\u201d che altro non sono che il risultato di ingegneria genetica volta alla creazione di armi di distruzione di massa. Armi che fra l\u2019altro erano destinate proprio alla Terra, la cui evoluzione evidentemente non \u00e8 piaciuta a questi ingegneri ed avevano deciso di porre fine al progetto umano; per nostra fortuna le armi di distruzione di massa gli erano scoppiate in casa proprio al momento del decollo! L\u2019arrivo degli umani sul pianeta rimette in condizione l\u2019ultimo sopravissuto ibernato di riavviare il progetto di distruzione, ma ovviamente (dato che poi la storia prosegue negli Alien successivi) i nostri eroi riescono ad avere la meglio dell\u2019ingegnere.<\/p>\n<p>Il film lascia aperte tutte le domande su chi siano gli ingegneri, sul perch\u00e9 abbiano dato origine alla vita sulla Terra, perch\u00e9 abbiano deciso di mettergli fine e soprattutto niente si sa su chi abbia creato gli ingegneri&#8230; Darwin \u00e8 quindi salvo, magari su un altro pianeta.<\/p>\n<p>Il film vale tutti gli euro del biglietto e anche qualcuno di pi\u00f9, tuttavia presenta alcune incongruenze che agli alienofili non possono sfuggire.<\/p>\n<p>Prometheus finisce con Elizabeth che si salva e parte per continuare la sua ricerca degli alieni lasciando sul pianeta il messaggio di allerta che invita a non atterrare, quello che non coincide \u00e8 che questo \u00e8 lanciato dal modulo di salvataggio di Prometheus e non dall\u2019astronave aliena verso quale si dirigono a colpo sicuro trent\u2019anni dopo i viaggiatori del Nostromo.<\/p>\n<p>Il gigantesco alieno che trovano in Alien \u00e8 squartato sul ponte di comando dell\u2019astronave aliena con il casco da viaggio indossato (cosa che lo rende simile a una gigantesca mosca), mentre in questo film il gigante muore senza casco nel modulo di salvataggio del Prometheus. Difficile far coincidere le cose a meno che non si rivoluzioni tutto con il secondo prequel che uscir\u00e0 nel 2014&#8230; ma ci sembra davvero arduo.<\/p>\n<p>Infine un ulteriore incongruenza si ha con l\u2019ultimo sequel, Alien Resurrection, che ambientato due secoli e mezzo dopo gli eventi di Alien mostra una razza umana sempre pi\u00f9 in espansione ma che non ha trovato nessuna traccia dei giganteschi ingegneri, i quali come si vede in Prometheus erano diffusi in ogni angolo dell\u2019universo. Ma forse a questo si pu\u00f2 ovviare dichiarando eretico il quarto capitolo e accontentandosi di tre film e un paio di prequel ben riusciti.<\/p>\n<p>Degli spin off con Predator poi si potrebbe cominciare a raccogliere le firme per bruciare le pellicole e farli scomparire gradualmente dalla memoria umana&#8230; scherziamo ovviamente, che chi brucia i film o i libri poi finisce per bruciare gli uomini, e qui abbiamo gi\u00e0 le domande con la D maiuscola di cui preoccuparci!<\/p>\n<p>&nbsp;<\/p>\n<p><strong>J. Mnemonic<\/strong><\/p>\n<p>&nbsp;<\/p>\n","protected":false},"excerpt":{"rendered":"<p>[Attenzione: la recensione contiene spoiler]Dopo oltre trent\u2019anni Ridley Scott riprende in mano la sua creatura e decide di raccontare in un prequel il mistero che stava dietro al misterioso messaggio che causa i terrificanti eventi di cui sono protagonisti gli occupanti della nave spaziale Nostromo che hanno appassionato gli amanti della fantascienza di tutto il [&hellip;]<\/p>\n","protected":false},"author":7,"featured_media":0,"comment_status":"closed","ping_status":"closed","sticky":false,"template":"","format":"standard","meta":{"footnotes":""},"categories":[238,231],"tags":[1108,10,71,1107,1109],"class_list":["post-10835","post","type-post","status-publish","format-standard","hentry","category-articoli","category-recensioni","tag-alien","tag-film","tag-j-mnemonic","tag-prometheus","tag-ridley-scott"],"yoast_head":"<!-- This site is optimized with the Yoast SEO plugin v27.1.1 - https:\/\/yoast.com\/product\/yoast-seo-wordpress\/ -->\n<title>Prometheus, se c\u2019\u00e8 un dio meglio non cercarlo - Associazione Culturale Civilt\u00e0 Laica<\/title>\n<meta name=\"robots\" content=\"index, follow, max-snippet:-1, max-image-preview:large, max-video-preview:-1\" \/>\n<link rel=\"canonical\" href=\"https:\/\/www.civiltalaica.it\/cms\/prometheus-se-ce-un-dio-meglio-non-cercarlo\/\" \/>\n<meta property=\"og:locale\" content=\"it_IT\" \/>\n<meta property=\"og:type\" content=\"article\" \/>\n<meta property=\"og:title\" content=\"Prometheus, se c\u2019\u00e8 un dio meglio non cercarlo - Associazione Culturale Civilt\u00e0 Laica\" \/>\n<meta property=\"og:description\" content=\"[Attenzione: la recensione contiene spoiler]Dopo oltre trent\u2019anni Ridley Scott riprende in mano la sua creatura e decide di raccontare in un prequel il mistero che stava dietro al misterioso messaggio che causa i terrificanti eventi di cui sono protagonisti gli occupanti della nave spaziale Nostromo che hanno appassionato gli amanti della fantascienza di tutto il [&hellip;]\" \/>\n<meta property=\"og:url\" content=\"https:\/\/www.civiltalaica.it\/cms\/prometheus-se-ce-un-dio-meglio-non-cercarlo\/\" \/>\n<meta property=\"og:site_name\" content=\"Associazione Culturale Civilt\u00e0 Laica\" \/>\n<meta property=\"article:publisher\" content=\"https:\/\/www.facebook.com\/civiltalaica\" \/>\n<meta property=\"article:published_time\" content=\"2012-09-19T17:48:28+00:00\" \/>\n<meta property=\"og:image\" content=\"http:\/\/www.civiltalaica.it\/cms\/wp-content\/uploads\/2012\/09\/prometheus-300x168.jpg\" \/>\n<meta name=\"author\" content=\"alexjc\" \/>\n<meta name=\"twitter:card\" content=\"summary_large_image\" \/>\n<meta name=\"twitter:label1\" content=\"Scritto da\" \/>\n\t<meta name=\"twitter:data1\" content=\"alexjc\" \/>\n\t<meta name=\"twitter:label2\" content=\"Tempo di lettura stimato\" \/>\n\t<meta name=\"twitter:data2\" content=\"4 minuti\" \/>\n<script type=\"application\/ld+json\" class=\"yoast-schema-graph\">{\"@context\":\"https:\/\/schema.org\",\"@graph\":[{\"@type\":\"Article\",\"@id\":\"https:\/\/www.civiltalaica.it\/cms\/prometheus-se-ce-un-dio-meglio-non-cercarlo\/#article\",\"isPartOf\":{\"@id\":\"https:\/\/www.civiltalaica.it\/cms\/prometheus-se-ce-un-dio-meglio-non-cercarlo\/\"},\"author\":{\"name\":\"alexjc\",\"@id\":\"https:\/\/www.civiltalaica.it\/cms\/#\/schema\/person\/4efef56f866329a1e0943eb27336df1d\"},\"headline\":\"Prometheus, se c\u2019\u00e8 un dio meglio non cercarlo\",\"datePublished\":\"2012-09-19T17:48:28+00:00\",\"mainEntityOfPage\":{\"@id\":\"https:\/\/www.civiltalaica.it\/cms\/prometheus-se-ce-un-dio-meglio-non-cercarlo\/\"},\"wordCount\":885,\"image\":{\"@id\":\"https:\/\/www.civiltalaica.it\/cms\/prometheus-se-ce-un-dio-meglio-non-cercarlo\/#primaryimage\"},\"thumbnailUrl\":\"http:\/\/www.civiltalaica.it\/cms\/wp-content\/uploads\/2012\/09\/prometheus-300x168.jpg\",\"keywords\":[\"alien\",\"Film\",\"j mnemonic\",\"prometheus\",\"ridley scott\"],\"articleSection\":[\"articoli\",\"recensioni\"],\"inLanguage\":\"it-IT\"},{\"@type\":\"WebPage\",\"@id\":\"https:\/\/www.civiltalaica.it\/cms\/prometheus-se-ce-un-dio-meglio-non-cercarlo\/\",\"url\":\"https:\/\/www.civiltalaica.it\/cms\/prometheus-se-ce-un-dio-meglio-non-cercarlo\/\",\"name\":\"Prometheus, se c\u2019\u00e8 un dio meglio non cercarlo - Associazione Culturale Civilt\u00e0 Laica\",\"isPartOf\":{\"@id\":\"https:\/\/www.civiltalaica.it\/cms\/#website\"},\"primaryImageOfPage\":{\"@id\":\"https:\/\/www.civiltalaica.it\/cms\/prometheus-se-ce-un-dio-meglio-non-cercarlo\/#primaryimage\"},\"image\":{\"@id\":\"https:\/\/www.civiltalaica.it\/cms\/prometheus-se-ce-un-dio-meglio-non-cercarlo\/#primaryimage\"},\"thumbnailUrl\":\"http:\/\/www.civiltalaica.it\/cms\/wp-content\/uploads\/2012\/09\/prometheus-300x168.jpg\",\"datePublished\":\"2012-09-19T17:48:28+00:00\",\"author\":{\"@id\":\"https:\/\/www.civiltalaica.it\/cms\/#\/schema\/person\/4efef56f866329a1e0943eb27336df1d\"},\"breadcrumb\":{\"@id\":\"https:\/\/www.civiltalaica.it\/cms\/prometheus-se-ce-un-dio-meglio-non-cercarlo\/#breadcrumb\"},\"inLanguage\":\"it-IT\",\"potentialAction\":[{\"@type\":\"ReadAction\",\"target\":[\"https:\/\/www.civiltalaica.it\/cms\/prometheus-se-ce-un-dio-meglio-non-cercarlo\/\"]}]},{\"@type\":\"ImageObject\",\"inLanguage\":\"it-IT\",\"@id\":\"https:\/\/www.civiltalaica.it\/cms\/prometheus-se-ce-un-dio-meglio-non-cercarlo\/#primaryimage\",\"url\":\"http:\/\/www.civiltalaica.it\/cms\/wp-content\/uploads\/2012\/09\/prometheus-300x168.jpg\",\"contentUrl\":\"http:\/\/www.civiltalaica.it\/cms\/wp-content\/uploads\/2012\/09\/prometheus-300x168.jpg\"},{\"@type\":\"BreadcrumbList\",\"@id\":\"https:\/\/www.civiltalaica.it\/cms\/prometheus-se-ce-un-dio-meglio-non-cercarlo\/#breadcrumb\",\"itemListElement\":[{\"@type\":\"ListItem\",\"position\":1,\"name\":\"Home\",\"item\":\"https:\/\/www.civiltalaica.it\/cms\/\"},{\"@type\":\"ListItem\",\"position\":2,\"name\":\"Prometheus, se c\u2019\u00e8 un dio meglio non cercarlo\"}]},{\"@type\":\"WebSite\",\"@id\":\"https:\/\/www.civiltalaica.it\/cms\/#website\",\"url\":\"https:\/\/www.civiltalaica.it\/cms\/\",\"name\":\"Associazione Culturale Civilt\u00e0 Laica\",\"description\":\"Per un movimento culturale volto a difendere la Laicit\u00e0 dello Stato.\",\"potentialAction\":[{\"@type\":\"SearchAction\",\"target\":{\"@type\":\"EntryPoint\",\"urlTemplate\":\"https:\/\/www.civiltalaica.it\/cms\/?s={search_term_string}\"},\"query-input\":{\"@type\":\"PropertyValueSpecification\",\"valueRequired\":true,\"valueName\":\"search_term_string\"}}],\"inLanguage\":\"it-IT\"},{\"@type\":\"Person\",\"@id\":\"https:\/\/www.civiltalaica.it\/cms\/#\/schema\/person\/4efef56f866329a1e0943eb27336df1d\",\"name\":\"alexjc\",\"url\":\"https:\/\/www.civiltalaica.it\/cms\/author\/alexjc\/\"}]}<\/script>\n<!-- \/ Yoast SEO plugin. -->","yoast_head_json":{"title":"Prometheus, se c\u2019\u00e8 un dio meglio non cercarlo - Associazione Culturale Civilt\u00e0 Laica","robots":{"index":"index","follow":"follow","max-snippet":"max-snippet:-1","max-image-preview":"max-image-preview:large","max-video-preview":"max-video-preview:-1"},"canonical":"https:\/\/www.civiltalaica.it\/cms\/prometheus-se-ce-un-dio-meglio-non-cercarlo\/","og_locale":"it_IT","og_type":"article","og_title":"Prometheus, se c\u2019\u00e8 un dio meglio non cercarlo - Associazione Culturale Civilt\u00e0 Laica","og_description":"[Attenzione: la recensione contiene spoiler]Dopo oltre trent\u2019anni Ridley Scott riprende in mano la sua creatura e decide di raccontare in un prequel il mistero che stava dietro al misterioso messaggio che causa i terrificanti eventi di cui sono protagonisti gli occupanti della nave spaziale Nostromo che hanno appassionato gli amanti della fantascienza di tutto il [&hellip;]","og_url":"https:\/\/www.civiltalaica.it\/cms\/prometheus-se-ce-un-dio-meglio-non-cercarlo\/","og_site_name":"Associazione Culturale Civilt\u00e0 Laica","article_publisher":"https:\/\/www.facebook.com\/civiltalaica","article_published_time":"2012-09-19T17:48:28+00:00","og_image":[{"url":"http:\/\/www.civiltalaica.it\/cms\/wp-content\/uploads\/2012\/09\/prometheus-300x168.jpg","type":"","width":"","height":""}],"author":"alexjc","twitter_card":"summary_large_image","twitter_misc":{"Scritto da":"alexjc","Tempo di lettura stimato":"4 minuti"},"schema":{"@context":"https:\/\/schema.org","@graph":[{"@type":"Article","@id":"https:\/\/www.civiltalaica.it\/cms\/prometheus-se-ce-un-dio-meglio-non-cercarlo\/#article","isPartOf":{"@id":"https:\/\/www.civiltalaica.it\/cms\/prometheus-se-ce-un-dio-meglio-non-cercarlo\/"},"author":{"name":"alexjc","@id":"https:\/\/www.civiltalaica.it\/cms\/#\/schema\/person\/4efef56f866329a1e0943eb27336df1d"},"headline":"Prometheus, se c\u2019\u00e8 un dio meglio non cercarlo","datePublished":"2012-09-19T17:48:28+00:00","mainEntityOfPage":{"@id":"https:\/\/www.civiltalaica.it\/cms\/prometheus-se-ce-un-dio-meglio-non-cercarlo\/"},"wordCount":885,"image":{"@id":"https:\/\/www.civiltalaica.it\/cms\/prometheus-se-ce-un-dio-meglio-non-cercarlo\/#primaryimage"},"thumbnailUrl":"http:\/\/www.civiltalaica.it\/cms\/wp-content\/uploads\/2012\/09\/prometheus-300x168.jpg","keywords":["alien","Film","j mnemonic","prometheus","ridley scott"],"articleSection":["articoli","recensioni"],"inLanguage":"it-IT"},{"@type":"WebPage","@id":"https:\/\/www.civiltalaica.it\/cms\/prometheus-se-ce-un-dio-meglio-non-cercarlo\/","url":"https:\/\/www.civiltalaica.it\/cms\/prometheus-se-ce-un-dio-meglio-non-cercarlo\/","name":"Prometheus, se c\u2019\u00e8 un dio meglio non cercarlo - Associazione Culturale Civilt\u00e0 Laica","isPartOf":{"@id":"https:\/\/www.civiltalaica.it\/cms\/#website"},"primaryImageOfPage":{"@id":"https:\/\/www.civiltalaica.it\/cms\/prometheus-se-ce-un-dio-meglio-non-cercarlo\/#primaryimage"},"image":{"@id":"https:\/\/www.civiltalaica.it\/cms\/prometheus-se-ce-un-dio-meglio-non-cercarlo\/#primaryimage"},"thumbnailUrl":"http:\/\/www.civiltalaica.it\/cms\/wp-content\/uploads\/2012\/09\/prometheus-300x168.jpg","datePublished":"2012-09-19T17:48:28+00:00","author":{"@id":"https:\/\/www.civiltalaica.it\/cms\/#\/schema\/person\/4efef56f866329a1e0943eb27336df1d"},"breadcrumb":{"@id":"https:\/\/www.civiltalaica.it\/cms\/prometheus-se-ce-un-dio-meglio-non-cercarlo\/#breadcrumb"},"inLanguage":"it-IT","potentialAction":[{"@type":"ReadAction","target":["https:\/\/www.civiltalaica.it\/cms\/prometheus-se-ce-un-dio-meglio-non-cercarlo\/"]}]},{"@type":"ImageObject","inLanguage":"it-IT","@id":"https:\/\/www.civiltalaica.it\/cms\/prometheus-se-ce-un-dio-meglio-non-cercarlo\/#primaryimage","url":"http:\/\/www.civiltalaica.it\/cms\/wp-content\/uploads\/2012\/09\/prometheus-300x168.jpg","contentUrl":"http:\/\/www.civiltalaica.it\/cms\/wp-content\/uploads\/2012\/09\/prometheus-300x168.jpg"},{"@type":"BreadcrumbList","@id":"https:\/\/www.civiltalaica.it\/cms\/prometheus-se-ce-un-dio-meglio-non-cercarlo\/#breadcrumb","itemListElement":[{"@type":"ListItem","position":1,"name":"Home","item":"https:\/\/www.civiltalaica.it\/cms\/"},{"@type":"ListItem","position":2,"name":"Prometheus, se c\u2019\u00e8 un dio meglio non cercarlo"}]},{"@type":"WebSite","@id":"https:\/\/www.civiltalaica.it\/cms\/#website","url":"https:\/\/www.civiltalaica.it\/cms\/","name":"Associazione Culturale Civilt\u00e0 Laica","description":"Per un movimento culturale volto a difendere la Laicit\u00e0 dello Stato.","potentialAction":[{"@type":"SearchAction","target":{"@type":"EntryPoint","urlTemplate":"https:\/\/www.civiltalaica.it\/cms\/?s={search_term_string}"},"query-input":{"@type":"PropertyValueSpecification","valueRequired":true,"valueName":"search_term_string"}}],"inLanguage":"it-IT"},{"@type":"Person","@id":"https:\/\/www.civiltalaica.it\/cms\/#\/schema\/person\/4efef56f866329a1e0943eb27336df1d","name":"alexjc","url":"https:\/\/www.civiltalaica.it\/cms\/author\/alexjc\/"}]}},"_links":{"self":[{"href":"https:\/\/www.civiltalaica.it\/cms\/wp-json\/wp\/v2\/posts\/10835","targetHints":{"allow":["GET"]}}],"collection":[{"href":"https:\/\/www.civiltalaica.it\/cms\/wp-json\/wp\/v2\/posts"}],"about":[{"href":"https:\/\/www.civiltalaica.it\/cms\/wp-json\/wp\/v2\/types\/post"}],"author":[{"embeddable":true,"href":"https:\/\/www.civiltalaica.it\/cms\/wp-json\/wp\/v2\/users\/7"}],"replies":[{"embeddable":true,"href":"https:\/\/www.civiltalaica.it\/cms\/wp-json\/wp\/v2\/comments?post=10835"}],"version-history":[{"count":0,"href":"https:\/\/www.civiltalaica.it\/cms\/wp-json\/wp\/v2\/posts\/10835\/revisions"}],"wp:attachment":[{"href":"https:\/\/www.civiltalaica.it\/cms\/wp-json\/wp\/v2\/media?parent=10835"}],"wp:term":[{"taxonomy":"category","embeddable":true,"href":"https:\/\/www.civiltalaica.it\/cms\/wp-json\/wp\/v2\/categories?post=10835"},{"taxonomy":"post_tag","embeddable":true,"href":"https:\/\/www.civiltalaica.it\/cms\/wp-json\/wp\/v2\/tags?post=10835"}],"curies":[{"name":"wp","href":"https:\/\/api.w.org\/{rel}","templated":true}]}}