{"id":10812,"date":"2012-09-11T17:32:35","date_gmt":"2012-09-11T17:32:35","guid":{"rendered":"http:\/\/www.civiltalaica.it\/cms\/?p=10812"},"modified":"2012-09-11T17:32:35","modified_gmt":"2012-09-11T17:32:35","slug":"la-vera-laicita-e-solo-liberale-e-il-problema-della-tolleranza-e-risolto-gioisci-popolo","status":"publish","type":"post","link":"https:\/\/www.civiltalaica.it\/cms\/la-vera-laicita-e-solo-liberale-e-il-problema-della-tolleranza-e-risolto-gioisci-popolo\/","title":{"rendered":"La vera laicit\u00e0 \u00e8 solo liberale e il problema della tolleranza \u00e8 risolto, gioisci popolo!"},"content":{"rendered":"<p><a href=\"http:\/\/www.civiltalaica.it\/cms\/wp-content\/uploads\/2012\/09\/I-cop-i-laic.jpg\"><img loading=\"lazy\" decoding=\"async\" class=\"alignleft size-thumbnail wp-image-10813\" title=\"I-cop-i-laic\" src=\"http:\/\/www.civiltalaica.it\/cms\/wp-content\/uploads\/2012\/09\/I-cop-i-laic-150x150.jpg\" alt=\"\" width=\"150\" height=\"150\" \/><\/a><\/p>\n<p>Fa sempre piacere sapere che il proprio lavoro \u00e8 oggetto di recensioni e critiche, anche quando non sono proprio positive. Spero che faccia altrettanto piacere avere la replica.<\/p>\n<p>Il lavoro collettivo \u201cI Laic\u201d ad opera della redazione di cronache Laiche di cui faccio parte ha attirato l&#8217;attenzione di <a href=\"http:\/\/notizie.radicali.it\/articolo\/2012-09-11\/intervento\/centocinquanta-sfumature-di-laicit\">Alessandro Litta Modignani su notizie radicali<\/a> , un sito che fa capo a un partito sempre attento alle ragioni laiche.<!--more--><\/p>\n<p>Stupisce dunque, e lo dico sinceramente, una serie di uscite pi\u00f9 che discutibili che ci si potrebbero aspettare da un sito clericale e non certo da uno radicale.<\/p>\n<p>Quando dice che \u201c<span style=\"color: #000000;\"><span style=\"font-family: 'Times New Roman', serif;\"><span style=\"font-size: medium;\"><em>Tutta la storia contemporanea, dalla rivoluzione francese alla guerra civile spagnola, dal nazionalismo al comunismo, \u00e8 costellata dalle violenze e sopraffazioni da parte di culture laiche s\u00ec, ma del tutto illiberali<\/em><\/span><\/span><\/span>\u201c \u00e8 pi\u00f9 che evidente che occorre far chiarezza sui termini, perch\u00e9 laico non \u00e8 solo il contrario di religioso (come farebbe molto piacere a Ratzinger) ma fa parte di una concezione della societ\u00e0 molto pi\u00f9 ampia. Tanto per fare un esempio, nessuno pu\u00f2 dire che l&#8217;URSS era laica, un paese che imponeva a scuola \u201cl&#8217;ateismo scientifico\u201d era ovviamente dogmatico e chiuso quanto un paese che impone l&#8217;ora di religione cattolica obbligatoria. Per il resto manca solo che il Litta Modignani ritiri fuori la favoletta del nazismo ateo e avremmo fatto bingo.<\/p>\n<p>Ma il bello deve ancora venire perch\u00e9 apprendo con stupore la seguente rivelazione\u201d<em>Liberale o illiberale, ecco due buoni aggettivi volti a qualificare in modo decisivo la laicit\u00e0<\/em>\u201d. Le cose sono due: o confonde palesemente i termini liberale e libertario o per il Litta Modigliani la laicit\u00e0 o \u00e8 liberale o non \u00e8. Preferirei che fosse la prima ipotesi ad essere vera, ma nel caso fosse la seconda lo consiglio di leggere con cura il breve saggio di Marcello Ricci (storico radicale ternano, quindi inaccusabile di nazismo o stalinismo) dal titolo \u201cLe vie della laicit\u00e0 da Socrate a Don Gallo\u201dreperibile nel sito di Civilt\u00e0 Laica a <a href=\"http:\/\/www.scribd.com\/doc\/100023512\/Le-Vie-Della-Laicita-Da-Socrate-a-Don-Gallo\">questo link<\/a>. Scoprir\u00e0 che alla laicit\u00e0 si pu\u00f2 arrivare per via liberale, per via socialista, per via socialdemocratica, per via anarchica e finanche per via religiosa.<\/p>\n<p>Alla fine si prende cura del mio articolo \u201c<a href=\"http:\/\/www.civiltalaica.it\/cms\/index.php\/tollerare-o-non-tollerare-questo-e-il-dilemma.html\">tollerare o non tollerare questo il dilemma<\/a>\u201d asserendo in pratica che il dilemma moderno della tolleranza \u00e8 chiuso perch\u00e9 i radicali hanno deciso (da sessant&#8217;anni sic) che in democrazia occorre tollerare gli intolleranti.<\/p>\n<p>Me ne rallegro, ora occorre solo riclassificare tutti i filosofi liberali da Locke a Popper nella categoria antidemocratici. E ovviamente non tollerare chi non tollera gli intolleranti.<\/p>\n<p>&nbsp;<\/p>\n<p><strong>Alessandro Chiometti<\/strong><\/p>\n","protected":false},"excerpt":{"rendered":"<p>Fa sempre piacere sapere che il proprio lavoro \u00e8 oggetto di recensioni e critiche, anche quando non sono proprio positive. Spero che faccia altrettanto piacere avere la replica. Il lavoro collettivo \u201cI Laic\u201d ad opera della redazione di cronache Laiche di cui faccio parte ha attirato l&#8217;attenzione di Alessandro Litta Modignani su notizie radicali , [&hellip;]<\/p>\n","protected":false},"author":7,"featured_media":0,"comment_status":"closed","ping_status":"closed","sticky":false,"template":"","format":"standard","meta":{"footnotes":""},"categories":[238,228],"tags":[],"class_list":["post-10812","post","type-post","status-publish","format-standard","hentry","category-articoli","category-blog"],"yoast_head":"<!-- This site is optimized with the Yoast SEO plugin v27.1.1 - https:\/\/yoast.com\/product\/yoast-seo-wordpress\/ -->\n<title>La vera laicit\u00e0 \u00e8 solo liberale e il problema della tolleranza \u00e8 risolto, gioisci popolo! - Associazione Culturale Civilt\u00e0 Laica<\/title>\n<meta name=\"robots\" content=\"index, follow, max-snippet:-1, max-image-preview:large, max-video-preview:-1\" \/>\n<link rel=\"canonical\" href=\"https:\/\/www.civiltalaica.it\/cms\/la-vera-laicita-e-solo-liberale-e-il-problema-della-tolleranza-e-risolto-gioisci-popolo\/\" \/>\n<meta property=\"og:locale\" content=\"it_IT\" \/>\n<meta property=\"og:type\" content=\"article\" \/>\n<meta property=\"og:title\" content=\"La vera laicit\u00e0 \u00e8 solo liberale e il problema della tolleranza \u00e8 risolto, gioisci popolo! - Associazione Culturale Civilt\u00e0 Laica\" \/>\n<meta property=\"og:description\" content=\"Fa sempre piacere sapere che il proprio lavoro \u00e8 oggetto di recensioni e critiche, anche quando non sono proprio positive. Spero che faccia altrettanto piacere avere la replica. Il lavoro collettivo \u201cI Laic\u201d ad opera della redazione di cronache Laiche di cui faccio parte ha attirato l&#8217;attenzione di Alessandro Litta Modignani su notizie radicali , [&hellip;]\" \/>\n<meta property=\"og:url\" content=\"https:\/\/www.civiltalaica.it\/cms\/la-vera-laicita-e-solo-liberale-e-il-problema-della-tolleranza-e-risolto-gioisci-popolo\/\" \/>\n<meta property=\"og:site_name\" content=\"Associazione Culturale Civilt\u00e0 Laica\" \/>\n<meta property=\"article:publisher\" content=\"https:\/\/www.facebook.com\/civiltalaica\" \/>\n<meta property=\"article:published_time\" content=\"2012-09-11T17:32:35+00:00\" \/>\n<meta property=\"og:image\" content=\"http:\/\/www.civiltalaica.it\/cms\/wp-content\/uploads\/2012\/09\/I-cop-i-laic-150x150.jpg\" \/>\n<meta name=\"author\" content=\"alexjc\" \/>\n<meta name=\"twitter:card\" content=\"summary_large_image\" \/>\n<meta name=\"twitter:label1\" content=\"Scritto da\" \/>\n\t<meta name=\"twitter:data1\" content=\"alexjc\" \/>\n\t<meta name=\"twitter:label2\" content=\"Tempo di lettura stimato\" \/>\n\t<meta name=\"twitter:data2\" content=\"2 minuti\" \/>\n<script type=\"application\/ld+json\" class=\"yoast-schema-graph\">{\"@context\":\"https:\/\/schema.org\",\"@graph\":[{\"@type\":\"Article\",\"@id\":\"https:\/\/www.civiltalaica.it\/cms\/la-vera-laicita-e-solo-liberale-e-il-problema-della-tolleranza-e-risolto-gioisci-popolo\/#article\",\"isPartOf\":{\"@id\":\"https:\/\/www.civiltalaica.it\/cms\/la-vera-laicita-e-solo-liberale-e-il-problema-della-tolleranza-e-risolto-gioisci-popolo\/\"},\"author\":{\"name\":\"alexjc\",\"@id\":\"https:\/\/www.civiltalaica.it\/cms\/#\/schema\/person\/4efef56f866329a1e0943eb27336df1d\"},\"headline\":\"La vera laicit\u00e0 \u00e8 solo liberale e il problema della tolleranza \u00e8 risolto, gioisci popolo!\",\"datePublished\":\"2012-09-11T17:32:35+00:00\",\"mainEntityOfPage\":{\"@id\":\"https:\/\/www.civiltalaica.it\/cms\/la-vera-laicita-e-solo-liberale-e-il-problema-della-tolleranza-e-risolto-gioisci-popolo\/\"},\"wordCount\":430,\"image\":{\"@id\":\"https:\/\/www.civiltalaica.it\/cms\/la-vera-laicita-e-solo-liberale-e-il-problema-della-tolleranza-e-risolto-gioisci-popolo\/#primaryimage\"},\"thumbnailUrl\":\"http:\/\/www.civiltalaica.it\/cms\/wp-content\/uploads\/2012\/09\/I-cop-i-laic-150x150.jpg\",\"articleSection\":[\"articoli\",\"blog\"],\"inLanguage\":\"it-IT\"},{\"@type\":\"WebPage\",\"@id\":\"https:\/\/www.civiltalaica.it\/cms\/la-vera-laicita-e-solo-liberale-e-il-problema-della-tolleranza-e-risolto-gioisci-popolo\/\",\"url\":\"https:\/\/www.civiltalaica.it\/cms\/la-vera-laicita-e-solo-liberale-e-il-problema-della-tolleranza-e-risolto-gioisci-popolo\/\",\"name\":\"La vera laicit\u00e0 \u00e8 solo liberale e il problema della tolleranza \u00e8 risolto, gioisci popolo! - Associazione Culturale Civilt\u00e0 Laica\",\"isPartOf\":{\"@id\":\"https:\/\/www.civiltalaica.it\/cms\/#website\"},\"primaryImageOfPage\":{\"@id\":\"https:\/\/www.civiltalaica.it\/cms\/la-vera-laicita-e-solo-liberale-e-il-problema-della-tolleranza-e-risolto-gioisci-popolo\/#primaryimage\"},\"image\":{\"@id\":\"https:\/\/www.civiltalaica.it\/cms\/la-vera-laicita-e-solo-liberale-e-il-problema-della-tolleranza-e-risolto-gioisci-popolo\/#primaryimage\"},\"thumbnailUrl\":\"http:\/\/www.civiltalaica.it\/cms\/wp-content\/uploads\/2012\/09\/I-cop-i-laic-150x150.jpg\",\"datePublished\":\"2012-09-11T17:32:35+00:00\",\"author\":{\"@id\":\"https:\/\/www.civiltalaica.it\/cms\/#\/schema\/person\/4efef56f866329a1e0943eb27336df1d\"},\"breadcrumb\":{\"@id\":\"https:\/\/www.civiltalaica.it\/cms\/la-vera-laicita-e-solo-liberale-e-il-problema-della-tolleranza-e-risolto-gioisci-popolo\/#breadcrumb\"},\"inLanguage\":\"it-IT\",\"potentialAction\":[{\"@type\":\"ReadAction\",\"target\":[\"https:\/\/www.civiltalaica.it\/cms\/la-vera-laicita-e-solo-liberale-e-il-problema-della-tolleranza-e-risolto-gioisci-popolo\/\"]}]},{\"@type\":\"ImageObject\",\"inLanguage\":\"it-IT\",\"@id\":\"https:\/\/www.civiltalaica.it\/cms\/la-vera-laicita-e-solo-liberale-e-il-problema-della-tolleranza-e-risolto-gioisci-popolo\/#primaryimage\",\"url\":\"http:\/\/www.civiltalaica.it\/cms\/wp-content\/uploads\/2012\/09\/I-cop-i-laic-150x150.jpg\",\"contentUrl\":\"http:\/\/www.civiltalaica.it\/cms\/wp-content\/uploads\/2012\/09\/I-cop-i-laic-150x150.jpg\"},{\"@type\":\"BreadcrumbList\",\"@id\":\"https:\/\/www.civiltalaica.it\/cms\/la-vera-laicita-e-solo-liberale-e-il-problema-della-tolleranza-e-risolto-gioisci-popolo\/#breadcrumb\",\"itemListElement\":[{\"@type\":\"ListItem\",\"position\":1,\"name\":\"Home\",\"item\":\"https:\/\/www.civiltalaica.it\/cms\/\"},{\"@type\":\"ListItem\",\"position\":2,\"name\":\"La vera laicit\u00e0 \u00e8 solo liberale e il problema della tolleranza \u00e8 risolto, gioisci popolo!\"}]},{\"@type\":\"WebSite\",\"@id\":\"https:\/\/www.civiltalaica.it\/cms\/#website\",\"url\":\"https:\/\/www.civiltalaica.it\/cms\/\",\"name\":\"Associazione Culturale Civilt\u00e0 Laica\",\"description\":\"Per un movimento culturale volto a difendere la Laicit\u00e0 dello Stato.\",\"potentialAction\":[{\"@type\":\"SearchAction\",\"target\":{\"@type\":\"EntryPoint\",\"urlTemplate\":\"https:\/\/www.civiltalaica.it\/cms\/?s={search_term_string}\"},\"query-input\":{\"@type\":\"PropertyValueSpecification\",\"valueRequired\":true,\"valueName\":\"search_term_string\"}}],\"inLanguage\":\"it-IT\"},{\"@type\":\"Person\",\"@id\":\"https:\/\/www.civiltalaica.it\/cms\/#\/schema\/person\/4efef56f866329a1e0943eb27336df1d\",\"name\":\"alexjc\",\"url\":\"https:\/\/www.civiltalaica.it\/cms\/author\/alexjc\/\"}]}<\/script>\n<!-- \/ Yoast SEO plugin. -->","yoast_head_json":{"title":"La vera laicit\u00e0 \u00e8 solo liberale e il problema della tolleranza \u00e8 risolto, gioisci popolo! - Associazione Culturale Civilt\u00e0 Laica","robots":{"index":"index","follow":"follow","max-snippet":"max-snippet:-1","max-image-preview":"max-image-preview:large","max-video-preview":"max-video-preview:-1"},"canonical":"https:\/\/www.civiltalaica.it\/cms\/la-vera-laicita-e-solo-liberale-e-il-problema-della-tolleranza-e-risolto-gioisci-popolo\/","og_locale":"it_IT","og_type":"article","og_title":"La vera laicit\u00e0 \u00e8 solo liberale e il problema della tolleranza \u00e8 risolto, gioisci popolo! - Associazione Culturale Civilt\u00e0 Laica","og_description":"Fa sempre piacere sapere che il proprio lavoro \u00e8 oggetto di recensioni e critiche, anche quando non sono proprio positive. Spero che faccia altrettanto piacere avere la replica. Il lavoro collettivo \u201cI Laic\u201d ad opera della redazione di cronache Laiche di cui faccio parte ha attirato l&#8217;attenzione di Alessandro Litta Modignani su notizie radicali , [&hellip;]","og_url":"https:\/\/www.civiltalaica.it\/cms\/la-vera-laicita-e-solo-liberale-e-il-problema-della-tolleranza-e-risolto-gioisci-popolo\/","og_site_name":"Associazione Culturale Civilt\u00e0 Laica","article_publisher":"https:\/\/www.facebook.com\/civiltalaica","article_published_time":"2012-09-11T17:32:35+00:00","og_image":[{"url":"http:\/\/www.civiltalaica.it\/cms\/wp-content\/uploads\/2012\/09\/I-cop-i-laic-150x150.jpg","type":"","width":"","height":""}],"author":"alexjc","twitter_card":"summary_large_image","twitter_misc":{"Scritto da":"alexjc","Tempo di lettura stimato":"2 minuti"},"schema":{"@context":"https:\/\/schema.org","@graph":[{"@type":"Article","@id":"https:\/\/www.civiltalaica.it\/cms\/la-vera-laicita-e-solo-liberale-e-il-problema-della-tolleranza-e-risolto-gioisci-popolo\/#article","isPartOf":{"@id":"https:\/\/www.civiltalaica.it\/cms\/la-vera-laicita-e-solo-liberale-e-il-problema-della-tolleranza-e-risolto-gioisci-popolo\/"},"author":{"name":"alexjc","@id":"https:\/\/www.civiltalaica.it\/cms\/#\/schema\/person\/4efef56f866329a1e0943eb27336df1d"},"headline":"La vera laicit\u00e0 \u00e8 solo liberale e il problema della tolleranza \u00e8 risolto, gioisci popolo!","datePublished":"2012-09-11T17:32:35+00:00","mainEntityOfPage":{"@id":"https:\/\/www.civiltalaica.it\/cms\/la-vera-laicita-e-solo-liberale-e-il-problema-della-tolleranza-e-risolto-gioisci-popolo\/"},"wordCount":430,"image":{"@id":"https:\/\/www.civiltalaica.it\/cms\/la-vera-laicita-e-solo-liberale-e-il-problema-della-tolleranza-e-risolto-gioisci-popolo\/#primaryimage"},"thumbnailUrl":"http:\/\/www.civiltalaica.it\/cms\/wp-content\/uploads\/2012\/09\/I-cop-i-laic-150x150.jpg","articleSection":["articoli","blog"],"inLanguage":"it-IT"},{"@type":"WebPage","@id":"https:\/\/www.civiltalaica.it\/cms\/la-vera-laicita-e-solo-liberale-e-il-problema-della-tolleranza-e-risolto-gioisci-popolo\/","url":"https:\/\/www.civiltalaica.it\/cms\/la-vera-laicita-e-solo-liberale-e-il-problema-della-tolleranza-e-risolto-gioisci-popolo\/","name":"La vera laicit\u00e0 \u00e8 solo liberale e il problema della tolleranza \u00e8 risolto, gioisci popolo! - Associazione Culturale Civilt\u00e0 Laica","isPartOf":{"@id":"https:\/\/www.civiltalaica.it\/cms\/#website"},"primaryImageOfPage":{"@id":"https:\/\/www.civiltalaica.it\/cms\/la-vera-laicita-e-solo-liberale-e-il-problema-della-tolleranza-e-risolto-gioisci-popolo\/#primaryimage"},"image":{"@id":"https:\/\/www.civiltalaica.it\/cms\/la-vera-laicita-e-solo-liberale-e-il-problema-della-tolleranza-e-risolto-gioisci-popolo\/#primaryimage"},"thumbnailUrl":"http:\/\/www.civiltalaica.it\/cms\/wp-content\/uploads\/2012\/09\/I-cop-i-laic-150x150.jpg","datePublished":"2012-09-11T17:32:35+00:00","author":{"@id":"https:\/\/www.civiltalaica.it\/cms\/#\/schema\/person\/4efef56f866329a1e0943eb27336df1d"},"breadcrumb":{"@id":"https:\/\/www.civiltalaica.it\/cms\/la-vera-laicita-e-solo-liberale-e-il-problema-della-tolleranza-e-risolto-gioisci-popolo\/#breadcrumb"},"inLanguage":"it-IT","potentialAction":[{"@type":"ReadAction","target":["https:\/\/www.civiltalaica.it\/cms\/la-vera-laicita-e-solo-liberale-e-il-problema-della-tolleranza-e-risolto-gioisci-popolo\/"]}]},{"@type":"ImageObject","inLanguage":"it-IT","@id":"https:\/\/www.civiltalaica.it\/cms\/la-vera-laicita-e-solo-liberale-e-il-problema-della-tolleranza-e-risolto-gioisci-popolo\/#primaryimage","url":"http:\/\/www.civiltalaica.it\/cms\/wp-content\/uploads\/2012\/09\/I-cop-i-laic-150x150.jpg","contentUrl":"http:\/\/www.civiltalaica.it\/cms\/wp-content\/uploads\/2012\/09\/I-cop-i-laic-150x150.jpg"},{"@type":"BreadcrumbList","@id":"https:\/\/www.civiltalaica.it\/cms\/la-vera-laicita-e-solo-liberale-e-il-problema-della-tolleranza-e-risolto-gioisci-popolo\/#breadcrumb","itemListElement":[{"@type":"ListItem","position":1,"name":"Home","item":"https:\/\/www.civiltalaica.it\/cms\/"},{"@type":"ListItem","position":2,"name":"La vera laicit\u00e0 \u00e8 solo liberale e il problema della tolleranza \u00e8 risolto, gioisci popolo!"}]},{"@type":"WebSite","@id":"https:\/\/www.civiltalaica.it\/cms\/#website","url":"https:\/\/www.civiltalaica.it\/cms\/","name":"Associazione Culturale Civilt\u00e0 Laica","description":"Per un movimento culturale volto a difendere la Laicit\u00e0 dello Stato.","potentialAction":[{"@type":"SearchAction","target":{"@type":"EntryPoint","urlTemplate":"https:\/\/www.civiltalaica.it\/cms\/?s={search_term_string}"},"query-input":{"@type":"PropertyValueSpecification","valueRequired":true,"valueName":"search_term_string"}}],"inLanguage":"it-IT"},{"@type":"Person","@id":"https:\/\/www.civiltalaica.it\/cms\/#\/schema\/person\/4efef56f866329a1e0943eb27336df1d","name":"alexjc","url":"https:\/\/www.civiltalaica.it\/cms\/author\/alexjc\/"}]}},"_links":{"self":[{"href":"https:\/\/www.civiltalaica.it\/cms\/wp-json\/wp\/v2\/posts\/10812","targetHints":{"allow":["GET"]}}],"collection":[{"href":"https:\/\/www.civiltalaica.it\/cms\/wp-json\/wp\/v2\/posts"}],"about":[{"href":"https:\/\/www.civiltalaica.it\/cms\/wp-json\/wp\/v2\/types\/post"}],"author":[{"embeddable":true,"href":"https:\/\/www.civiltalaica.it\/cms\/wp-json\/wp\/v2\/users\/7"}],"replies":[{"embeddable":true,"href":"https:\/\/www.civiltalaica.it\/cms\/wp-json\/wp\/v2\/comments?post=10812"}],"version-history":[{"count":0,"href":"https:\/\/www.civiltalaica.it\/cms\/wp-json\/wp\/v2\/posts\/10812\/revisions"}],"wp:attachment":[{"href":"https:\/\/www.civiltalaica.it\/cms\/wp-json\/wp\/v2\/media?parent=10812"}],"wp:term":[{"taxonomy":"category","embeddable":true,"href":"https:\/\/www.civiltalaica.it\/cms\/wp-json\/wp\/v2\/categories?post=10812"},{"taxonomy":"post_tag","embeddable":true,"href":"https:\/\/www.civiltalaica.it\/cms\/wp-json\/wp\/v2\/tags?post=10812"}],"curies":[{"name":"wp","href":"https:\/\/api.w.org\/{rel}","templated":true}]}}