{"id":10761,"date":"2012-08-21T23:24:17","date_gmt":"2012-08-21T23:24:17","guid":{"rendered":"http:\/\/www.civiltalaica.it\/cms\/?p=10761"},"modified":"2012-08-21T23:24:17","modified_gmt":"2012-08-21T23:24:17","slug":"cosa-ci-siamo-persi","status":"publish","type":"post","link":"https:\/\/www.civiltalaica.it\/cms\/cosa-ci-siamo-persi\/","title":{"rendered":"Cosa ci siamo persi?"},"content":{"rendered":"<p>Diamo una rapida occhiata a cos&#8217;\u00e8 successo nel mondo e nel nostro paese durante la nostra pausa di ferragosto, basta cliccare sui link sottostanti.<!--more--><\/p>\n<p><a href=\"http:\/\/www.civiltalaica.it\/cms\/wp-content\/uploads\/2012\/08\/red1.jpg\"><img loading=\"lazy\" decoding=\"async\" class=\"alignleft size-medium wp-image-10762\" title=\"red1\" src=\"http:\/\/www.civiltalaica.it\/cms\/wp-content\/uploads\/2012\/08\/red1-300x200.jpg\" alt=\"\" width=\"300\" height=\"200\" srcset=\"https:\/\/www.civiltalaica.it\/cms\/wp-content\/uploads\/2012\/08\/red1-300x200.jpg 300w, https:\/\/www.civiltalaica.it\/cms\/wp-content\/uploads\/2012\/08\/red1.jpg 960w\" sizes=\"auto, (max-width: 300px) 100vw, 300px\" \/><\/a>Innanzitutto fa sempre bene ricordare <a href=\"http:\/\/cronachelaiche.globalist.it\/Detail_News_Display?ID=32268&amp;typeb=0&amp;Loid=194&amp;Ferragosto-madonna-mia-non-ti-conosco\">cos&#8217;\u00e8 il ferragosto e perch\u00e9 \u00e8 una festa nazionale<\/a>\u00a0.<\/p>\n<p>A livello internazionale il caso pi\u00f9 clamoroso \u00e8 stata la condanna delle Pussy Riot in Russia, nel nostro paese<a href=\"http:\/\/cronachelaiche.globalist.it\/Detail_News_Display?ID=32510&amp;typeb=0&amp;Pussy-Riot-l-Avvenire-condanna-ingiusta-anzi-no\"> i commenti dei media e degli esponenti cattolici sono stati quanto meno ambigui<\/a>.<\/p>\n<p>A livello italiano invece fa clamore il caso ILVA di Taranto, cosa c&#8217;entra la religione? c&#8217;entra eccome <a href=\"http:\/\/www.ilmanifesto.it\/attualita\/notizie\/mricN\/8312\/\">come spiega benissimo l&#8217;articolo de il manifesto<\/a><\/p>\n<p>La notizia che dovrebbe far felice tutti, ovvero la scoperta di un test prenatale pi\u00f9 semplice per la &#8220;sindrome di Down&#8221;, <a href=\"http:\/\/www.repubblica.it\/salute\/benessere-donna\/gravidanza-e-parto\/2012\/08\/20\/news\/diagnosi_della_sindrome_di_down_in_vendita_primo_test_fai_da_te-41244445\/?ref=HREC2-12\">fa arrabbiare le sedicenti associazioni pro life<\/a>, da loro ormai ci aspettiamo davvero di tutto.<\/p>\n<p>Come del resto da Comunione e Liberazione che per evitare di dover rispondere delle inchieste sul loro esponente (ora) scomodo Formigoni <a href=\"http:\/\/bologna.repubblica.it\/cronaca\/2012\/08\/20\/news\/gay-41225851\/?ref=HREC1-7\">fanno le barricate sulle unioni gay<\/a>, ma ormai vengono criticati anche da <a href=\"http:\/\/www.repubblica.it\/politica\/2012\/08\/21\/news\/famiglia_cristiana-41263359\/?ref=NRCT-41263359-2\">Famiglia Cristiana<\/a> il che \u00e8 tutto dire.<\/p>\n<p>Buona fine estate e buone vacanze a chi ancora se le deve godere.<\/p>\n<p><strong>Lo staff di Civiltalaica.it<\/strong><\/p>\n","protected":false},"excerpt":{"rendered":"<p>Diamo una rapida occhiata a cos&#8217;\u00e8 successo nel mondo e nel nostro paese durante la nostra pausa di ferragosto, basta cliccare sui link sottostanti.<\/p>\n","protected":false},"author":7,"featured_media":0,"comment_status":"closed","ping_status":"closed","sticky":false,"template":"","format":"standard","meta":{"footnotes":""},"categories":[238,235],"tags":[],"class_list":["post-10761","post","type-post","status-publish","format-standard","hentry","category-articoli","category-andata"],"yoast_head":"<!-- This site is optimized with the Yoast SEO plugin v27.1.1 - https:\/\/yoast.com\/product\/yoast-seo-wordpress\/ -->\n<title>Cosa ci siamo persi?  - Associazione Culturale Civilt\u00e0 Laica<\/title>\n<meta name=\"robots\" content=\"index, follow, max-snippet:-1, max-image-preview:large, max-video-preview:-1\" \/>\n<link rel=\"canonical\" href=\"https:\/\/www.civiltalaica.it\/cms\/cosa-ci-siamo-persi\/\" \/>\n<meta property=\"og:locale\" content=\"it_IT\" \/>\n<meta property=\"og:type\" content=\"article\" \/>\n<meta property=\"og:title\" content=\"Cosa ci siamo persi?  - Associazione Culturale Civilt\u00e0 Laica\" \/>\n<meta property=\"og:description\" content=\"Diamo una rapida occhiata a cos&#8217;\u00e8 successo nel mondo e nel nostro paese durante la nostra pausa di ferragosto, basta cliccare sui link sottostanti.\" \/>\n<meta property=\"og:url\" content=\"https:\/\/www.civiltalaica.it\/cms\/cosa-ci-siamo-persi\/\" \/>\n<meta property=\"og:site_name\" content=\"Associazione Culturale Civilt\u00e0 Laica\" \/>\n<meta property=\"article:publisher\" content=\"https:\/\/www.facebook.com\/civiltalaica\" \/>\n<meta property=\"article:published_time\" content=\"2012-08-21T23:24:17+00:00\" \/>\n<meta property=\"og:image\" content=\"http:\/\/www.civiltalaica.it\/cms\/wp-content\/uploads\/2012\/08\/red1-300x200.jpg\" \/>\n<meta name=\"author\" content=\"alexjc\" \/>\n<meta name=\"twitter:card\" content=\"summary_large_image\" \/>\n<meta name=\"twitter:label1\" content=\"Scritto da\" \/>\n\t<meta name=\"twitter:data1\" content=\"alexjc\" \/>\n\t<meta name=\"twitter:label2\" content=\"Tempo di lettura stimato\" \/>\n\t<meta name=\"twitter:data2\" content=\"1 minuto\" \/>\n<script type=\"application\/ld+json\" class=\"yoast-schema-graph\">{\"@context\":\"https:\/\/schema.org\",\"@graph\":[{\"@type\":\"Article\",\"@id\":\"https:\/\/www.civiltalaica.it\/cms\/cosa-ci-siamo-persi\/#article\",\"isPartOf\":{\"@id\":\"https:\/\/www.civiltalaica.it\/cms\/cosa-ci-siamo-persi\/\"},\"author\":{\"name\":\"alexjc\",\"@id\":\"https:\/\/www.civiltalaica.it\/cms\/#\/schema\/person\/4efef56f866329a1e0943eb27336df1d\"},\"headline\":\"Cosa ci siamo persi?\",\"datePublished\":\"2012-08-21T23:24:17+00:00\",\"mainEntityOfPage\":{\"@id\":\"https:\/\/www.civiltalaica.it\/cms\/cosa-ci-siamo-persi\/\"},\"wordCount\":189,\"image\":{\"@id\":\"https:\/\/www.civiltalaica.it\/cms\/cosa-ci-siamo-persi\/#primaryimage\"},\"thumbnailUrl\":\"http:\/\/www.civiltalaica.it\/cms\/wp-content\/uploads\/2012\/08\/red1-300x200.jpg\",\"articleSection\":[\"articoli\",\"come \u00e8 andata?\"],\"inLanguage\":\"it-IT\"},{\"@type\":\"WebPage\",\"@id\":\"https:\/\/www.civiltalaica.it\/cms\/cosa-ci-siamo-persi\/\",\"url\":\"https:\/\/www.civiltalaica.it\/cms\/cosa-ci-siamo-persi\/\",\"name\":\"Cosa ci siamo persi? - Associazione Culturale Civilt\u00e0 Laica\",\"isPartOf\":{\"@id\":\"https:\/\/www.civiltalaica.it\/cms\/#website\"},\"primaryImageOfPage\":{\"@id\":\"https:\/\/www.civiltalaica.it\/cms\/cosa-ci-siamo-persi\/#primaryimage\"},\"image\":{\"@id\":\"https:\/\/www.civiltalaica.it\/cms\/cosa-ci-siamo-persi\/#primaryimage\"},\"thumbnailUrl\":\"http:\/\/www.civiltalaica.it\/cms\/wp-content\/uploads\/2012\/08\/red1-300x200.jpg\",\"datePublished\":\"2012-08-21T23:24:17+00:00\",\"author\":{\"@id\":\"https:\/\/www.civiltalaica.it\/cms\/#\/schema\/person\/4efef56f866329a1e0943eb27336df1d\"},\"breadcrumb\":{\"@id\":\"https:\/\/www.civiltalaica.it\/cms\/cosa-ci-siamo-persi\/#breadcrumb\"},\"inLanguage\":\"it-IT\",\"potentialAction\":[{\"@type\":\"ReadAction\",\"target\":[\"https:\/\/www.civiltalaica.it\/cms\/cosa-ci-siamo-persi\/\"]}]},{\"@type\":\"ImageObject\",\"inLanguage\":\"it-IT\",\"@id\":\"https:\/\/www.civiltalaica.it\/cms\/cosa-ci-siamo-persi\/#primaryimage\",\"url\":\"http:\/\/www.civiltalaica.it\/cms\/wp-content\/uploads\/2012\/08\/red1-300x200.jpg\",\"contentUrl\":\"http:\/\/www.civiltalaica.it\/cms\/wp-content\/uploads\/2012\/08\/red1-300x200.jpg\"},{\"@type\":\"BreadcrumbList\",\"@id\":\"https:\/\/www.civiltalaica.it\/cms\/cosa-ci-siamo-persi\/#breadcrumb\",\"itemListElement\":[{\"@type\":\"ListItem\",\"position\":1,\"name\":\"Home\",\"item\":\"https:\/\/www.civiltalaica.it\/cms\/\"},{\"@type\":\"ListItem\",\"position\":2,\"name\":\"Cosa ci siamo persi?\"}]},{\"@type\":\"WebSite\",\"@id\":\"https:\/\/www.civiltalaica.it\/cms\/#website\",\"url\":\"https:\/\/www.civiltalaica.it\/cms\/\",\"name\":\"Associazione Culturale Civilt\u00e0 Laica\",\"description\":\"Per un movimento culturale volto a difendere la Laicit\u00e0 dello Stato.\",\"potentialAction\":[{\"@type\":\"SearchAction\",\"target\":{\"@type\":\"EntryPoint\",\"urlTemplate\":\"https:\/\/www.civiltalaica.it\/cms\/?s={search_term_string}\"},\"query-input\":{\"@type\":\"PropertyValueSpecification\",\"valueRequired\":true,\"valueName\":\"search_term_string\"}}],\"inLanguage\":\"it-IT\"},{\"@type\":\"Person\",\"@id\":\"https:\/\/www.civiltalaica.it\/cms\/#\/schema\/person\/4efef56f866329a1e0943eb27336df1d\",\"name\":\"alexjc\",\"url\":\"https:\/\/www.civiltalaica.it\/cms\/author\/alexjc\/\"}]}<\/script>\n<!-- \/ Yoast SEO plugin. -->","yoast_head_json":{"title":"Cosa ci siamo persi?  - Associazione Culturale Civilt\u00e0 Laica","robots":{"index":"index","follow":"follow","max-snippet":"max-snippet:-1","max-image-preview":"max-image-preview:large","max-video-preview":"max-video-preview:-1"},"canonical":"https:\/\/www.civiltalaica.it\/cms\/cosa-ci-siamo-persi\/","og_locale":"it_IT","og_type":"article","og_title":"Cosa ci siamo persi?  - Associazione Culturale Civilt\u00e0 Laica","og_description":"Diamo una rapida occhiata a cos&#8217;\u00e8 successo nel mondo e nel nostro paese durante la nostra pausa di ferragosto, basta cliccare sui link sottostanti.","og_url":"https:\/\/www.civiltalaica.it\/cms\/cosa-ci-siamo-persi\/","og_site_name":"Associazione Culturale Civilt\u00e0 Laica","article_publisher":"https:\/\/www.facebook.com\/civiltalaica","article_published_time":"2012-08-21T23:24:17+00:00","og_image":[{"url":"http:\/\/www.civiltalaica.it\/cms\/wp-content\/uploads\/2012\/08\/red1-300x200.jpg","type":"","width":"","height":""}],"author":"alexjc","twitter_card":"summary_large_image","twitter_misc":{"Scritto da":"alexjc","Tempo di lettura stimato":"1 minuto"},"schema":{"@context":"https:\/\/schema.org","@graph":[{"@type":"Article","@id":"https:\/\/www.civiltalaica.it\/cms\/cosa-ci-siamo-persi\/#article","isPartOf":{"@id":"https:\/\/www.civiltalaica.it\/cms\/cosa-ci-siamo-persi\/"},"author":{"name":"alexjc","@id":"https:\/\/www.civiltalaica.it\/cms\/#\/schema\/person\/4efef56f866329a1e0943eb27336df1d"},"headline":"Cosa ci siamo persi?","datePublished":"2012-08-21T23:24:17+00:00","mainEntityOfPage":{"@id":"https:\/\/www.civiltalaica.it\/cms\/cosa-ci-siamo-persi\/"},"wordCount":189,"image":{"@id":"https:\/\/www.civiltalaica.it\/cms\/cosa-ci-siamo-persi\/#primaryimage"},"thumbnailUrl":"http:\/\/www.civiltalaica.it\/cms\/wp-content\/uploads\/2012\/08\/red1-300x200.jpg","articleSection":["articoli","come \u00e8 andata?"],"inLanguage":"it-IT"},{"@type":"WebPage","@id":"https:\/\/www.civiltalaica.it\/cms\/cosa-ci-siamo-persi\/","url":"https:\/\/www.civiltalaica.it\/cms\/cosa-ci-siamo-persi\/","name":"Cosa ci siamo persi? - Associazione Culturale Civilt\u00e0 Laica","isPartOf":{"@id":"https:\/\/www.civiltalaica.it\/cms\/#website"},"primaryImageOfPage":{"@id":"https:\/\/www.civiltalaica.it\/cms\/cosa-ci-siamo-persi\/#primaryimage"},"image":{"@id":"https:\/\/www.civiltalaica.it\/cms\/cosa-ci-siamo-persi\/#primaryimage"},"thumbnailUrl":"http:\/\/www.civiltalaica.it\/cms\/wp-content\/uploads\/2012\/08\/red1-300x200.jpg","datePublished":"2012-08-21T23:24:17+00:00","author":{"@id":"https:\/\/www.civiltalaica.it\/cms\/#\/schema\/person\/4efef56f866329a1e0943eb27336df1d"},"breadcrumb":{"@id":"https:\/\/www.civiltalaica.it\/cms\/cosa-ci-siamo-persi\/#breadcrumb"},"inLanguage":"it-IT","potentialAction":[{"@type":"ReadAction","target":["https:\/\/www.civiltalaica.it\/cms\/cosa-ci-siamo-persi\/"]}]},{"@type":"ImageObject","inLanguage":"it-IT","@id":"https:\/\/www.civiltalaica.it\/cms\/cosa-ci-siamo-persi\/#primaryimage","url":"http:\/\/www.civiltalaica.it\/cms\/wp-content\/uploads\/2012\/08\/red1-300x200.jpg","contentUrl":"http:\/\/www.civiltalaica.it\/cms\/wp-content\/uploads\/2012\/08\/red1-300x200.jpg"},{"@type":"BreadcrumbList","@id":"https:\/\/www.civiltalaica.it\/cms\/cosa-ci-siamo-persi\/#breadcrumb","itemListElement":[{"@type":"ListItem","position":1,"name":"Home","item":"https:\/\/www.civiltalaica.it\/cms\/"},{"@type":"ListItem","position":2,"name":"Cosa ci siamo persi?"}]},{"@type":"WebSite","@id":"https:\/\/www.civiltalaica.it\/cms\/#website","url":"https:\/\/www.civiltalaica.it\/cms\/","name":"Associazione Culturale Civilt\u00e0 Laica","description":"Per un movimento culturale volto a difendere la Laicit\u00e0 dello Stato.","potentialAction":[{"@type":"SearchAction","target":{"@type":"EntryPoint","urlTemplate":"https:\/\/www.civiltalaica.it\/cms\/?s={search_term_string}"},"query-input":{"@type":"PropertyValueSpecification","valueRequired":true,"valueName":"search_term_string"}}],"inLanguage":"it-IT"},{"@type":"Person","@id":"https:\/\/www.civiltalaica.it\/cms\/#\/schema\/person\/4efef56f866329a1e0943eb27336df1d","name":"alexjc","url":"https:\/\/www.civiltalaica.it\/cms\/author\/alexjc\/"}]}},"_links":{"self":[{"href":"https:\/\/www.civiltalaica.it\/cms\/wp-json\/wp\/v2\/posts\/10761","targetHints":{"allow":["GET"]}}],"collection":[{"href":"https:\/\/www.civiltalaica.it\/cms\/wp-json\/wp\/v2\/posts"}],"about":[{"href":"https:\/\/www.civiltalaica.it\/cms\/wp-json\/wp\/v2\/types\/post"}],"author":[{"embeddable":true,"href":"https:\/\/www.civiltalaica.it\/cms\/wp-json\/wp\/v2\/users\/7"}],"replies":[{"embeddable":true,"href":"https:\/\/www.civiltalaica.it\/cms\/wp-json\/wp\/v2\/comments?post=10761"}],"version-history":[{"count":0,"href":"https:\/\/www.civiltalaica.it\/cms\/wp-json\/wp\/v2\/posts\/10761\/revisions"}],"wp:attachment":[{"href":"https:\/\/www.civiltalaica.it\/cms\/wp-json\/wp\/v2\/media?parent=10761"}],"wp:term":[{"taxonomy":"category","embeddable":true,"href":"https:\/\/www.civiltalaica.it\/cms\/wp-json\/wp\/v2\/categories?post=10761"},{"taxonomy":"post_tag","embeddable":true,"href":"https:\/\/www.civiltalaica.it\/cms\/wp-json\/wp\/v2\/tags?post=10761"}],"curies":[{"name":"wp","href":"https:\/\/api.w.org\/{rel}","templated":true}]}}