{"id":10752,"date":"2012-07-31T20:25:46","date_gmt":"2012-07-31T20:25:46","guid":{"rendered":"http:\/\/www.civiltalaica.it\/cms\/?p=10752"},"modified":"2012-07-31T20:25:46","modified_gmt":"2012-07-31T20:25:46","slug":"lobiezione-di-coscienza-era-una-cosa-seria","status":"publish","type":"post","link":"https:\/\/www.civiltalaica.it\/cms\/lobiezione-di-coscienza-era-una-cosa-seria\/","title":{"rendered":"L&#8217;obiezione di coscienza era una cosa seria"},"content":{"rendered":"<p>C&#8217;era un tempo in cui l&#8217;obiettore di coscienza scontava sulla sua pelle il peso delle proprie scelte etiche insindacabili. Erano i tempi in cui il servizio militare di leva era obbligatorio e costringeva tanti ragazzi a sprecare un anno (e anche di pi\u00f9 nei primi decenni della Repubblica) della loro vita per imparare cose (sparare, marciare e il nonnismo soprattutto) che non gli sarebbero, probabilmente, mai servite.<!--more--><\/p>\n<p><img loading=\"lazy\" decoding=\"async\" class=\"alignnone\" title=\"odc\" src=\"http:\/\/s4d2.turboimagehost.com\/t1\/12736907_NEWS_56903.jpg\" alt=\"\" width=\"350\" height=\"300\" \/>I primi obiettori di coscienza a questa usanza barbara scontavano sulla loro pelle la decisione presa con il carcere e l&#8217;interdizione perpetua all&#8217;accesso nei corpi militari o di polizia dello Stato (in questi erano inclusi anche i Forestali e i Vigili Urbani); quest&#8217;ultima limitazione \u00e8 peraltro ancora in vigore a meno che non si rinunci irrevocabilmente al proprio status.<\/p>\n<p>Altri casi di obiezione di coscienza sono quelli che alcuni esponenti del movimento non violento fanno rifiutandosi di pagare quella quote delle tasse che lo Stato italiano devolve agli armamenti. Le conseguenze per costoro sono immediate, sequestro e pignoramento dei beni mobili e immobili.<\/p>\n<p>Oggi Il Comitato Nazionale per la Bioetica ci dice che l&#8217;obiezione di coscienza \u00e8 diventata diritto costituzionale, perch\u00e9 si preoccupa di salvaguardare i medici chirurghi, anestesisti e ginecologi che boicottano la legge 194\/78 sull&#8217;aborto.<\/p>\n<p>C&#8217;\u00e8 qualcosa che non torna.<\/p>\n<p>L&#8217;obiettore di coscienza che ha svolto regolarmente il servizio civile prima del 2004 (anno in cui la leva obbligatoria \u00e8 stata abolita) non pu\u00f2 tutt&#8217;ora avere accesso a quei posti pubblici che prevedono l&#8217;uso delle armi (anche in via del tutto ipotetica come i il Corpo Forestale), mentre altri possono pretendere di farsi assumere dal SSN ben sapendo che l&#8217;aborto nel nostro paese \u00e8 legale?<\/p>\n<p>Ci risulta evidente che qualcuno ha le idee confuse, ci permettiamo di pensare che non siamo noi, per dimostrarlo esaminiamo tre immediate conseguenze di questa \u201cuscita\u201d del Cnb.<\/p>\n<p>Conseguenza numero uno: se \u00e8 un diritto costituzionale l&#8217;obiezione di coscienza, \u00e8 abbastanza chiaro che non ci possono essere coscienze di serie A e coscienze di serie B; quindi \u00e8 evidente che se qualcuno ritiene non etico che lo Stato italiano devolva parte delle sue tasse agli armamenti \u00e8 ben legittimato a non pagare quella quota di tasse. Senza pignoramenti e senza discriminazioni di altro tipo.<\/p>\n<p>Ma andiamo avanti, conseguenza numero due: data la premessa del Cnb ci risultano quantomeno ridicole tutte le posizioni da questo espresse contro l&#8217;autodeterminazione dell&#8217;individuo, contro i testamenti biologici e contro l&#8217;eutanasia. \u00c8 ben ovvio che ogni legge che voglia regolamentare ci\u00f2 che rientra nel campo di una scelta etica, e sfidiamo chiunque a dire che il rifiuto delle cure o la richiesta di aiuto per porre fine alle proprie sofferenze non lo siano, pu\u00f2 essere a questo punto aggirata con l&#8217;obiezione di coscienza. Se domani l&#8217;approvazione del decreto Calabr\u00f2 si aggiungesse alla lunga liste di nefandezze legislative degli ultimi anni \u00e8 ovvio che, secondo quanto sostenuto dal Cnb, si pu\u00f2 fare obiezione di coscienza a quella legge e chiedere immediatamente la sospensione di qualsiasi cura o terapia.<\/p>\n<p>Concludiamo con la conseguenza numero tre: \u00e8 altrettanto ovvio che se di diritti costituzionali si parla non ci pu\u00f2 essere nessuna legge che dica verso quali altre leggi \u00e8 possibile esercitare l&#8217;obiezione di coscienza e quali no (per una logica oseremmo dire lapalissiana). Il risultato \u00e8 che chiunque potrebbe esercitare l&#8217;obiezione di coscienza nel suo lavoro senza che nessuno possa dirgli alcunch\u00e9; il farmacista cattolico pu\u00f2 rifiutarsi di vendere preservativi e anticoncezionali nonostante faccia un servizio pubblico, il cuoco musulmano si rifiuter\u00e0 di cucinare carne di maiale, il bibliotecario ateo di dare in prestito libri di autori cattolici e cos\u00ec via.<\/p>\n<p>Abbiamo esagerato? Non ci sembra, esagera chi vuole in ogni modo aggirare le leggi dello stato che non gli garbano e ha la pretesa che la sua etica sia quella giusta.<\/p>\n<p>Di una cosa dobbiamo dar atto al Cnb, nello stesso documento afferma che il servizio dello Stato deve essere garantito nonostante il diritto all&#8217;obiezione di coscienza, la dimostrazione che anche gli orologi rotti segnano l&#8217;ora giusta due volte al giorno; infatti non dice come lo Stato dovrebbe garantire questo servizio se quasi la totalit\u00e0 dei medici \u00e8 un obiettore e per legge la scelta etica non pu\u00f2 essere discriminante concorsuale.<\/p>\n<p>Cosa pretendere da un orologio rotto?<\/p>\n<p><strong>Alessandro Chiometti<\/strong><\/p>\n","protected":false},"excerpt":{"rendered":"<p>C&#8217;era un tempo in cui l&#8217;obiettore di coscienza scontava sulla sua pelle il peso delle proprie scelte etiche insindacabili. Erano i tempi in cui il servizio militare di leva era obbligatorio e costringeva tanti ragazzi a sprecare un anno (e anche di pi\u00f9 nei primi decenni della Repubblica) della loro vita per imparare cose (sparare, [&hellip;]<\/p>\n","protected":false},"author":7,"featured_media":0,"comment_status":"closed","ping_status":"closed","sticky":false,"template":"","format":"standard","meta":{"footnotes":""},"categories":[238,230],"tags":[196,79,1081,1082,176],"class_list":["post-10752","post","type-post","status-publish","format-standard","hentry","category-articoli","category-attualita","tag-aborto","tag-alessandro-chiometti","tag-cnb","tag-obiettori","tag-obiezione-di-coscienza"],"yoast_head":"<!-- This site is optimized with the Yoast SEO plugin v27.1.1 - https:\/\/yoast.com\/product\/yoast-seo-wordpress\/ -->\n<title>L&#039;obiezione di coscienza era una cosa seria - Associazione Culturale Civilt\u00e0 Laica<\/title>\n<meta name=\"robots\" content=\"index, follow, max-snippet:-1, max-image-preview:large, max-video-preview:-1\" \/>\n<link rel=\"canonical\" href=\"https:\/\/www.civiltalaica.it\/cms\/lobiezione-di-coscienza-era-una-cosa-seria\/\" \/>\n<meta property=\"og:locale\" content=\"it_IT\" \/>\n<meta property=\"og:type\" content=\"article\" \/>\n<meta property=\"og:title\" content=\"L&#039;obiezione di coscienza era una cosa seria - Associazione Culturale Civilt\u00e0 Laica\" \/>\n<meta property=\"og:description\" content=\"C&#8217;era un tempo in cui l&#8217;obiettore di coscienza scontava sulla sua pelle il peso delle proprie scelte etiche insindacabili. Erano i tempi in cui il servizio militare di leva era obbligatorio e costringeva tanti ragazzi a sprecare un anno (e anche di pi\u00f9 nei primi decenni della Repubblica) della loro vita per imparare cose (sparare, [&hellip;]\" \/>\n<meta property=\"og:url\" content=\"https:\/\/www.civiltalaica.it\/cms\/lobiezione-di-coscienza-era-una-cosa-seria\/\" \/>\n<meta property=\"og:site_name\" content=\"Associazione Culturale Civilt\u00e0 Laica\" \/>\n<meta property=\"article:publisher\" content=\"https:\/\/www.facebook.com\/civiltalaica\" \/>\n<meta property=\"article:published_time\" content=\"2012-07-31T20:25:46+00:00\" \/>\n<meta property=\"og:image\" content=\"http:\/\/s4d2.turboimagehost.com\/t1\/12736907_NEWS_56903.jpg\" \/>\n<meta name=\"author\" content=\"alexjc\" \/>\n<meta name=\"twitter:card\" content=\"summary_large_image\" \/>\n<meta name=\"twitter:label1\" content=\"Scritto da\" \/>\n\t<meta name=\"twitter:data1\" content=\"alexjc\" \/>\n\t<meta name=\"twitter:label2\" content=\"Tempo di lettura stimato\" \/>\n\t<meta name=\"twitter:data2\" content=\"3 minuti\" \/>\n<script type=\"application\/ld+json\" class=\"yoast-schema-graph\">{\"@context\":\"https:\/\/schema.org\",\"@graph\":[{\"@type\":\"Article\",\"@id\":\"https:\/\/www.civiltalaica.it\/cms\/lobiezione-di-coscienza-era-una-cosa-seria\/#article\",\"isPartOf\":{\"@id\":\"https:\/\/www.civiltalaica.it\/cms\/lobiezione-di-coscienza-era-una-cosa-seria\/\"},\"author\":{\"name\":\"alexjc\",\"@id\":\"https:\/\/www.civiltalaica.it\/cms\/#\/schema\/person\/4efef56f866329a1e0943eb27336df1d\"},\"headline\":\"L&#8217;obiezione di coscienza era una cosa seria\",\"datePublished\":\"2012-07-31T20:25:46+00:00\",\"mainEntityOfPage\":{\"@id\":\"https:\/\/www.civiltalaica.it\/cms\/lobiezione-di-coscienza-era-una-cosa-seria\/\"},\"wordCount\":696,\"image\":{\"@id\":\"https:\/\/www.civiltalaica.it\/cms\/lobiezione-di-coscienza-era-una-cosa-seria\/#primaryimage\"},\"thumbnailUrl\":\"http:\/\/s4d2.turboimagehost.com\/t1\/12736907_NEWS_56903.jpg\",\"keywords\":[\"aborto\",\"alessandro chiometti\",\"cnb\",\"obiettori\",\"obiezione di coscienza\"],\"articleSection\":[\"articoli\",\"attualit\u00e0\"],\"inLanguage\":\"it-IT\"},{\"@type\":\"WebPage\",\"@id\":\"https:\/\/www.civiltalaica.it\/cms\/lobiezione-di-coscienza-era-una-cosa-seria\/\",\"url\":\"https:\/\/www.civiltalaica.it\/cms\/lobiezione-di-coscienza-era-una-cosa-seria\/\",\"name\":\"L'obiezione di coscienza era una cosa seria - Associazione Culturale Civilt\u00e0 Laica\",\"isPartOf\":{\"@id\":\"https:\/\/www.civiltalaica.it\/cms\/#website\"},\"primaryImageOfPage\":{\"@id\":\"https:\/\/www.civiltalaica.it\/cms\/lobiezione-di-coscienza-era-una-cosa-seria\/#primaryimage\"},\"image\":{\"@id\":\"https:\/\/www.civiltalaica.it\/cms\/lobiezione-di-coscienza-era-una-cosa-seria\/#primaryimage\"},\"thumbnailUrl\":\"http:\/\/s4d2.turboimagehost.com\/t1\/12736907_NEWS_56903.jpg\",\"datePublished\":\"2012-07-31T20:25:46+00:00\",\"author\":{\"@id\":\"https:\/\/www.civiltalaica.it\/cms\/#\/schema\/person\/4efef56f866329a1e0943eb27336df1d\"},\"breadcrumb\":{\"@id\":\"https:\/\/www.civiltalaica.it\/cms\/lobiezione-di-coscienza-era-una-cosa-seria\/#breadcrumb\"},\"inLanguage\":\"it-IT\",\"potentialAction\":[{\"@type\":\"ReadAction\",\"target\":[\"https:\/\/www.civiltalaica.it\/cms\/lobiezione-di-coscienza-era-una-cosa-seria\/\"]}]},{\"@type\":\"ImageObject\",\"inLanguage\":\"it-IT\",\"@id\":\"https:\/\/www.civiltalaica.it\/cms\/lobiezione-di-coscienza-era-una-cosa-seria\/#primaryimage\",\"url\":\"http:\/\/s4d2.turboimagehost.com\/t1\/12736907_NEWS_56903.jpg\",\"contentUrl\":\"http:\/\/s4d2.turboimagehost.com\/t1\/12736907_NEWS_56903.jpg\"},{\"@type\":\"BreadcrumbList\",\"@id\":\"https:\/\/www.civiltalaica.it\/cms\/lobiezione-di-coscienza-era-una-cosa-seria\/#breadcrumb\",\"itemListElement\":[{\"@type\":\"ListItem\",\"position\":1,\"name\":\"Home\",\"item\":\"https:\/\/www.civiltalaica.it\/cms\/\"},{\"@type\":\"ListItem\",\"position\":2,\"name\":\"L&#8217;obiezione di coscienza era una cosa seria\"}]},{\"@type\":\"WebSite\",\"@id\":\"https:\/\/www.civiltalaica.it\/cms\/#website\",\"url\":\"https:\/\/www.civiltalaica.it\/cms\/\",\"name\":\"Associazione Culturale Civilt\u00e0 Laica\",\"description\":\"Per un movimento culturale volto a difendere la Laicit\u00e0 dello Stato.\",\"potentialAction\":[{\"@type\":\"SearchAction\",\"target\":{\"@type\":\"EntryPoint\",\"urlTemplate\":\"https:\/\/www.civiltalaica.it\/cms\/?s={search_term_string}\"},\"query-input\":{\"@type\":\"PropertyValueSpecification\",\"valueRequired\":true,\"valueName\":\"search_term_string\"}}],\"inLanguage\":\"it-IT\"},{\"@type\":\"Person\",\"@id\":\"https:\/\/www.civiltalaica.it\/cms\/#\/schema\/person\/4efef56f866329a1e0943eb27336df1d\",\"name\":\"alexjc\",\"url\":\"https:\/\/www.civiltalaica.it\/cms\/author\/alexjc\/\"}]}<\/script>\n<!-- \/ Yoast SEO plugin. -->","yoast_head_json":{"title":"L'obiezione di coscienza era una cosa seria - Associazione Culturale Civilt\u00e0 Laica","robots":{"index":"index","follow":"follow","max-snippet":"max-snippet:-1","max-image-preview":"max-image-preview:large","max-video-preview":"max-video-preview:-1"},"canonical":"https:\/\/www.civiltalaica.it\/cms\/lobiezione-di-coscienza-era-una-cosa-seria\/","og_locale":"it_IT","og_type":"article","og_title":"L'obiezione di coscienza era una cosa seria - Associazione Culturale Civilt\u00e0 Laica","og_description":"C&#8217;era un tempo in cui l&#8217;obiettore di coscienza scontava sulla sua pelle il peso delle proprie scelte etiche insindacabili. Erano i tempi in cui il servizio militare di leva era obbligatorio e costringeva tanti ragazzi a sprecare un anno (e anche di pi\u00f9 nei primi decenni della Repubblica) della loro vita per imparare cose (sparare, [&hellip;]","og_url":"https:\/\/www.civiltalaica.it\/cms\/lobiezione-di-coscienza-era-una-cosa-seria\/","og_site_name":"Associazione Culturale Civilt\u00e0 Laica","article_publisher":"https:\/\/www.facebook.com\/civiltalaica","article_published_time":"2012-07-31T20:25:46+00:00","og_image":[{"url":"http:\/\/s4d2.turboimagehost.com\/t1\/12736907_NEWS_56903.jpg","type":"","width":"","height":""}],"author":"alexjc","twitter_card":"summary_large_image","twitter_misc":{"Scritto da":"alexjc","Tempo di lettura stimato":"3 minuti"},"schema":{"@context":"https:\/\/schema.org","@graph":[{"@type":"Article","@id":"https:\/\/www.civiltalaica.it\/cms\/lobiezione-di-coscienza-era-una-cosa-seria\/#article","isPartOf":{"@id":"https:\/\/www.civiltalaica.it\/cms\/lobiezione-di-coscienza-era-una-cosa-seria\/"},"author":{"name":"alexjc","@id":"https:\/\/www.civiltalaica.it\/cms\/#\/schema\/person\/4efef56f866329a1e0943eb27336df1d"},"headline":"L&#8217;obiezione di coscienza era una cosa seria","datePublished":"2012-07-31T20:25:46+00:00","mainEntityOfPage":{"@id":"https:\/\/www.civiltalaica.it\/cms\/lobiezione-di-coscienza-era-una-cosa-seria\/"},"wordCount":696,"image":{"@id":"https:\/\/www.civiltalaica.it\/cms\/lobiezione-di-coscienza-era-una-cosa-seria\/#primaryimage"},"thumbnailUrl":"http:\/\/s4d2.turboimagehost.com\/t1\/12736907_NEWS_56903.jpg","keywords":["aborto","alessandro chiometti","cnb","obiettori","obiezione di coscienza"],"articleSection":["articoli","attualit\u00e0"],"inLanguage":"it-IT"},{"@type":"WebPage","@id":"https:\/\/www.civiltalaica.it\/cms\/lobiezione-di-coscienza-era-una-cosa-seria\/","url":"https:\/\/www.civiltalaica.it\/cms\/lobiezione-di-coscienza-era-una-cosa-seria\/","name":"L'obiezione di coscienza era una cosa seria - Associazione Culturale Civilt\u00e0 Laica","isPartOf":{"@id":"https:\/\/www.civiltalaica.it\/cms\/#website"},"primaryImageOfPage":{"@id":"https:\/\/www.civiltalaica.it\/cms\/lobiezione-di-coscienza-era-una-cosa-seria\/#primaryimage"},"image":{"@id":"https:\/\/www.civiltalaica.it\/cms\/lobiezione-di-coscienza-era-una-cosa-seria\/#primaryimage"},"thumbnailUrl":"http:\/\/s4d2.turboimagehost.com\/t1\/12736907_NEWS_56903.jpg","datePublished":"2012-07-31T20:25:46+00:00","author":{"@id":"https:\/\/www.civiltalaica.it\/cms\/#\/schema\/person\/4efef56f866329a1e0943eb27336df1d"},"breadcrumb":{"@id":"https:\/\/www.civiltalaica.it\/cms\/lobiezione-di-coscienza-era-una-cosa-seria\/#breadcrumb"},"inLanguage":"it-IT","potentialAction":[{"@type":"ReadAction","target":["https:\/\/www.civiltalaica.it\/cms\/lobiezione-di-coscienza-era-una-cosa-seria\/"]}]},{"@type":"ImageObject","inLanguage":"it-IT","@id":"https:\/\/www.civiltalaica.it\/cms\/lobiezione-di-coscienza-era-una-cosa-seria\/#primaryimage","url":"http:\/\/s4d2.turboimagehost.com\/t1\/12736907_NEWS_56903.jpg","contentUrl":"http:\/\/s4d2.turboimagehost.com\/t1\/12736907_NEWS_56903.jpg"},{"@type":"BreadcrumbList","@id":"https:\/\/www.civiltalaica.it\/cms\/lobiezione-di-coscienza-era-una-cosa-seria\/#breadcrumb","itemListElement":[{"@type":"ListItem","position":1,"name":"Home","item":"https:\/\/www.civiltalaica.it\/cms\/"},{"@type":"ListItem","position":2,"name":"L&#8217;obiezione di coscienza era una cosa seria"}]},{"@type":"WebSite","@id":"https:\/\/www.civiltalaica.it\/cms\/#website","url":"https:\/\/www.civiltalaica.it\/cms\/","name":"Associazione Culturale Civilt\u00e0 Laica","description":"Per un movimento culturale volto a difendere la Laicit\u00e0 dello Stato.","potentialAction":[{"@type":"SearchAction","target":{"@type":"EntryPoint","urlTemplate":"https:\/\/www.civiltalaica.it\/cms\/?s={search_term_string}"},"query-input":{"@type":"PropertyValueSpecification","valueRequired":true,"valueName":"search_term_string"}}],"inLanguage":"it-IT"},{"@type":"Person","@id":"https:\/\/www.civiltalaica.it\/cms\/#\/schema\/person\/4efef56f866329a1e0943eb27336df1d","name":"alexjc","url":"https:\/\/www.civiltalaica.it\/cms\/author\/alexjc\/"}]}},"_links":{"self":[{"href":"https:\/\/www.civiltalaica.it\/cms\/wp-json\/wp\/v2\/posts\/10752","targetHints":{"allow":["GET"]}}],"collection":[{"href":"https:\/\/www.civiltalaica.it\/cms\/wp-json\/wp\/v2\/posts"}],"about":[{"href":"https:\/\/www.civiltalaica.it\/cms\/wp-json\/wp\/v2\/types\/post"}],"author":[{"embeddable":true,"href":"https:\/\/www.civiltalaica.it\/cms\/wp-json\/wp\/v2\/users\/7"}],"replies":[{"embeddable":true,"href":"https:\/\/www.civiltalaica.it\/cms\/wp-json\/wp\/v2\/comments?post=10752"}],"version-history":[{"count":0,"href":"https:\/\/www.civiltalaica.it\/cms\/wp-json\/wp\/v2\/posts\/10752\/revisions"}],"wp:attachment":[{"href":"https:\/\/www.civiltalaica.it\/cms\/wp-json\/wp\/v2\/media?parent=10752"}],"wp:term":[{"taxonomy":"category","embeddable":true,"href":"https:\/\/www.civiltalaica.it\/cms\/wp-json\/wp\/v2\/categories?post=10752"},{"taxonomy":"post_tag","embeddable":true,"href":"https:\/\/www.civiltalaica.it\/cms\/wp-json\/wp\/v2\/tags?post=10752"}],"curies":[{"name":"wp","href":"https:\/\/api.w.org\/{rel}","templated":true}]}}