{"id":10708,"date":"2012-07-13T20:37:08","date_gmt":"2012-07-13T20:37:08","guid":{"rendered":"http:\/\/www.civiltalaica.it\/cms\/?p=10708"},"modified":"2012-07-13T20:38:58","modified_gmt":"2012-07-13T20:38:58","slug":"le-vie-della-laicita-da-socrate-a-don-gallo","status":"publish","type":"post","link":"https:\/\/www.civiltalaica.it\/cms\/le-vie-della-laicita-da-socrate-a-don-gallo\/","title":{"rendered":"LE VIE DELLA LAICIT\u00c0 DA SOCRATE A DON GALLO"},"content":{"rendered":"<p>&nbsp;<\/p>\n<p>Marcello Ricci<\/p>\n<p>INTRODUZIONE<br \/>\nDiceva Voltaire che la strada per il paradiso ognuno se la deve scegliere a suo modo, e cos\u00ec \u00e8 per la laicit\u00e0, ognuno vi arriva a proprio modo, per la via che ritiene pi\u00f9 opportuna e dalle posizioni pi\u00f9 varie: filosofi, uomini politici, cantautori, <!--more-->preti hanno fatto della propria laicit\u00e0 uno stile di vita, e il valore di fondo della propria esistenza. Esempi che non vanno lasciati cadere e che vanno portati a conoscenza delle nuove generazioni. Nella prima parte metteremo sotto lo stesso tetto, anche se capisco che la cosa a prima vista sia un po&#8217; spiazzante, Socrate e Vasco Rossi, Kant e De Andr\u00e9, Gandhi e Don Gallo, perch\u00e9 a ben vedere i valori laici che li accomunano, al di l\u00e0 delle differenze storiche e di statura intellettuale, sono pi\u00f9 simili di quanto si possa pensare. Nella seconda parte un&#8217;attenzione particolare sar\u00e0 dedicata a Don Gallo, di cui esaminer\u00f2 dettagliatamente tutti gli scritti, essendo un esempio particolarmente originale di prete laico. La terza parte di questo lavoro si occuper\u00e0 di seguire la nascita e lo sviluppo del concetto moderno di tolleranza attraverso l&#8217;analisi di alcune delle maggiori figure del Cinque-Seicento con una puntata anche nel Settecento illuminista. Dunque laicit\u00e0, tolleranza e naturalmente nonviolenza sono i valori di riferimento di questo lavoro. Potrebbe allora sembrare legittima una domanda: perch\u00e9 laicit\u00e0, nonviolenza e tolleranza insieme? La risposta a questa sensata domanda \u00e8 implicita nella concezione della laicit\u00e0, che cercher\u00f2 sinteticamente di mettere a punto. Ci\u00f2 che qualifica pi\u00f9 a fondo la laicit\u00e0 \u00e8 la libert\u00e0 di coscienza, che si radica nella libert\u00e0 di ciascun individuo e va rivendicata non solo per s\u00e9 ma anche per gli altri, da qui la tolleranza nei confronti delle idee diverse dalle proprie e la nonviolenza che la tolleranza reclama come logica conseguenza. Di passaggio desidero ricordare che il termine tolleranza va inteso qui laicamente come accettazione del diritto di ciascuno a proporre la propria verit\u00e0 relativa in mezzo alle altre verit\u00e0 relative, non pi\u00f9 nel senso di chi ha una verit\u00e0 assoluta e per\u00f2 paternalisticamente tollera chi sbaglia. Dunque il concetto di laicit\u00e0 contiene in s\u00e9 quello di tolleranza e di nonviolenza: non si pu\u00f2 essere laici e allo stesso tempo intolleranti e violenti. Se questa \u00e8 la laicit\u00e0 essa si concretizza come la libert\u00e0 di credere a ci\u00f2 che si vuole e come rifiuto di ogni obbligo a credere a questa o a quella religione (a questa o quella ideologia), perch\u00e9 questo obbligo non permetterebbe la libert\u00e0 di essere atei o agnostici, come accade nello stato confessionale. Ugualmente la libert\u00e0 di coscienza si realizza anche nel rifiuto verso ogni imposizione a non credere in alcuna religione, perch\u00e9 ci\u00f2 non permetterebbe la libert\u00e0 religiosa, come accade nell&#8217;ateismo di stato. Un&#8217;altra delle caratteristiche della laicit\u00e0 \u00e8 la netta separazione tra sfera pubblica e sfera privata, tra chiesa e stato, come dice Locke, quando afferma che la prima si deve occupare della salvezza delle anime, mentre il secondo dei beni terreni. \u00c8 il rifiuto della religione di stato ma anche di ogni privilegio per una religione rispetto alle altre, lo stato non pu\u00f2 assumere un credo religioso come proprio altrimenti non garantirebbe pi\u00f9 la libert\u00e0 di coscienza di ogni individuo e tenderebbe inevitabilmente a confondere ci\u00f2 che \u00e8 peccato con ci\u00f2 che \u00e8 reato, basta guardare il caso della shari&#8217;a, che gli integralisti islamici mettono a fondamento religioso del diritto pubblico. La libert\u00e0 di conoscenza e di ricerca scientifica \u00e8 un altro dei connotati della laicit\u00e0, a cui \u00e8 strettamente legata la libert\u00e0 di critica verso ogni forma di fondamentalismo e assolutismo sia esso religioso o ideologico. Ne discende il rifiuto di ogni forma di clericalismo cio\u00e8 di uso politico della religione da parte delle gerarchie ecclesiastiche cattoliche e non, che non si limitano a rivendicare come \u00e8 giusto la libert\u00e0 religiosa, che nessun laico ha mai messo in discussione, ma pretendono il primato medievale della religione sulla societ\u00e0 e sulla politica. Dicevo all&#8217;inizio che le vie della laicit\u00e0 sono diverse e si pu\u00f2 gi\u00e0 fare una distinzione tra coloro che vi arrivano tramite la razionalit\u00e0, cio\u00e8 come prodotto di scelte della ragione in genere fondate sull&#8217; agnosticismo o l&#8217;ateismo come ad esempio Socrate, Kant, De Andr\u00e9, Tenco e Vasco Rossi e tra coloro che vi arrivano tramite la religiosit\u00e0, cio\u00e8 come prodotto di uno spirito profondamente credente e religioso ancorch\u00e9 antidogmatico e antigerarchico come Gandhi, M.L. King e Capitini.<\/p>\n<p><a style=\"margin: 12px auto 6px auto; font-family: Helvetica,Arial,Sans-serif; font-style: normal; font-variant: normal; font-weight: normal; font-size: 14px; line-height: normal; font-size-adjust: none; font-stretch: normal; -x-system-font: none; display: block; text-decoration: underline;\" title=\"View Le Vie Della Laicita Da Socrate a Don Gallo on Scribd\" href=\"http:\/\/www.scribd.com\/doc\/100023512\/Le-Vie-Della-Laicita-Da-Socrate-a-Don-Gallo\">Le Vie Della Laicita Da Socrate a Don Gallo<\/a><iframe loading=\"lazy\" id=\"doc_25186\" src=\"http:\/\/www.scribd.com\/embeds\/100023512\/content?start_page=1&amp;view_mode=list&amp;access_key=key-dqqohq3ndw4i79w0g70\" frameborder=\"0\" scrolling=\"no\" width=\"510\" height=\"680\" data-auto-height=\"false\" data-aspect-ratio=\"0.705882352941177\"><\/iframe><\/p>\n","protected":false},"excerpt":{"rendered":"<p>&nbsp; Marcello Ricci INTRODUZIONE Diceva Voltaire che la strada per il paradiso ognuno se la deve scegliere a suo modo, e cos\u00ec \u00e8 per la laicit\u00e0, ognuno vi arriva a proprio modo, per la via che ritiene pi\u00f9 opportuna e dalle posizioni pi\u00f9 varie: filosofi, uomini politici, cantautori,<\/p>\n","protected":false},"author":1,"featured_media":0,"comment_status":"closed","ping_status":"closed","sticky":false,"template":"","format":"standard","meta":{"footnotes":""},"categories":[233],"tags":[],"class_list":["post-10708","post","type-post","status-publish","format-standard","hentry","category-filosofia-2"],"yoast_head":"<!-- This site is optimized with the Yoast SEO plugin v27.1.1 - https:\/\/yoast.com\/product\/yoast-seo-wordpress\/ -->\n<title>LE VIE DELLA LAICIT\u00c0 DA SOCRATE A DON GALLO - Associazione Culturale Civilt\u00e0 Laica<\/title>\n<meta name=\"robots\" content=\"index, follow, max-snippet:-1, max-image-preview:large, max-video-preview:-1\" \/>\n<link rel=\"canonical\" href=\"https:\/\/www.civiltalaica.it\/cms\/le-vie-della-laicita-da-socrate-a-don-gallo\/\" \/>\n<meta property=\"og:locale\" content=\"it_IT\" \/>\n<meta property=\"og:type\" content=\"article\" \/>\n<meta property=\"og:title\" content=\"LE VIE DELLA LAICIT\u00c0 DA SOCRATE A DON GALLO - Associazione Culturale Civilt\u00e0 Laica\" \/>\n<meta property=\"og:description\" content=\"&nbsp; Marcello Ricci INTRODUZIONE Diceva Voltaire che la strada per il paradiso ognuno se la deve scegliere a suo modo, e cos\u00ec \u00e8 per la laicit\u00e0, ognuno vi arriva a proprio modo, per la via che ritiene pi\u00f9 opportuna e dalle posizioni pi\u00f9 varie: filosofi, uomini politici, cantautori,\" \/>\n<meta property=\"og:url\" content=\"https:\/\/www.civiltalaica.it\/cms\/le-vie-della-laicita-da-socrate-a-don-gallo\/\" \/>\n<meta property=\"og:site_name\" content=\"Associazione Culturale Civilt\u00e0 Laica\" \/>\n<meta property=\"article:publisher\" content=\"https:\/\/www.facebook.com\/civiltalaica\" \/>\n<meta property=\"article:published_time\" content=\"2012-07-13T20:37:08+00:00\" \/>\n<meta property=\"article:modified_time\" content=\"2012-07-13T20:38:58+00:00\" \/>\n<meta property=\"og:image\" content=\"https:\/\/www.civiltalaica.it\/cms\/wp-content\/uploads\/2017\/06\/logo-cl.png\" \/>\n\t<meta property=\"og:image:width\" content=\"400\" \/>\n\t<meta property=\"og:image:height\" content=\"180\" \/>\n\t<meta property=\"og:image:type\" content=\"image\/png\" \/>\n<meta name=\"author\" content=\"cladmin\" \/>\n<meta name=\"twitter:card\" content=\"summary_large_image\" \/>\n<meta name=\"twitter:label1\" content=\"Scritto da\" \/>\n\t<meta name=\"twitter:data1\" content=\"cladmin\" \/>\n\t<meta name=\"twitter:label2\" content=\"Tempo di lettura stimato\" \/>\n\t<meta name=\"twitter:data2\" content=\"4 minuti\" \/>\n<script type=\"application\/ld+json\" class=\"yoast-schema-graph\">{\"@context\":\"https:\/\/schema.org\",\"@graph\":[{\"@type\":\"Article\",\"@id\":\"https:\/\/www.civiltalaica.it\/cms\/le-vie-della-laicita-da-socrate-a-don-gallo\/#article\",\"isPartOf\":{\"@id\":\"https:\/\/www.civiltalaica.it\/cms\/le-vie-della-laicita-da-socrate-a-don-gallo\/\"},\"author\":{\"name\":\"cladmin\",\"@id\":\"https:\/\/www.civiltalaica.it\/cms\/#\/schema\/person\/500a52762e2620e007d6333aa121f5e5\"},\"headline\":\"LE VIE DELLA LAICIT\u00c0 DA SOCRATE A DON GALLO\",\"datePublished\":\"2012-07-13T20:37:08+00:00\",\"dateModified\":\"2012-07-13T20:38:58+00:00\",\"mainEntityOfPage\":{\"@id\":\"https:\/\/www.civiltalaica.it\/cms\/le-vie-della-laicita-da-socrate-a-don-gallo\/\"},\"wordCount\":746,\"articleSection\":[\"filosofia e scienza\"],\"inLanguage\":\"it-IT\"},{\"@type\":\"WebPage\",\"@id\":\"https:\/\/www.civiltalaica.it\/cms\/le-vie-della-laicita-da-socrate-a-don-gallo\/\",\"url\":\"https:\/\/www.civiltalaica.it\/cms\/le-vie-della-laicita-da-socrate-a-don-gallo\/\",\"name\":\"LE VIE DELLA LAICIT\u00c0 DA SOCRATE A DON GALLO - Associazione Culturale Civilt\u00e0 Laica\",\"isPartOf\":{\"@id\":\"https:\/\/www.civiltalaica.it\/cms\/#website\"},\"datePublished\":\"2012-07-13T20:37:08+00:00\",\"dateModified\":\"2012-07-13T20:38:58+00:00\",\"author\":{\"@id\":\"https:\/\/www.civiltalaica.it\/cms\/#\/schema\/person\/500a52762e2620e007d6333aa121f5e5\"},\"breadcrumb\":{\"@id\":\"https:\/\/www.civiltalaica.it\/cms\/le-vie-della-laicita-da-socrate-a-don-gallo\/#breadcrumb\"},\"inLanguage\":\"it-IT\",\"potentialAction\":[{\"@type\":\"ReadAction\",\"target\":[\"https:\/\/www.civiltalaica.it\/cms\/le-vie-della-laicita-da-socrate-a-don-gallo\/\"]}]},{\"@type\":\"BreadcrumbList\",\"@id\":\"https:\/\/www.civiltalaica.it\/cms\/le-vie-della-laicita-da-socrate-a-don-gallo\/#breadcrumb\",\"itemListElement\":[{\"@type\":\"ListItem\",\"position\":1,\"name\":\"Home\",\"item\":\"https:\/\/www.civiltalaica.it\/cms\/\"},{\"@type\":\"ListItem\",\"position\":2,\"name\":\"LE VIE DELLA LAICIT\u00c0 DA SOCRATE A DON GALLO\"}]},{\"@type\":\"WebSite\",\"@id\":\"https:\/\/www.civiltalaica.it\/cms\/#website\",\"url\":\"https:\/\/www.civiltalaica.it\/cms\/\",\"name\":\"Associazione Culturale Civilt\u00e0 Laica\",\"description\":\"Per un movimento culturale volto a difendere la Laicit\u00e0 dello Stato.\",\"potentialAction\":[{\"@type\":\"SearchAction\",\"target\":{\"@type\":\"EntryPoint\",\"urlTemplate\":\"https:\/\/www.civiltalaica.it\/cms\/?s={search_term_string}\"},\"query-input\":{\"@type\":\"PropertyValueSpecification\",\"valueRequired\":true,\"valueName\":\"search_term_string\"}}],\"inLanguage\":\"it-IT\"},{\"@type\":\"Person\",\"@id\":\"https:\/\/www.civiltalaica.it\/cms\/#\/schema\/person\/500a52762e2620e007d6333aa121f5e5\",\"name\":\"cladmin\",\"url\":\"https:\/\/www.civiltalaica.it\/cms\/author\/cladmin\/\"}]}<\/script>\n<!-- \/ Yoast SEO plugin. -->","yoast_head_json":{"title":"LE VIE DELLA LAICIT\u00c0 DA SOCRATE A DON GALLO - Associazione Culturale Civilt\u00e0 Laica","robots":{"index":"index","follow":"follow","max-snippet":"max-snippet:-1","max-image-preview":"max-image-preview:large","max-video-preview":"max-video-preview:-1"},"canonical":"https:\/\/www.civiltalaica.it\/cms\/le-vie-della-laicita-da-socrate-a-don-gallo\/","og_locale":"it_IT","og_type":"article","og_title":"LE VIE DELLA LAICIT\u00c0 DA SOCRATE A DON GALLO - Associazione Culturale Civilt\u00e0 Laica","og_description":"&nbsp; Marcello Ricci INTRODUZIONE Diceva Voltaire che la strada per il paradiso ognuno se la deve scegliere a suo modo, e cos\u00ec \u00e8 per la laicit\u00e0, ognuno vi arriva a proprio modo, per la via che ritiene pi\u00f9 opportuna e dalle posizioni pi\u00f9 varie: filosofi, uomini politici, cantautori,","og_url":"https:\/\/www.civiltalaica.it\/cms\/le-vie-della-laicita-da-socrate-a-don-gallo\/","og_site_name":"Associazione Culturale Civilt\u00e0 Laica","article_publisher":"https:\/\/www.facebook.com\/civiltalaica","article_published_time":"2012-07-13T20:37:08+00:00","article_modified_time":"2012-07-13T20:38:58+00:00","og_image":[{"width":400,"height":180,"url":"https:\/\/www.civiltalaica.it\/cms\/wp-content\/uploads\/2017\/06\/logo-cl.png","type":"image\/png"}],"author":"cladmin","twitter_card":"summary_large_image","twitter_misc":{"Scritto da":"cladmin","Tempo di lettura stimato":"4 minuti"},"schema":{"@context":"https:\/\/schema.org","@graph":[{"@type":"Article","@id":"https:\/\/www.civiltalaica.it\/cms\/le-vie-della-laicita-da-socrate-a-don-gallo\/#article","isPartOf":{"@id":"https:\/\/www.civiltalaica.it\/cms\/le-vie-della-laicita-da-socrate-a-don-gallo\/"},"author":{"name":"cladmin","@id":"https:\/\/www.civiltalaica.it\/cms\/#\/schema\/person\/500a52762e2620e007d6333aa121f5e5"},"headline":"LE VIE DELLA LAICIT\u00c0 DA SOCRATE A DON GALLO","datePublished":"2012-07-13T20:37:08+00:00","dateModified":"2012-07-13T20:38:58+00:00","mainEntityOfPage":{"@id":"https:\/\/www.civiltalaica.it\/cms\/le-vie-della-laicita-da-socrate-a-don-gallo\/"},"wordCount":746,"articleSection":["filosofia e scienza"],"inLanguage":"it-IT"},{"@type":"WebPage","@id":"https:\/\/www.civiltalaica.it\/cms\/le-vie-della-laicita-da-socrate-a-don-gallo\/","url":"https:\/\/www.civiltalaica.it\/cms\/le-vie-della-laicita-da-socrate-a-don-gallo\/","name":"LE VIE DELLA LAICIT\u00c0 DA SOCRATE A DON GALLO - Associazione Culturale Civilt\u00e0 Laica","isPartOf":{"@id":"https:\/\/www.civiltalaica.it\/cms\/#website"},"datePublished":"2012-07-13T20:37:08+00:00","dateModified":"2012-07-13T20:38:58+00:00","author":{"@id":"https:\/\/www.civiltalaica.it\/cms\/#\/schema\/person\/500a52762e2620e007d6333aa121f5e5"},"breadcrumb":{"@id":"https:\/\/www.civiltalaica.it\/cms\/le-vie-della-laicita-da-socrate-a-don-gallo\/#breadcrumb"},"inLanguage":"it-IT","potentialAction":[{"@type":"ReadAction","target":["https:\/\/www.civiltalaica.it\/cms\/le-vie-della-laicita-da-socrate-a-don-gallo\/"]}]},{"@type":"BreadcrumbList","@id":"https:\/\/www.civiltalaica.it\/cms\/le-vie-della-laicita-da-socrate-a-don-gallo\/#breadcrumb","itemListElement":[{"@type":"ListItem","position":1,"name":"Home","item":"https:\/\/www.civiltalaica.it\/cms\/"},{"@type":"ListItem","position":2,"name":"LE VIE DELLA LAICIT\u00c0 DA SOCRATE A DON GALLO"}]},{"@type":"WebSite","@id":"https:\/\/www.civiltalaica.it\/cms\/#website","url":"https:\/\/www.civiltalaica.it\/cms\/","name":"Associazione Culturale Civilt\u00e0 Laica","description":"Per un movimento culturale volto a difendere la Laicit\u00e0 dello Stato.","potentialAction":[{"@type":"SearchAction","target":{"@type":"EntryPoint","urlTemplate":"https:\/\/www.civiltalaica.it\/cms\/?s={search_term_string}"},"query-input":{"@type":"PropertyValueSpecification","valueRequired":true,"valueName":"search_term_string"}}],"inLanguage":"it-IT"},{"@type":"Person","@id":"https:\/\/www.civiltalaica.it\/cms\/#\/schema\/person\/500a52762e2620e007d6333aa121f5e5","name":"cladmin","url":"https:\/\/www.civiltalaica.it\/cms\/author\/cladmin\/"}]}},"_links":{"self":[{"href":"https:\/\/www.civiltalaica.it\/cms\/wp-json\/wp\/v2\/posts\/10708","targetHints":{"allow":["GET"]}}],"collection":[{"href":"https:\/\/www.civiltalaica.it\/cms\/wp-json\/wp\/v2\/posts"}],"about":[{"href":"https:\/\/www.civiltalaica.it\/cms\/wp-json\/wp\/v2\/types\/post"}],"author":[{"embeddable":true,"href":"https:\/\/www.civiltalaica.it\/cms\/wp-json\/wp\/v2\/users\/1"}],"replies":[{"embeddable":true,"href":"https:\/\/www.civiltalaica.it\/cms\/wp-json\/wp\/v2\/comments?post=10708"}],"version-history":[{"count":0,"href":"https:\/\/www.civiltalaica.it\/cms\/wp-json\/wp\/v2\/posts\/10708\/revisions"}],"wp:attachment":[{"href":"https:\/\/www.civiltalaica.it\/cms\/wp-json\/wp\/v2\/media?parent=10708"}],"wp:term":[{"taxonomy":"category","embeddable":true,"href":"https:\/\/www.civiltalaica.it\/cms\/wp-json\/wp\/v2\/categories?post=10708"},{"taxonomy":"post_tag","embeddable":true,"href":"https:\/\/www.civiltalaica.it\/cms\/wp-json\/wp\/v2\/tags?post=10708"}],"curies":[{"name":"wp","href":"https:\/\/api.w.org\/{rel}","templated":true}]}}