{"id":10673,"date":"2012-06-28T17:25:53","date_gmt":"2012-06-28T17:25:53","guid":{"rendered":"http:\/\/www.civiltalaica.it\/cms\/?p=10673"},"modified":"2012-06-28T17:26:23","modified_gmt":"2012-06-28T17:26:23","slug":"don-francesco-non-dica-le-bugie","status":"publish","type":"post","link":"https:\/\/www.civiltalaica.it\/cms\/don-francesco-non-dica-le-bugie\/","title":{"rendered":"Don Francesco, non dica le bugie"},"content":{"rendered":"<p><img loading=\"lazy\" decoding=\"async\" class=\"alignleft\" title=\"pinocchio\" src=\"http:\/\/a.mytrend.it\/prp\/-0001\/11\/378725\/o.87048.jpg\" alt=\"\" width=\"180\" height=\"126\" \/>Recentemente sono stato invitato da Arnaldo Casali (ex assiduo frequentatore di questo sito come voce critica cattolica, critica su di noi intendo) a rispondere ad alcune domande sui costi della Chiesa per la trasmissione che conduce su Teleterni \u201cAdesso in onda\u201d.<\/p>\n<p>Non ho avuto l\u2019onore di essere invitato come ospite in studio ma nella puntata di 50\u2019 circa in cui erano ospiti solo esponenti del mondo cattolico \u00e8 stata mandata in onda una piccola intervista di 4\u2019 al sottoscritto in cui elencavo brevemente qualche aspetto della questione.<\/p>\n<p>L\u2019intero programma \u00e8 visibile a <a href=\"http:\/\/adessoinondatrt.altervista.org\/terza-puntata-i-soldi-della-chiesa\/\">questo link<\/a> e la mia intervista si trova al minuto 30.<!--more--><\/p>\n<p>Non entrando nel merito delle scelte tecniche di trasmissione per cui non si \u00e8 imbastito un contraddittorio e anzi ringraziando per lo spazio comunque concessomi devo far rilevare che almeno una delle risposte che gli ospiti in studio hanno dato alle tematiche da me sollevate grida vendetta.<\/p>\n<p>Don Francesco De Santis, provicario della diocesi di Terni e addirittura in odore di subentrare a Mons. Paglia nel ruolo di vescovo, in relazione al ruolo ricoperto dagli insegnanti di religione asserisce che \u201cdopo la ultima riforma\u201d la curia non ha pi\u00f9 alcun potere sulla loro scelta, che hanno vinto un concorso, e che la curia non pu\u00f2 fare pi\u00f9 niente per la loro rimozione. (minuto 42 e seguenti).<\/p>\n<p>Delle due l&#8217;una: o dobbiamo pensare che la Chiesa Cattolica metta in una posizione cos\u00ec rilevante un individuo assolutamente all\u2019oscuro degli accordi fra essa stessa e Stato Italiano, oppure dobbiamo purtroppo pensare che detto individuo sia in malafede e dica falsit\u00e0 in televisione secondo il vecchio principio che una menzogna ripetuta n volte diventa verit\u00e0.<\/p>\n<p>Dopo aver consultato alcune fonti posso ribadire che: la curia locale che fa capo al vescovo sceglie a tutti gli effetti gli insegnanti di religione (magari organizzando un concorso su cui essa \u00e8 giudice insindacabile), l\u2019insegnante scelto dalla curia \u00e8 quindi pagato dallo Stato con uno stipendio maggiore dei suoi colleghi di pari grado, se la curia ritira il \u201cnulla osta\u201d all\u2019insegnamento della religione lo Stato \u00e8 obbligato a mantenere l\u2019insegnante facendogli insegnare altre materie se ha l\u2019abilitazione oppure spostandolo nella unit\u00e0 amministrativa della scuola.<\/p>\n<p>Questi i fatti, se poi Don Francesco vuole continuare a ripetere n volte una menzogna dovrebbe per lo meno ricordarsi che \u00e8 peccato (sebbene sar\u00e0 certamente considerato veniale visto che \u00e8 fatto in gloria della Chiesa).<\/p>\n<p>&nbsp;<\/p>\n<p><strong>Alessandro Chiometti<\/strong><\/p>\n","protected":false},"excerpt":{"rendered":"<p>Recentemente sono stato invitato da Arnaldo Casali (ex assiduo frequentatore di questo sito come voce critica cattolica, critica su di noi intendo) a rispondere ad alcune domande sui costi della Chiesa per la trasmissione che conduce su Teleterni \u201cAdesso in onda\u201d. Non ho avuto l\u2019onore di essere invitato come ospite in studio ma nella puntata [&hellip;]<\/p>\n","protected":false},"author":7,"featured_media":0,"comment_status":"closed","ping_status":"closed","sticky":false,"template":"","format":"standard","meta":{"footnotes":""},"categories":[238,228],"tags":[1059,79,90,1060],"class_list":["post-10673","post","type-post","status-publish","format-standard","hentry","category-articoli","category-blog","tag-adesso-in-onda","tag-alessandro-chiometti","tag-arnaldo-casali","tag-francesco-de-santis"],"yoast_head":"<!-- This site is optimized with the Yoast SEO plugin v27.1.1 - https:\/\/yoast.com\/product\/yoast-seo-wordpress\/ -->\n<title>Don Francesco, non dica le bugie - Associazione Culturale Civilt\u00e0 Laica<\/title>\n<meta name=\"robots\" content=\"index, follow, max-snippet:-1, max-image-preview:large, max-video-preview:-1\" \/>\n<link rel=\"canonical\" href=\"https:\/\/www.civiltalaica.it\/cms\/don-francesco-non-dica-le-bugie\/\" \/>\n<meta property=\"og:locale\" content=\"it_IT\" \/>\n<meta property=\"og:type\" content=\"article\" \/>\n<meta property=\"og:title\" content=\"Don Francesco, non dica le bugie - Associazione Culturale Civilt\u00e0 Laica\" \/>\n<meta property=\"og:description\" content=\"Recentemente sono stato invitato da Arnaldo Casali (ex assiduo frequentatore di questo sito come voce critica cattolica, critica su di noi intendo) a rispondere ad alcune domande sui costi della Chiesa per la trasmissione che conduce su Teleterni \u201cAdesso in onda\u201d. Non ho avuto l\u2019onore di essere invitato come ospite in studio ma nella puntata [&hellip;]\" \/>\n<meta property=\"og:url\" content=\"https:\/\/www.civiltalaica.it\/cms\/don-francesco-non-dica-le-bugie\/\" \/>\n<meta property=\"og:site_name\" content=\"Associazione Culturale Civilt\u00e0 Laica\" \/>\n<meta property=\"article:publisher\" content=\"https:\/\/www.facebook.com\/civiltalaica\" \/>\n<meta property=\"article:published_time\" content=\"2012-06-28T17:25:53+00:00\" \/>\n<meta property=\"article:modified_time\" content=\"2012-06-28T17:26:23+00:00\" \/>\n<meta property=\"og:image\" content=\"http:\/\/a.mytrend.it\/prp\/-0001\/11\/378725\/o.87048.jpg\" \/>\n<meta name=\"author\" content=\"alexjc\" \/>\n<meta name=\"twitter:card\" content=\"summary_large_image\" \/>\n<meta name=\"twitter:label1\" content=\"Scritto da\" \/>\n\t<meta name=\"twitter:data1\" content=\"alexjc\" \/>\n\t<meta name=\"twitter:label2\" content=\"Tempo di lettura stimato\" \/>\n\t<meta name=\"twitter:data2\" content=\"2 minuti\" \/>\n<script type=\"application\/ld+json\" class=\"yoast-schema-graph\">{\"@context\":\"https:\/\/schema.org\",\"@graph\":[{\"@type\":\"Article\",\"@id\":\"https:\/\/www.civiltalaica.it\/cms\/don-francesco-non-dica-le-bugie\/#article\",\"isPartOf\":{\"@id\":\"https:\/\/www.civiltalaica.it\/cms\/don-francesco-non-dica-le-bugie\/\"},\"author\":{\"name\":\"alexjc\",\"@id\":\"https:\/\/www.civiltalaica.it\/cms\/#\/schema\/person\/4efef56f866329a1e0943eb27336df1d\"},\"headline\":\"Don Francesco, non dica le bugie\",\"datePublished\":\"2012-06-28T17:25:53+00:00\",\"dateModified\":\"2012-06-28T17:26:23+00:00\",\"mainEntityOfPage\":{\"@id\":\"https:\/\/www.civiltalaica.it\/cms\/don-francesco-non-dica-le-bugie\/\"},\"wordCount\":399,\"image\":{\"@id\":\"https:\/\/www.civiltalaica.it\/cms\/don-francesco-non-dica-le-bugie\/#primaryimage\"},\"thumbnailUrl\":\"http:\/\/a.mytrend.it\/prp\/-0001\/11\/378725\/o.87048.jpg\",\"keywords\":[\"adesso in onda\",\"alessandro chiometti\",\"arnaldo casali\",\"francesco de santis\"],\"articleSection\":[\"articoli\",\"blog\"],\"inLanguage\":\"it-IT\"},{\"@type\":\"WebPage\",\"@id\":\"https:\/\/www.civiltalaica.it\/cms\/don-francesco-non-dica-le-bugie\/\",\"url\":\"https:\/\/www.civiltalaica.it\/cms\/don-francesco-non-dica-le-bugie\/\",\"name\":\"Don Francesco, non dica le bugie - Associazione Culturale Civilt\u00e0 Laica\",\"isPartOf\":{\"@id\":\"https:\/\/www.civiltalaica.it\/cms\/#website\"},\"primaryImageOfPage\":{\"@id\":\"https:\/\/www.civiltalaica.it\/cms\/don-francesco-non-dica-le-bugie\/#primaryimage\"},\"image\":{\"@id\":\"https:\/\/www.civiltalaica.it\/cms\/don-francesco-non-dica-le-bugie\/#primaryimage\"},\"thumbnailUrl\":\"http:\/\/a.mytrend.it\/prp\/-0001\/11\/378725\/o.87048.jpg\",\"datePublished\":\"2012-06-28T17:25:53+00:00\",\"dateModified\":\"2012-06-28T17:26:23+00:00\",\"author\":{\"@id\":\"https:\/\/www.civiltalaica.it\/cms\/#\/schema\/person\/4efef56f866329a1e0943eb27336df1d\"},\"breadcrumb\":{\"@id\":\"https:\/\/www.civiltalaica.it\/cms\/don-francesco-non-dica-le-bugie\/#breadcrumb\"},\"inLanguage\":\"it-IT\",\"potentialAction\":[{\"@type\":\"ReadAction\",\"target\":[\"https:\/\/www.civiltalaica.it\/cms\/don-francesco-non-dica-le-bugie\/\"]}]},{\"@type\":\"ImageObject\",\"inLanguage\":\"it-IT\",\"@id\":\"https:\/\/www.civiltalaica.it\/cms\/don-francesco-non-dica-le-bugie\/#primaryimage\",\"url\":\"http:\/\/a.mytrend.it\/prp\/-0001\/11\/378725\/o.87048.jpg\",\"contentUrl\":\"http:\/\/a.mytrend.it\/prp\/-0001\/11\/378725\/o.87048.jpg\"},{\"@type\":\"BreadcrumbList\",\"@id\":\"https:\/\/www.civiltalaica.it\/cms\/don-francesco-non-dica-le-bugie\/#breadcrumb\",\"itemListElement\":[{\"@type\":\"ListItem\",\"position\":1,\"name\":\"Home\",\"item\":\"https:\/\/www.civiltalaica.it\/cms\/\"},{\"@type\":\"ListItem\",\"position\":2,\"name\":\"Don Francesco, non dica le bugie\"}]},{\"@type\":\"WebSite\",\"@id\":\"https:\/\/www.civiltalaica.it\/cms\/#website\",\"url\":\"https:\/\/www.civiltalaica.it\/cms\/\",\"name\":\"Associazione Culturale Civilt\u00e0 Laica\",\"description\":\"Per un movimento culturale volto a difendere la Laicit\u00e0 dello Stato.\",\"potentialAction\":[{\"@type\":\"SearchAction\",\"target\":{\"@type\":\"EntryPoint\",\"urlTemplate\":\"https:\/\/www.civiltalaica.it\/cms\/?s={search_term_string}\"},\"query-input\":{\"@type\":\"PropertyValueSpecification\",\"valueRequired\":true,\"valueName\":\"search_term_string\"}}],\"inLanguage\":\"it-IT\"},{\"@type\":\"Person\",\"@id\":\"https:\/\/www.civiltalaica.it\/cms\/#\/schema\/person\/4efef56f866329a1e0943eb27336df1d\",\"name\":\"alexjc\",\"url\":\"https:\/\/www.civiltalaica.it\/cms\/author\/alexjc\/\"}]}<\/script>\n<!-- \/ Yoast SEO plugin. -->","yoast_head_json":{"title":"Don Francesco, non dica le bugie - Associazione Culturale Civilt\u00e0 Laica","robots":{"index":"index","follow":"follow","max-snippet":"max-snippet:-1","max-image-preview":"max-image-preview:large","max-video-preview":"max-video-preview:-1"},"canonical":"https:\/\/www.civiltalaica.it\/cms\/don-francesco-non-dica-le-bugie\/","og_locale":"it_IT","og_type":"article","og_title":"Don Francesco, non dica le bugie - Associazione Culturale Civilt\u00e0 Laica","og_description":"Recentemente sono stato invitato da Arnaldo Casali (ex assiduo frequentatore di questo sito come voce critica cattolica, critica su di noi intendo) a rispondere ad alcune domande sui costi della Chiesa per la trasmissione che conduce su Teleterni \u201cAdesso in onda\u201d. Non ho avuto l\u2019onore di essere invitato come ospite in studio ma nella puntata [&hellip;]","og_url":"https:\/\/www.civiltalaica.it\/cms\/don-francesco-non-dica-le-bugie\/","og_site_name":"Associazione Culturale Civilt\u00e0 Laica","article_publisher":"https:\/\/www.facebook.com\/civiltalaica","article_published_time":"2012-06-28T17:25:53+00:00","article_modified_time":"2012-06-28T17:26:23+00:00","og_image":[{"url":"http:\/\/a.mytrend.it\/prp\/-0001\/11\/378725\/o.87048.jpg","type":"","width":"","height":""}],"author":"alexjc","twitter_card":"summary_large_image","twitter_misc":{"Scritto da":"alexjc","Tempo di lettura stimato":"2 minuti"},"schema":{"@context":"https:\/\/schema.org","@graph":[{"@type":"Article","@id":"https:\/\/www.civiltalaica.it\/cms\/don-francesco-non-dica-le-bugie\/#article","isPartOf":{"@id":"https:\/\/www.civiltalaica.it\/cms\/don-francesco-non-dica-le-bugie\/"},"author":{"name":"alexjc","@id":"https:\/\/www.civiltalaica.it\/cms\/#\/schema\/person\/4efef56f866329a1e0943eb27336df1d"},"headline":"Don Francesco, non dica le bugie","datePublished":"2012-06-28T17:25:53+00:00","dateModified":"2012-06-28T17:26:23+00:00","mainEntityOfPage":{"@id":"https:\/\/www.civiltalaica.it\/cms\/don-francesco-non-dica-le-bugie\/"},"wordCount":399,"image":{"@id":"https:\/\/www.civiltalaica.it\/cms\/don-francesco-non-dica-le-bugie\/#primaryimage"},"thumbnailUrl":"http:\/\/a.mytrend.it\/prp\/-0001\/11\/378725\/o.87048.jpg","keywords":["adesso in onda","alessandro chiometti","arnaldo casali","francesco de santis"],"articleSection":["articoli","blog"],"inLanguage":"it-IT"},{"@type":"WebPage","@id":"https:\/\/www.civiltalaica.it\/cms\/don-francesco-non-dica-le-bugie\/","url":"https:\/\/www.civiltalaica.it\/cms\/don-francesco-non-dica-le-bugie\/","name":"Don Francesco, non dica le bugie - Associazione Culturale Civilt\u00e0 Laica","isPartOf":{"@id":"https:\/\/www.civiltalaica.it\/cms\/#website"},"primaryImageOfPage":{"@id":"https:\/\/www.civiltalaica.it\/cms\/don-francesco-non-dica-le-bugie\/#primaryimage"},"image":{"@id":"https:\/\/www.civiltalaica.it\/cms\/don-francesco-non-dica-le-bugie\/#primaryimage"},"thumbnailUrl":"http:\/\/a.mytrend.it\/prp\/-0001\/11\/378725\/o.87048.jpg","datePublished":"2012-06-28T17:25:53+00:00","dateModified":"2012-06-28T17:26:23+00:00","author":{"@id":"https:\/\/www.civiltalaica.it\/cms\/#\/schema\/person\/4efef56f866329a1e0943eb27336df1d"},"breadcrumb":{"@id":"https:\/\/www.civiltalaica.it\/cms\/don-francesco-non-dica-le-bugie\/#breadcrumb"},"inLanguage":"it-IT","potentialAction":[{"@type":"ReadAction","target":["https:\/\/www.civiltalaica.it\/cms\/don-francesco-non-dica-le-bugie\/"]}]},{"@type":"ImageObject","inLanguage":"it-IT","@id":"https:\/\/www.civiltalaica.it\/cms\/don-francesco-non-dica-le-bugie\/#primaryimage","url":"http:\/\/a.mytrend.it\/prp\/-0001\/11\/378725\/o.87048.jpg","contentUrl":"http:\/\/a.mytrend.it\/prp\/-0001\/11\/378725\/o.87048.jpg"},{"@type":"BreadcrumbList","@id":"https:\/\/www.civiltalaica.it\/cms\/don-francesco-non-dica-le-bugie\/#breadcrumb","itemListElement":[{"@type":"ListItem","position":1,"name":"Home","item":"https:\/\/www.civiltalaica.it\/cms\/"},{"@type":"ListItem","position":2,"name":"Don Francesco, non dica le bugie"}]},{"@type":"WebSite","@id":"https:\/\/www.civiltalaica.it\/cms\/#website","url":"https:\/\/www.civiltalaica.it\/cms\/","name":"Associazione Culturale Civilt\u00e0 Laica","description":"Per un movimento culturale volto a difendere la Laicit\u00e0 dello Stato.","potentialAction":[{"@type":"SearchAction","target":{"@type":"EntryPoint","urlTemplate":"https:\/\/www.civiltalaica.it\/cms\/?s={search_term_string}"},"query-input":{"@type":"PropertyValueSpecification","valueRequired":true,"valueName":"search_term_string"}}],"inLanguage":"it-IT"},{"@type":"Person","@id":"https:\/\/www.civiltalaica.it\/cms\/#\/schema\/person\/4efef56f866329a1e0943eb27336df1d","name":"alexjc","url":"https:\/\/www.civiltalaica.it\/cms\/author\/alexjc\/"}]}},"_links":{"self":[{"href":"https:\/\/www.civiltalaica.it\/cms\/wp-json\/wp\/v2\/posts\/10673","targetHints":{"allow":["GET"]}}],"collection":[{"href":"https:\/\/www.civiltalaica.it\/cms\/wp-json\/wp\/v2\/posts"}],"about":[{"href":"https:\/\/www.civiltalaica.it\/cms\/wp-json\/wp\/v2\/types\/post"}],"author":[{"embeddable":true,"href":"https:\/\/www.civiltalaica.it\/cms\/wp-json\/wp\/v2\/users\/7"}],"replies":[{"embeddable":true,"href":"https:\/\/www.civiltalaica.it\/cms\/wp-json\/wp\/v2\/comments?post=10673"}],"version-history":[{"count":0,"href":"https:\/\/www.civiltalaica.it\/cms\/wp-json\/wp\/v2\/posts\/10673\/revisions"}],"wp:attachment":[{"href":"https:\/\/www.civiltalaica.it\/cms\/wp-json\/wp\/v2\/media?parent=10673"}],"wp:term":[{"taxonomy":"category","embeddable":true,"href":"https:\/\/www.civiltalaica.it\/cms\/wp-json\/wp\/v2\/categories?post=10673"},{"taxonomy":"post_tag","embeddable":true,"href":"https:\/\/www.civiltalaica.it\/cms\/wp-json\/wp\/v2\/tags?post=10673"}],"curies":[{"name":"wp","href":"https:\/\/api.w.org\/{rel}","templated":true}]}}