{"id":10645,"date":"2012-06-21T15:17:35","date_gmt":"2012-06-21T15:17:35","guid":{"rendered":"http:\/\/www.civiltalaica.it\/cms\/?p=10645"},"modified":"2012-06-21T15:18:40","modified_gmt":"2012-06-21T15:18:40","slug":"cattolico-per-sentenza","status":"publish","type":"post","link":"https:\/\/www.civiltalaica.it\/cms\/cattolico-per-sentenza\/","title":{"rendered":"Cattolico per sentenza"},"content":{"rendered":"<p>Marco (nome di fantasia) \u00e8 un bambino come tanti, nato da genitori cattolici che di comune accordo lo educano all\u2019osservanza della loro religione. Qualche tempo dopo i due si separano e la madre cambia credo divenendo <strong>testimone di Geova<\/strong>. Nasce cos\u00ec un conflitto \u201ceducativo\u201d; Marco viene affidato in secondo grado alla madre purch\u00e9 questa si impegni a non coinvolgerlo nel suo nuovo culto e a farlo stare con il padre a Natale, Pasqua e il giorno del suo compleanno, ricorrenze che i seguaci di Geova non riconoscono. <img loading=\"lazy\" decoding=\"async\" class=\"alignnone\" title=\"crola\" src=\"http:\/\/www.cronachelaiche.it\/wp-content\/uploads\/2012\/06\/battesimo2.jpg\" alt=\"\" width=\"237\" height=\"163\" \/><!--more-->La donna fa <strong>ricorso in Cassazione<\/strong> denunciando di essere discriminata rispetto all\u2019ex marito in virt\u00f9 della sua religione, ma la Suprema corte (sentenza 9546\/2012) lo respinge. Tra le motivazioni, la rilevazione dei periti secondo i quali Marco viveva\u00a0 \u00ab<em>l\u2019angoscia di arrivare al Giudizio senza peccato per poter rinascere nel nuovo regno e di pensare il padre escluso da questa possibilit\u00e0 di salvezza<\/em>\u00bb.\u00a0 Il bambino va educato in continuit\u00e0 con il passato e preservato da forme di <strong>indottrinamento<\/strong> che gli facciano percepire la \u00ab<em>figura divina in termini solo persecutori e punitivi, fonte di ansia e angoscia anzich\u00e9 di rassicurazione<\/em>\u00bb.<\/p>\n<p>La prima reazione alla sentenza \u00e8 di sollievo per Marco, che non dovr\u00e0 pi\u00f9 subire i visionari condizionamenti degli adepti al culto di Geova, setta che forse pi\u00f9 di ogni altra dell\u2019alveo cristiano si fonda su un\u2019ortodossia pura a principi che in una societ\u00e0 occidentale sembrano folli (basti solo pensare al veto per le trasfusioni di sangue o, appunto, per i festeggiamenti). Ma poi, guardando i nudi fatti senza entrare nel distinguo tra religione \u201cbuona\u201d e religione \u201ccattiva\u201d, la vicenda assume contorni sconcertanti. Primo, perch\u00e9 per salvare la figura del padre agli occhi di Marco si demonizza per diretta conseguenza quella della madre, di credo differente. Se la religione che la Cassazione impone a Marco \u00e8 quella cattolica, va da s\u00e9 che la Chiesa dica il vero e i Testimoni di Geova il falso, senza possibilit\u00e0 di mediazione. Secondo, perch\u00e9 si decide <strong>per sentenza<\/strong> la religione che un bambino deve abbracciare se figlio di separati di culti differenti. Viene da chiedersi cosa succederebbe nel caso di padre ateo e madre cattolica, o di padre musulmano e madre valdese, per esempio. Possiamo ipotizzare che verrebbe sempre preferita una religione di matrice cristiana sulla base di una presunta \u201ccultura dominante\u201d?<\/p>\n<p>Terzo, e forse \u00e8 il punto pi\u00f9 scottante\u00a0 e il pi\u00f9 sommerso \u2013 ma la sentenza lo fa emergere con limpidezza -, \u00e8 il <strong>diritto dei genitori<\/strong> di indottrinare \u201cprecocemente\u201d\u00a0 i loro figli, contro il quale la Cassazione sembra, almeno apparentemente, scagliarsi. La suprema Corte ha preferito un indottrinamento a un altro, forse scegliendo il male minore per Marco, ma ci\u00f2 non toglie che sempre di indottrinamento si tratti. Quello cattolico \u00e8 pi\u00f9 <em>soft<\/em>, sembra pi\u00f9 sfumato, ma solo perch\u00e9 la pletora dei cattolici italiani passa dal fedele <em>faidat\u00e9<\/em> (quello che blandamente \u201ccrede in dio\u201d e per il resto se ne frega) al fondamentalista misogino, omofobo, illiberale che si batte affinch\u00e9 i valori etici della Chiesa divengano legge dello Stato italiano. Non solo: il cattolicesimo <strong>si nutre di pedoindottrinamento<\/strong> e grazie a questo sopravvive. Si parte dalla nascita con il battesimo a porre il primo <em>marchio<\/em> e si prosegue con la somministrazione di catechismo e sacramenti in un\u2019et\u00e0 in cui non si ha alcuna consapevolezza per poter scegliere. A colpi di peccato e sensi di colpa la Chiesa tiene legate a s\u00e9 menti immature, forgiandole in modo tale che una volta adulte, con ottima probabilit\u00e0, non abbandonino il guscio culturale\u00a0 in cui\u00a0 il loro pensiero si \u00e8 formato. Con il rischio che diventino un Giovanardi o una Roccella o persino, se meno eruditi, un Cassano, a spacciare intolleranza e discriminazione come Verit\u00e0 assoluta.<\/p>\n<div id=\"cercaAutore\"><strong>Cecilia Maria Calamani &#8211; <a href=\"http:\/\/www.cronachelaiche.it\/2012\/06\/cattolico-per-sentenza\/\">Cronache Laiche<\/a><\/strong><\/div>\n","protected":false},"excerpt":{"rendered":"<p>Marco (nome di fantasia) \u00e8 un bambino come tanti, nato da genitori cattolici che di comune accordo lo educano all\u2019osservanza della loro religione. Qualche tempo dopo i due si separano e la madre cambia credo divenendo testimone di Geova. Nasce cos\u00ec un conflitto \u201ceducativo\u201d; Marco viene affidato in secondo grado alla madre purch\u00e9 questa si [&hellip;]<\/p>\n","protected":false},"author":7,"featured_media":0,"comment_status":"closed","ping_status":"closed","sticky":false,"template":"","format":"standard","meta":{"footnotes":""},"categories":[238,229],"tags":[1054,1053,75,27],"class_list":["post-10645","post","type-post","status-publish","format-standard","hentry","category-articoli","category-evidenza","tag-assurdita-giuridiche","tag-cassazione","tag-cecilia-calamani","tag-religioni"],"yoast_head":"<!-- This site is optimized with the Yoast SEO plugin v27.1.1 - https:\/\/yoast.com\/product\/yoast-seo-wordpress\/ -->\n<title>Cattolico per sentenza  - Associazione Culturale Civilt\u00e0 Laica<\/title>\n<meta name=\"robots\" content=\"index, follow, max-snippet:-1, max-image-preview:large, max-video-preview:-1\" \/>\n<link rel=\"canonical\" href=\"https:\/\/www.civiltalaica.it\/cms\/cattolico-per-sentenza\/\" \/>\n<meta property=\"og:locale\" content=\"it_IT\" \/>\n<meta property=\"og:type\" content=\"article\" \/>\n<meta property=\"og:title\" content=\"Cattolico per sentenza  - Associazione Culturale Civilt\u00e0 Laica\" \/>\n<meta property=\"og:description\" content=\"Marco (nome di fantasia) \u00e8 un bambino come tanti, nato da genitori cattolici che di comune accordo lo educano all\u2019osservanza della loro religione. Qualche tempo dopo i due si separano e la madre cambia credo divenendo testimone di Geova. Nasce cos\u00ec un conflitto \u201ceducativo\u201d; Marco viene affidato in secondo grado alla madre purch\u00e9 questa si [&hellip;]\" \/>\n<meta property=\"og:url\" content=\"https:\/\/www.civiltalaica.it\/cms\/cattolico-per-sentenza\/\" \/>\n<meta property=\"og:site_name\" content=\"Associazione Culturale Civilt\u00e0 Laica\" \/>\n<meta property=\"article:publisher\" content=\"https:\/\/www.facebook.com\/civiltalaica\" \/>\n<meta property=\"article:published_time\" content=\"2012-06-21T15:17:35+00:00\" \/>\n<meta property=\"article:modified_time\" content=\"2012-06-21T15:18:40+00:00\" \/>\n<meta property=\"og:image\" content=\"http:\/\/www.cronachelaiche.it\/wp-content\/uploads\/2012\/06\/battesimo2.jpg\" \/>\n<meta name=\"author\" content=\"alexjc\" \/>\n<meta name=\"twitter:card\" content=\"summary_large_image\" \/>\n<meta name=\"twitter:label1\" content=\"Scritto da\" \/>\n\t<meta name=\"twitter:data1\" content=\"alexjc\" \/>\n\t<meta name=\"twitter:label2\" content=\"Tempo di lettura stimato\" \/>\n\t<meta name=\"twitter:data2\" content=\"3 minuti\" \/>\n<script type=\"application\/ld+json\" class=\"yoast-schema-graph\">{\"@context\":\"https:\/\/schema.org\",\"@graph\":[{\"@type\":\"Article\",\"@id\":\"https:\/\/www.civiltalaica.it\/cms\/cattolico-per-sentenza\/#article\",\"isPartOf\":{\"@id\":\"https:\/\/www.civiltalaica.it\/cms\/cattolico-per-sentenza\/\"},\"author\":{\"name\":\"alexjc\",\"@id\":\"https:\/\/www.civiltalaica.it\/cms\/#\/schema\/person\/4efef56f866329a1e0943eb27336df1d\"},\"headline\":\"Cattolico per sentenza\",\"datePublished\":\"2012-06-21T15:17:35+00:00\",\"dateModified\":\"2012-06-21T15:18:40+00:00\",\"mainEntityOfPage\":{\"@id\":\"https:\/\/www.civiltalaica.it\/cms\/cattolico-per-sentenza\/\"},\"wordCount\":622,\"image\":{\"@id\":\"https:\/\/www.civiltalaica.it\/cms\/cattolico-per-sentenza\/#primaryimage\"},\"thumbnailUrl\":\"http:\/\/www.cronachelaiche.it\/wp-content\/uploads\/2012\/06\/battesimo2.jpg\",\"keywords\":[\"assurdit\u00e0 giuridiche\",\"cassazione\",\"cecilia calamani\",\"Religioni\"],\"articleSection\":[\"articoli\",\"in evidenza\"],\"inLanguage\":\"it-IT\"},{\"@type\":\"WebPage\",\"@id\":\"https:\/\/www.civiltalaica.it\/cms\/cattolico-per-sentenza\/\",\"url\":\"https:\/\/www.civiltalaica.it\/cms\/cattolico-per-sentenza\/\",\"name\":\"Cattolico per sentenza - Associazione Culturale Civilt\u00e0 Laica\",\"isPartOf\":{\"@id\":\"https:\/\/www.civiltalaica.it\/cms\/#website\"},\"primaryImageOfPage\":{\"@id\":\"https:\/\/www.civiltalaica.it\/cms\/cattolico-per-sentenza\/#primaryimage\"},\"image\":{\"@id\":\"https:\/\/www.civiltalaica.it\/cms\/cattolico-per-sentenza\/#primaryimage\"},\"thumbnailUrl\":\"http:\/\/www.cronachelaiche.it\/wp-content\/uploads\/2012\/06\/battesimo2.jpg\",\"datePublished\":\"2012-06-21T15:17:35+00:00\",\"dateModified\":\"2012-06-21T15:18:40+00:00\",\"author\":{\"@id\":\"https:\/\/www.civiltalaica.it\/cms\/#\/schema\/person\/4efef56f866329a1e0943eb27336df1d\"},\"breadcrumb\":{\"@id\":\"https:\/\/www.civiltalaica.it\/cms\/cattolico-per-sentenza\/#breadcrumb\"},\"inLanguage\":\"it-IT\",\"potentialAction\":[{\"@type\":\"ReadAction\",\"target\":[\"https:\/\/www.civiltalaica.it\/cms\/cattolico-per-sentenza\/\"]}]},{\"@type\":\"ImageObject\",\"inLanguage\":\"it-IT\",\"@id\":\"https:\/\/www.civiltalaica.it\/cms\/cattolico-per-sentenza\/#primaryimage\",\"url\":\"http:\/\/www.cronachelaiche.it\/wp-content\/uploads\/2012\/06\/battesimo2.jpg\",\"contentUrl\":\"http:\/\/www.cronachelaiche.it\/wp-content\/uploads\/2012\/06\/battesimo2.jpg\"},{\"@type\":\"BreadcrumbList\",\"@id\":\"https:\/\/www.civiltalaica.it\/cms\/cattolico-per-sentenza\/#breadcrumb\",\"itemListElement\":[{\"@type\":\"ListItem\",\"position\":1,\"name\":\"Home\",\"item\":\"https:\/\/www.civiltalaica.it\/cms\/\"},{\"@type\":\"ListItem\",\"position\":2,\"name\":\"Cattolico per sentenza\"}]},{\"@type\":\"WebSite\",\"@id\":\"https:\/\/www.civiltalaica.it\/cms\/#website\",\"url\":\"https:\/\/www.civiltalaica.it\/cms\/\",\"name\":\"Associazione Culturale Civilt\u00e0 Laica\",\"description\":\"Per un movimento culturale volto a difendere la Laicit\u00e0 dello Stato.\",\"potentialAction\":[{\"@type\":\"SearchAction\",\"target\":{\"@type\":\"EntryPoint\",\"urlTemplate\":\"https:\/\/www.civiltalaica.it\/cms\/?s={search_term_string}\"},\"query-input\":{\"@type\":\"PropertyValueSpecification\",\"valueRequired\":true,\"valueName\":\"search_term_string\"}}],\"inLanguage\":\"it-IT\"},{\"@type\":\"Person\",\"@id\":\"https:\/\/www.civiltalaica.it\/cms\/#\/schema\/person\/4efef56f866329a1e0943eb27336df1d\",\"name\":\"alexjc\",\"url\":\"https:\/\/www.civiltalaica.it\/cms\/author\/alexjc\/\"}]}<\/script>\n<!-- \/ Yoast SEO plugin. -->","yoast_head_json":{"title":"Cattolico per sentenza  - Associazione Culturale Civilt\u00e0 Laica","robots":{"index":"index","follow":"follow","max-snippet":"max-snippet:-1","max-image-preview":"max-image-preview:large","max-video-preview":"max-video-preview:-1"},"canonical":"https:\/\/www.civiltalaica.it\/cms\/cattolico-per-sentenza\/","og_locale":"it_IT","og_type":"article","og_title":"Cattolico per sentenza  - Associazione Culturale Civilt\u00e0 Laica","og_description":"Marco (nome di fantasia) \u00e8 un bambino come tanti, nato da genitori cattolici che di comune accordo lo educano all\u2019osservanza della loro religione. Qualche tempo dopo i due si separano e la madre cambia credo divenendo testimone di Geova. Nasce cos\u00ec un conflitto \u201ceducativo\u201d; Marco viene affidato in secondo grado alla madre purch\u00e9 questa si [&hellip;]","og_url":"https:\/\/www.civiltalaica.it\/cms\/cattolico-per-sentenza\/","og_site_name":"Associazione Culturale Civilt\u00e0 Laica","article_publisher":"https:\/\/www.facebook.com\/civiltalaica","article_published_time":"2012-06-21T15:17:35+00:00","article_modified_time":"2012-06-21T15:18:40+00:00","og_image":[{"url":"http:\/\/www.cronachelaiche.it\/wp-content\/uploads\/2012\/06\/battesimo2.jpg","type":"","width":"","height":""}],"author":"alexjc","twitter_card":"summary_large_image","twitter_misc":{"Scritto da":"alexjc","Tempo di lettura stimato":"3 minuti"},"schema":{"@context":"https:\/\/schema.org","@graph":[{"@type":"Article","@id":"https:\/\/www.civiltalaica.it\/cms\/cattolico-per-sentenza\/#article","isPartOf":{"@id":"https:\/\/www.civiltalaica.it\/cms\/cattolico-per-sentenza\/"},"author":{"name":"alexjc","@id":"https:\/\/www.civiltalaica.it\/cms\/#\/schema\/person\/4efef56f866329a1e0943eb27336df1d"},"headline":"Cattolico per sentenza","datePublished":"2012-06-21T15:17:35+00:00","dateModified":"2012-06-21T15:18:40+00:00","mainEntityOfPage":{"@id":"https:\/\/www.civiltalaica.it\/cms\/cattolico-per-sentenza\/"},"wordCount":622,"image":{"@id":"https:\/\/www.civiltalaica.it\/cms\/cattolico-per-sentenza\/#primaryimage"},"thumbnailUrl":"http:\/\/www.cronachelaiche.it\/wp-content\/uploads\/2012\/06\/battesimo2.jpg","keywords":["assurdit\u00e0 giuridiche","cassazione","cecilia calamani","Religioni"],"articleSection":["articoli","in evidenza"],"inLanguage":"it-IT"},{"@type":"WebPage","@id":"https:\/\/www.civiltalaica.it\/cms\/cattolico-per-sentenza\/","url":"https:\/\/www.civiltalaica.it\/cms\/cattolico-per-sentenza\/","name":"Cattolico per sentenza - Associazione Culturale Civilt\u00e0 Laica","isPartOf":{"@id":"https:\/\/www.civiltalaica.it\/cms\/#website"},"primaryImageOfPage":{"@id":"https:\/\/www.civiltalaica.it\/cms\/cattolico-per-sentenza\/#primaryimage"},"image":{"@id":"https:\/\/www.civiltalaica.it\/cms\/cattolico-per-sentenza\/#primaryimage"},"thumbnailUrl":"http:\/\/www.cronachelaiche.it\/wp-content\/uploads\/2012\/06\/battesimo2.jpg","datePublished":"2012-06-21T15:17:35+00:00","dateModified":"2012-06-21T15:18:40+00:00","author":{"@id":"https:\/\/www.civiltalaica.it\/cms\/#\/schema\/person\/4efef56f866329a1e0943eb27336df1d"},"breadcrumb":{"@id":"https:\/\/www.civiltalaica.it\/cms\/cattolico-per-sentenza\/#breadcrumb"},"inLanguage":"it-IT","potentialAction":[{"@type":"ReadAction","target":["https:\/\/www.civiltalaica.it\/cms\/cattolico-per-sentenza\/"]}]},{"@type":"ImageObject","inLanguage":"it-IT","@id":"https:\/\/www.civiltalaica.it\/cms\/cattolico-per-sentenza\/#primaryimage","url":"http:\/\/www.cronachelaiche.it\/wp-content\/uploads\/2012\/06\/battesimo2.jpg","contentUrl":"http:\/\/www.cronachelaiche.it\/wp-content\/uploads\/2012\/06\/battesimo2.jpg"},{"@type":"BreadcrumbList","@id":"https:\/\/www.civiltalaica.it\/cms\/cattolico-per-sentenza\/#breadcrumb","itemListElement":[{"@type":"ListItem","position":1,"name":"Home","item":"https:\/\/www.civiltalaica.it\/cms\/"},{"@type":"ListItem","position":2,"name":"Cattolico per sentenza"}]},{"@type":"WebSite","@id":"https:\/\/www.civiltalaica.it\/cms\/#website","url":"https:\/\/www.civiltalaica.it\/cms\/","name":"Associazione Culturale Civilt\u00e0 Laica","description":"Per un movimento culturale volto a difendere la Laicit\u00e0 dello Stato.","potentialAction":[{"@type":"SearchAction","target":{"@type":"EntryPoint","urlTemplate":"https:\/\/www.civiltalaica.it\/cms\/?s={search_term_string}"},"query-input":{"@type":"PropertyValueSpecification","valueRequired":true,"valueName":"search_term_string"}}],"inLanguage":"it-IT"},{"@type":"Person","@id":"https:\/\/www.civiltalaica.it\/cms\/#\/schema\/person\/4efef56f866329a1e0943eb27336df1d","name":"alexjc","url":"https:\/\/www.civiltalaica.it\/cms\/author\/alexjc\/"}]}},"_links":{"self":[{"href":"https:\/\/www.civiltalaica.it\/cms\/wp-json\/wp\/v2\/posts\/10645","targetHints":{"allow":["GET"]}}],"collection":[{"href":"https:\/\/www.civiltalaica.it\/cms\/wp-json\/wp\/v2\/posts"}],"about":[{"href":"https:\/\/www.civiltalaica.it\/cms\/wp-json\/wp\/v2\/types\/post"}],"author":[{"embeddable":true,"href":"https:\/\/www.civiltalaica.it\/cms\/wp-json\/wp\/v2\/users\/7"}],"replies":[{"embeddable":true,"href":"https:\/\/www.civiltalaica.it\/cms\/wp-json\/wp\/v2\/comments?post=10645"}],"version-history":[{"count":0,"href":"https:\/\/www.civiltalaica.it\/cms\/wp-json\/wp\/v2\/posts\/10645\/revisions"}],"wp:attachment":[{"href":"https:\/\/www.civiltalaica.it\/cms\/wp-json\/wp\/v2\/media?parent=10645"}],"wp:term":[{"taxonomy":"category","embeddable":true,"href":"https:\/\/www.civiltalaica.it\/cms\/wp-json\/wp\/v2\/categories?post=10645"},{"taxonomy":"post_tag","embeddable":true,"href":"https:\/\/www.civiltalaica.it\/cms\/wp-json\/wp\/v2\/tags?post=10645"}],"curies":[{"name":"wp","href":"https:\/\/api.w.org\/{rel}","templated":true}]}}