{"id":10561,"date":"2012-05-07T20:23:33","date_gmt":"2012-05-07T20:23:33","guid":{"rendered":"http:\/\/www.civiltalaica.it\/cms\/?p=10561"},"modified":"2012-05-07T20:23:33","modified_gmt":"2012-05-07T20:23:33","slug":"scout-e-omosessualita-la-punta-delliceberg","status":"publish","type":"post","link":"https:\/\/www.civiltalaica.it\/cms\/scout-e-omosessualita-la-punta-delliceberg\/","title":{"rendered":"Scout e omosessualit\u00e0, la punta dell\u2019iceberg"},"content":{"rendered":"<p>La bufera che ha investito l\u2019<strong>Agesci<\/strong>\u00a0a qualche giorno dalla pubblicazione degli atti del seminario \u201c<a href=\"http:\/\/www.agesci.org\/downloads\/atti_seminario.pdf\" target=\"_blank\">Omosessualit\u00e0: nodi da sciogliere nelle comunit\u00e0 capi<\/a>\u201d fa riflettere ancora una volta\u00a0su cosa significhi definirsi\u00a0<strong>cattolici<\/strong>, visto che l\u2019aderenza richiesta alla dottrina della Chiesa sembra stupire i suoi stessi adepti, ignari, o forse solo troppo dediti a una pi\u00f9 comoda religione\u00a0<em>faidat\u00e9<\/em>, dei principi che sono chiamati a rispettare.<!--more--><\/p>\n<p><a href=\"http:\/\/www.civiltalaica.it\/cms\/wp-content\/uploads\/2012\/05\/snoopy_scout.jpg\"><img loading=\"lazy\" decoding=\"async\" class=\"alignleft size-medium wp-image-10562\" title=\"snoopy_scout\" src=\"http:\/\/www.civiltalaica.it\/cms\/wp-content\/uploads\/2012\/05\/snoopy_scout-300x189.jpg\" alt=\"\" width=\"300\" height=\"189\" srcset=\"https:\/\/www.civiltalaica.it\/cms\/wp-content\/uploads\/2012\/05\/snoopy_scout-300x189.jpg 300w, https:\/\/www.civiltalaica.it\/cms\/wp-content\/uploads\/2012\/05\/snoopy_scout.jpg 316w\" sizes=\"auto, (max-width: 300px) 100vw, 300px\" \/><\/a>Per chi si \u00e8 perso la polemica, trattata con particolare enfasi da gran parte della stampa nostrana, dal seminario sono uscite delle linee guida secondo le quali un capo scout pu\u00f2 s\u00ec essere gay, ma oltre a dover essere\u00a0<strong>casto<\/strong>\u00a0come comanda Santa Madre Chiesa,\u00a0<strong>non deve dichiararlo<\/strong>: \u00ab<em>I<\/em><em>\u00a0capi che praticano l\u2019omosessualit\u00e0, o che la presentano come una \u00a0possibilit\u00e0 positiva dell\u2019orientamento sessuale, costituiscono un problema educativo<\/em>\u00bb (padre Francesco Compagnoni, relatore al seminario). Inoltre, se emerge in un ragazzo una tendenza omosessuale, \u00e8 bene che la famiglia si rivolga a uno\u00a0<strong>psicologo dell\u2019et\u00e0 evolutiva<\/strong>\u00a0per valutare il caso.<br \/>Nel putiferio che si \u00e8 scatenato, sia da parte delle associazioni Lgbt sia all\u2019interno stesso dell\u2019Agesci, pare che a tutti sia sfuggito un particolare che dirime la faccenda senza far ricorso a scalpori e rivendicazioni di diritti.<\/p>\n<p>Agesci \u00e8 un acronimo che sta per\u00a0<strong><em>Associazione guide e scout cattolici italiani<\/em><\/strong>. Stiamo parlando cio\u00e8 di un\u2019associazione che pone tra le sue fondamenta l\u2019aderenza al cattolicesimo, che si sviluppa in seno alla Chiesa e fornisce anche\u00a0un\u2019educazione di tipo religioso ai suoi aderenti.<br \/>Quale sia il pensiero della Chiesa sull\u2019omosessualit\u00e0 \u2013 e in generale sui temi legati alla sfera sessuale e a quella \u201cetica\u201d \u2013 \u00e8 noto. Un\u00a0<strong>buon cattolico<\/strong>\u00a0condanna l\u2019omosessualit\u00e0, un comportamento disordinato e \u00ab<em>contrario alla legge naturale<\/em>\u00bb, non fa uso di contraccettivi perch\u00e9 il sesso \u00e8 finalizzato alla riproduzione, non abortisce, non pratica sesso fuori dal matrimonio, adotta la castit\u00e0 come stile di vita, non \u00e8 padrone di autodeterminarsi perch\u00e9 la sua vita, in quanto dono di dio, non gli appartiene.<br \/>Cose dette e ridette, trite e ritrite e non solo sulle pagine di\u00a0<em>Cronache Laiche<\/em>. Il papa torna molto spesso su questi temi a tg unificati e con lui l\u2019intero stato maggiore del Vaticano, ossessionato da tutto ci\u00f2 che pu\u00f2 avvenire nelle camere da letto dei cittadini (e non solo cattolici, purtroppo).<\/p>\n<p>Qual \u00e8 lo scandalo, dunque? Come pu\u00f2 pensare chi aderisce a un\u2019associazione cattolica di potersi tirare fuori dal rispetto delle regole morali \u2013 per quanto anacronistiche, deliranti, illiberali e antiscientifiche \u2013 della religione che ha eletto a guida? E come possono quelli che stanno fuori \u2013 le associazioni Lgbt, ad esempio \u2013 stupirsi \u00a0perch\u00e9 un gruppo di matrice cattolica chiede di rispettare la<strong>dottrina della Chiesa<\/strong>, quella stessa Chiesa che la ospita e la sostiene all\u2019interno delle sue strutture?<br \/>Nessun cattolico, o che si definisca tale, pu\u00f2 ignorare cosa dice la Chiesa per bocca dei suoi referenti sulla\u00a0<strong>sessualit\u00e0<\/strong>. Nessun cattolico pu\u00f2 tirarsi fuori quando la dottrina della Chiesa, ribadita a ogni Angelus dal pulpito papale come verit\u00e0 di fede, trova la sua attuazione pratica nella discriminazione e nel sessismo, nel divieto e nell\u2019ipocrisia. Quanto a quelli che dalla Chiesa stanno fuori, pi\u00f9 che scagliarsi contro le regole che questa impone alla sua comunit\u00e0 di fedeli dovrebbero far leva sul vero problema, che \u00e8 quello\u00a0<strong>del sostegno, del finanziamento e della promozione valoriale<\/strong>\u00a0assicurati dallo Stato a una\u00a0religione che insegna in sordina a bambini e adolescenti principi discriminatori, antiscientifici e illiberali in netto contrasto con i diritti fondamentali dell\u2019uomo (e gli articoli della Costituzione).<\/p>\n<p>Tanto per dirne una, l\u2019Agesci, cos\u00ec come tante associazioni e gruppi cattolici, gode dello status di<strong>Associazione di promozione sociale<\/strong>\u00a0(Aps) e come tale concorre a incassare quota parte del\u00a0<strong>5 per mille<\/strong>\u00a0dell\u2019Irpef dei cittadini italiani. Eppure, uno dei punti per essere riconosciuti dallo Stato come Aps \u00e8 \u00ab<em>il pieno rispetto della libert\u00e0 e dignit\u00e0 degli associati<\/em>\u00bb. Come si concilia ci\u00f2 con il divieto di fare\u00a0<em>coming out<\/em>?<\/p>\n<p><strong>Cecilia M. Calamani &#8211;<a href=\"http:\/\/www.cronachelaiche.it\/2012\/05\/scout-e-omosessualita-la-punta-dell%E2%80%99iceberg\/\"> Cronache Laiche<\/a><\/strong><\/p>\n","protected":false},"excerpt":{"rendered":"<p>La bufera che ha investito l\u2019Agesci\u00a0a qualche giorno dalla pubblicazione degli atti del seminario \u201cOmosessualit\u00e0: nodi da sciogliere nelle comunit\u00e0 capi\u201d fa riflettere ancora una volta\u00a0su cosa significhi definirsi\u00a0cattolici, visto che l\u2019aderenza richiesta alla dottrina della Chiesa sembra stupire i suoi stessi adepti, ignari, o forse solo troppo dediti a una pi\u00f9 comoda religione\u00a0faidat\u00e9, dei [&hellip;]<\/p>\n","protected":false},"author":7,"featured_media":0,"comment_status":"closed","ping_status":"closed","sticky":false,"template":"","format":"standard","meta":{"footnotes":""},"categories":[238,230],"tags":[75,264,1025,1024],"class_list":["post-10561","post","type-post","status-publish","format-standard","hentry","category-articoli","category-attualita","tag-cecilia-calamani","tag-omosessualita","tag-religione-cattolica","tag-scout"],"yoast_head":"<!-- This site is optimized with the Yoast SEO plugin v27.1.1 - https:\/\/yoast.com\/product\/yoast-seo-wordpress\/ -->\n<title>Scout e omosessualit\u00e0, la punta dell\u2019iceberg - Associazione Culturale Civilt\u00e0 Laica<\/title>\n<meta name=\"robots\" content=\"index, follow, max-snippet:-1, max-image-preview:large, max-video-preview:-1\" \/>\n<link rel=\"canonical\" href=\"https:\/\/www.civiltalaica.it\/cms\/scout-e-omosessualita-la-punta-delliceberg\/\" \/>\n<meta property=\"og:locale\" content=\"it_IT\" \/>\n<meta property=\"og:type\" content=\"article\" \/>\n<meta property=\"og:title\" content=\"Scout e omosessualit\u00e0, la punta dell\u2019iceberg - Associazione Culturale Civilt\u00e0 Laica\" \/>\n<meta property=\"og:description\" content=\"La bufera che ha investito l\u2019Agesci\u00a0a qualche giorno dalla pubblicazione degli atti del seminario \u201cOmosessualit\u00e0: nodi da sciogliere nelle comunit\u00e0 capi\u201d fa riflettere ancora una volta\u00a0su cosa significhi definirsi\u00a0cattolici, visto che l\u2019aderenza richiesta alla dottrina della Chiesa sembra stupire i suoi stessi adepti, ignari, o forse solo troppo dediti a una pi\u00f9 comoda religione\u00a0faidat\u00e9, dei [&hellip;]\" \/>\n<meta property=\"og:url\" content=\"https:\/\/www.civiltalaica.it\/cms\/scout-e-omosessualita-la-punta-delliceberg\/\" \/>\n<meta property=\"og:site_name\" content=\"Associazione Culturale Civilt\u00e0 Laica\" \/>\n<meta property=\"article:publisher\" content=\"https:\/\/www.facebook.com\/civiltalaica\" \/>\n<meta property=\"article:published_time\" content=\"2012-05-07T20:23:33+00:00\" \/>\n<meta property=\"og:image\" content=\"http:\/\/www.civiltalaica.it\/cms\/wp-content\/uploads\/2012\/05\/snoopy_scout-300x189.jpg\" \/>\n<meta name=\"author\" content=\"alexjc\" \/>\n<meta name=\"twitter:card\" content=\"summary_large_image\" \/>\n<meta name=\"twitter:label1\" content=\"Scritto da\" \/>\n\t<meta name=\"twitter:data1\" content=\"alexjc\" \/>\n\t<meta name=\"twitter:label2\" content=\"Tempo di lettura stimato\" \/>\n\t<meta name=\"twitter:data2\" content=\"3 minuti\" \/>\n<script type=\"application\/ld+json\" class=\"yoast-schema-graph\">{\"@context\":\"https:\/\/schema.org\",\"@graph\":[{\"@type\":\"Article\",\"@id\":\"https:\/\/www.civiltalaica.it\/cms\/scout-e-omosessualita-la-punta-delliceberg\/#article\",\"isPartOf\":{\"@id\":\"https:\/\/www.civiltalaica.it\/cms\/scout-e-omosessualita-la-punta-delliceberg\/\"},\"author\":{\"name\":\"alexjc\",\"@id\":\"https:\/\/www.civiltalaica.it\/cms\/#\/schema\/person\/4efef56f866329a1e0943eb27336df1d\"},\"headline\":\"Scout e omosessualit\u00e0, la punta dell\u2019iceberg\",\"datePublished\":\"2012-05-07T20:23:33+00:00\",\"mainEntityOfPage\":{\"@id\":\"https:\/\/www.civiltalaica.it\/cms\/scout-e-omosessualita-la-punta-delliceberg\/\"},\"wordCount\":664,\"image\":{\"@id\":\"https:\/\/www.civiltalaica.it\/cms\/scout-e-omosessualita-la-punta-delliceberg\/#primaryimage\"},\"thumbnailUrl\":\"http:\/\/www.civiltalaica.it\/cms\/wp-content\/uploads\/2012\/05\/snoopy_scout-300x189.jpg\",\"keywords\":[\"cecilia calamani\",\"omosessualit\u00e0\",\"religione cattolica\",\"scout\"],\"articleSection\":[\"articoli\",\"attualit\u00e0\"],\"inLanguage\":\"it-IT\"},{\"@type\":\"WebPage\",\"@id\":\"https:\/\/www.civiltalaica.it\/cms\/scout-e-omosessualita-la-punta-delliceberg\/\",\"url\":\"https:\/\/www.civiltalaica.it\/cms\/scout-e-omosessualita-la-punta-delliceberg\/\",\"name\":\"Scout e omosessualit\u00e0, la punta dell\u2019iceberg - Associazione Culturale Civilt\u00e0 Laica\",\"isPartOf\":{\"@id\":\"https:\/\/www.civiltalaica.it\/cms\/#website\"},\"primaryImageOfPage\":{\"@id\":\"https:\/\/www.civiltalaica.it\/cms\/scout-e-omosessualita-la-punta-delliceberg\/#primaryimage\"},\"image\":{\"@id\":\"https:\/\/www.civiltalaica.it\/cms\/scout-e-omosessualita-la-punta-delliceberg\/#primaryimage\"},\"thumbnailUrl\":\"http:\/\/www.civiltalaica.it\/cms\/wp-content\/uploads\/2012\/05\/snoopy_scout-300x189.jpg\",\"datePublished\":\"2012-05-07T20:23:33+00:00\",\"author\":{\"@id\":\"https:\/\/www.civiltalaica.it\/cms\/#\/schema\/person\/4efef56f866329a1e0943eb27336df1d\"},\"breadcrumb\":{\"@id\":\"https:\/\/www.civiltalaica.it\/cms\/scout-e-omosessualita-la-punta-delliceberg\/#breadcrumb\"},\"inLanguage\":\"it-IT\",\"potentialAction\":[{\"@type\":\"ReadAction\",\"target\":[\"https:\/\/www.civiltalaica.it\/cms\/scout-e-omosessualita-la-punta-delliceberg\/\"]}]},{\"@type\":\"ImageObject\",\"inLanguage\":\"it-IT\",\"@id\":\"https:\/\/www.civiltalaica.it\/cms\/scout-e-omosessualita-la-punta-delliceberg\/#primaryimage\",\"url\":\"http:\/\/www.civiltalaica.it\/cms\/wp-content\/uploads\/2012\/05\/snoopy_scout-300x189.jpg\",\"contentUrl\":\"http:\/\/www.civiltalaica.it\/cms\/wp-content\/uploads\/2012\/05\/snoopy_scout-300x189.jpg\"},{\"@type\":\"BreadcrumbList\",\"@id\":\"https:\/\/www.civiltalaica.it\/cms\/scout-e-omosessualita-la-punta-delliceberg\/#breadcrumb\",\"itemListElement\":[{\"@type\":\"ListItem\",\"position\":1,\"name\":\"Home\",\"item\":\"https:\/\/www.civiltalaica.it\/cms\/\"},{\"@type\":\"ListItem\",\"position\":2,\"name\":\"Scout e omosessualit\u00e0, la punta dell\u2019iceberg\"}]},{\"@type\":\"WebSite\",\"@id\":\"https:\/\/www.civiltalaica.it\/cms\/#website\",\"url\":\"https:\/\/www.civiltalaica.it\/cms\/\",\"name\":\"Associazione Culturale Civilt\u00e0 Laica\",\"description\":\"Per un movimento culturale volto a difendere la Laicit\u00e0 dello Stato.\",\"potentialAction\":[{\"@type\":\"SearchAction\",\"target\":{\"@type\":\"EntryPoint\",\"urlTemplate\":\"https:\/\/www.civiltalaica.it\/cms\/?s={search_term_string}\"},\"query-input\":{\"@type\":\"PropertyValueSpecification\",\"valueRequired\":true,\"valueName\":\"search_term_string\"}}],\"inLanguage\":\"it-IT\"},{\"@type\":\"Person\",\"@id\":\"https:\/\/www.civiltalaica.it\/cms\/#\/schema\/person\/4efef56f866329a1e0943eb27336df1d\",\"name\":\"alexjc\",\"url\":\"https:\/\/www.civiltalaica.it\/cms\/author\/alexjc\/\"}]}<\/script>\n<!-- \/ Yoast SEO plugin. -->","yoast_head_json":{"title":"Scout e omosessualit\u00e0, la punta dell\u2019iceberg - Associazione Culturale Civilt\u00e0 Laica","robots":{"index":"index","follow":"follow","max-snippet":"max-snippet:-1","max-image-preview":"max-image-preview:large","max-video-preview":"max-video-preview:-1"},"canonical":"https:\/\/www.civiltalaica.it\/cms\/scout-e-omosessualita-la-punta-delliceberg\/","og_locale":"it_IT","og_type":"article","og_title":"Scout e omosessualit\u00e0, la punta dell\u2019iceberg - Associazione Culturale Civilt\u00e0 Laica","og_description":"La bufera che ha investito l\u2019Agesci\u00a0a qualche giorno dalla pubblicazione degli atti del seminario \u201cOmosessualit\u00e0: nodi da sciogliere nelle comunit\u00e0 capi\u201d fa riflettere ancora una volta\u00a0su cosa significhi definirsi\u00a0cattolici, visto che l\u2019aderenza richiesta alla dottrina della Chiesa sembra stupire i suoi stessi adepti, ignari, o forse solo troppo dediti a una pi\u00f9 comoda religione\u00a0faidat\u00e9, dei [&hellip;]","og_url":"https:\/\/www.civiltalaica.it\/cms\/scout-e-omosessualita-la-punta-delliceberg\/","og_site_name":"Associazione Culturale Civilt\u00e0 Laica","article_publisher":"https:\/\/www.facebook.com\/civiltalaica","article_published_time":"2012-05-07T20:23:33+00:00","og_image":[{"url":"http:\/\/www.civiltalaica.it\/cms\/wp-content\/uploads\/2012\/05\/snoopy_scout-300x189.jpg","type":"","width":"","height":""}],"author":"alexjc","twitter_card":"summary_large_image","twitter_misc":{"Scritto da":"alexjc","Tempo di lettura stimato":"3 minuti"},"schema":{"@context":"https:\/\/schema.org","@graph":[{"@type":"Article","@id":"https:\/\/www.civiltalaica.it\/cms\/scout-e-omosessualita-la-punta-delliceberg\/#article","isPartOf":{"@id":"https:\/\/www.civiltalaica.it\/cms\/scout-e-omosessualita-la-punta-delliceberg\/"},"author":{"name":"alexjc","@id":"https:\/\/www.civiltalaica.it\/cms\/#\/schema\/person\/4efef56f866329a1e0943eb27336df1d"},"headline":"Scout e omosessualit\u00e0, la punta dell\u2019iceberg","datePublished":"2012-05-07T20:23:33+00:00","mainEntityOfPage":{"@id":"https:\/\/www.civiltalaica.it\/cms\/scout-e-omosessualita-la-punta-delliceberg\/"},"wordCount":664,"image":{"@id":"https:\/\/www.civiltalaica.it\/cms\/scout-e-omosessualita-la-punta-delliceberg\/#primaryimage"},"thumbnailUrl":"http:\/\/www.civiltalaica.it\/cms\/wp-content\/uploads\/2012\/05\/snoopy_scout-300x189.jpg","keywords":["cecilia calamani","omosessualit\u00e0","religione cattolica","scout"],"articleSection":["articoli","attualit\u00e0"],"inLanguage":"it-IT"},{"@type":"WebPage","@id":"https:\/\/www.civiltalaica.it\/cms\/scout-e-omosessualita-la-punta-delliceberg\/","url":"https:\/\/www.civiltalaica.it\/cms\/scout-e-omosessualita-la-punta-delliceberg\/","name":"Scout e omosessualit\u00e0, la punta dell\u2019iceberg - Associazione Culturale Civilt\u00e0 Laica","isPartOf":{"@id":"https:\/\/www.civiltalaica.it\/cms\/#website"},"primaryImageOfPage":{"@id":"https:\/\/www.civiltalaica.it\/cms\/scout-e-omosessualita-la-punta-delliceberg\/#primaryimage"},"image":{"@id":"https:\/\/www.civiltalaica.it\/cms\/scout-e-omosessualita-la-punta-delliceberg\/#primaryimage"},"thumbnailUrl":"http:\/\/www.civiltalaica.it\/cms\/wp-content\/uploads\/2012\/05\/snoopy_scout-300x189.jpg","datePublished":"2012-05-07T20:23:33+00:00","author":{"@id":"https:\/\/www.civiltalaica.it\/cms\/#\/schema\/person\/4efef56f866329a1e0943eb27336df1d"},"breadcrumb":{"@id":"https:\/\/www.civiltalaica.it\/cms\/scout-e-omosessualita-la-punta-delliceberg\/#breadcrumb"},"inLanguage":"it-IT","potentialAction":[{"@type":"ReadAction","target":["https:\/\/www.civiltalaica.it\/cms\/scout-e-omosessualita-la-punta-delliceberg\/"]}]},{"@type":"ImageObject","inLanguage":"it-IT","@id":"https:\/\/www.civiltalaica.it\/cms\/scout-e-omosessualita-la-punta-delliceberg\/#primaryimage","url":"http:\/\/www.civiltalaica.it\/cms\/wp-content\/uploads\/2012\/05\/snoopy_scout-300x189.jpg","contentUrl":"http:\/\/www.civiltalaica.it\/cms\/wp-content\/uploads\/2012\/05\/snoopy_scout-300x189.jpg"},{"@type":"BreadcrumbList","@id":"https:\/\/www.civiltalaica.it\/cms\/scout-e-omosessualita-la-punta-delliceberg\/#breadcrumb","itemListElement":[{"@type":"ListItem","position":1,"name":"Home","item":"https:\/\/www.civiltalaica.it\/cms\/"},{"@type":"ListItem","position":2,"name":"Scout e omosessualit\u00e0, la punta dell\u2019iceberg"}]},{"@type":"WebSite","@id":"https:\/\/www.civiltalaica.it\/cms\/#website","url":"https:\/\/www.civiltalaica.it\/cms\/","name":"Associazione Culturale Civilt\u00e0 Laica","description":"Per un movimento culturale volto a difendere la Laicit\u00e0 dello Stato.","potentialAction":[{"@type":"SearchAction","target":{"@type":"EntryPoint","urlTemplate":"https:\/\/www.civiltalaica.it\/cms\/?s={search_term_string}"},"query-input":{"@type":"PropertyValueSpecification","valueRequired":true,"valueName":"search_term_string"}}],"inLanguage":"it-IT"},{"@type":"Person","@id":"https:\/\/www.civiltalaica.it\/cms\/#\/schema\/person\/4efef56f866329a1e0943eb27336df1d","name":"alexjc","url":"https:\/\/www.civiltalaica.it\/cms\/author\/alexjc\/"}]}},"_links":{"self":[{"href":"https:\/\/www.civiltalaica.it\/cms\/wp-json\/wp\/v2\/posts\/10561","targetHints":{"allow":["GET"]}}],"collection":[{"href":"https:\/\/www.civiltalaica.it\/cms\/wp-json\/wp\/v2\/posts"}],"about":[{"href":"https:\/\/www.civiltalaica.it\/cms\/wp-json\/wp\/v2\/types\/post"}],"author":[{"embeddable":true,"href":"https:\/\/www.civiltalaica.it\/cms\/wp-json\/wp\/v2\/users\/7"}],"replies":[{"embeddable":true,"href":"https:\/\/www.civiltalaica.it\/cms\/wp-json\/wp\/v2\/comments?post=10561"}],"version-history":[{"count":0,"href":"https:\/\/www.civiltalaica.it\/cms\/wp-json\/wp\/v2\/posts\/10561\/revisions"}],"wp:attachment":[{"href":"https:\/\/www.civiltalaica.it\/cms\/wp-json\/wp\/v2\/media?parent=10561"}],"wp:term":[{"taxonomy":"category","embeddable":true,"href":"https:\/\/www.civiltalaica.it\/cms\/wp-json\/wp\/v2\/categories?post=10561"},{"taxonomy":"post_tag","embeddable":true,"href":"https:\/\/www.civiltalaica.it\/cms\/wp-json\/wp\/v2\/tags?post=10561"}],"curies":[{"name":"wp","href":"https:\/\/api.w.org\/{rel}","templated":true}]}}