{"id":10546,"date":"2012-04-26T21:01:52","date_gmt":"2012-04-26T21:01:52","guid":{"rendered":"http:\/\/www.civiltalaica.it\/cms\/?p=10546"},"modified":"2012-04-26T21:01:52","modified_gmt":"2012-04-26T21:01:52","slug":"quelli-che-io-tremo","status":"publish","type":"post","link":"https:\/\/www.civiltalaica.it\/cms\/quelli-che-io-tremo\/","title":{"rendered":"QUELLI CHE..  IO TREMO"},"content":{"rendered":"<p>\u00a0Le hanno gridato \u201cskiksa!\u201d, che pu\u00f2 essere tradotto blandamente con \u2018donna di facile amore\u2019, poi l\u2019hanno estratta dalla sua auto con la quale tentava di fuggire-non senza bucare le ruote e fracassare i finestrini-col chiaro intento di linciarla. Fra l\u2019indifferenza generale.\u00a0 Natali Mashiah (curiosit\u00e0:\u00a0 Messia!), 27 anni, venditrice di spazi pubblicitari, se l\u2019\u00e8 cavata per un soffio.\u00a0 La sua colpa? Essere uscita di casa vestita con pantaloni, maglione e giacca. Un abbigliamento indecente, come ognuno pu\u00f2 capire.\u00a0<!--more--> <img loading=\"lazy\" decoding=\"async\" class=\"alignnone\" title=\"haredim\" src=\"http:\/\/upload.wikimedia.org\/wikipedia\/commons\/thumb\/3\/30\/HarediC_filtered.jpg\/150px-HarediC_filtered.jpg\" alt=\"\" width=\"150\" height=\"286\" \/>Gli autori dell\u2019eroico gesto:\u00a0 un gruppo di circa 50(cinquanta!) ebrei ultraortodossi della comunit\u00e0 degli HAREDIM.\u00a0 Dopo mezz\u2019ora di lapidazione arriva la polizia-nonostante tutto Natali era riuscita ad avvisarla col cellulare-che arresta tre degli aggressori. Rilasciati dopo due giorni.\u00a0 Il fatto \u00e8 accaduto(gen. 2012) a Beit Shemesh, a 20 km. da Gerusalemme (85mila abitanti. Nemmeno un palestinese), la citt\u00e0 a pi\u00f9 alta concentrazione di haredim, cio\u00e8 \u2018coloro che tremano davanti alla parola di Dio\u2019:\u00a0 cos\u00ec si definiscono(v. titolo).\u00a0 Chiamati anche \u2018cappotti neri\u2019 con riferimento al loro abbigliamento, completato da pantaloni neri, lobbia (nera) oppure colbacco sovradimensionato (nero).\u00a0 Poi ci sono le graziose treccine devozionali (cernecchi).\u00a0 Essi non si dedicano ad altro che non sia lo studio e la pratica dei Sacri Testi (Torah, Talmud), disdegnano tanto la cultura scientifica quanto quella umanistica, s\u00ec che qualcuno ormai li chiama anche, a ragione: \u2018i Talebani di Israele\u2019.\u00a0 Come per questi, anche per loro la sessuofobia ed il disprezzo della donna regnano sovrani.\u00a0 Le donne haredim possono andare in giro solo se incappucciate in un abito del tutto simile al niqab islamico, i posti in autobus di uomini e donne sono rigorosamente separati, ed altre amenit\u00e0, come.. udite!\u00a0 Alle ragazzine \u00e8 proibito cantare in pubblico perch\u00e9 le loro voci sono considerate.. ORGANI SESSUALI!\u00a0 Il parossismo sessuofobico \u00e8 tale da creare imbarazzo e dissidi all\u2019interno della stessa comunit\u00e0, come quando-questa non volevo farvela perdere..-un gruppo di rabbini ha elaborato 39(trentanove!) regole per non peccare quando si \u00e8 in intimit\u00e0 con la propria moglie. Eccone alcune. Vietato baciare il corpo della donna, camera da letto completamente oscurata, coppia coperta dalla testa ai piedi. Questo s\u00ec che \u00e8.. delirio dei sensi! Al che c\u2019\u00e8 stata la reazione di un autorevole rabbino, Stapler, che ha dichiarato non essere graditi a dio quegli uomini che non cercano di soddisfare sessualmente la propria moglie.\u00a0 Ma al di l\u00e0 degli aspetti folcloristici, il lato inquietante della vicenda haredim \u00e8 che essi stanno acquistando sempre pi\u00f9 peso nella societ\u00e0 israeliana. Se oggi costituiscono il 10% della popolazione, \u00e8 prevedibile che a causa della loro prodigiosa fertilit\u00e0 (6-10 figli per coppia \u00e8 la norma) raddoppieranno in capo a vent\u2019anni.\u00a0 Non c\u2019\u00e8 bisogno di spiegare quali esiti possa avere ci\u00f2 nella questione palestinese se si considera che anche la popolazione arabo-israeliana di fede islamica \u00e8 in costante aumento. Ma gli haredim sono un problema anche all\u2019interno della stessa Israele ebraica. Essi considerano lo stesso Stato di Israele.. un\u2019ERESIA! Perch\u00e9?! Ma perch\u00e9 si \u00e8 costituito.. \u2018prima della venuta del Messia!\u2019. Che domande! Concetto non condiviso da un altro gruppo ultrareligioso, i DATIIM(gi\u00e0 vicinissimi alle leve del potere) , che per\u00f2 sono d\u2019accordissimo con quelli sull\u2019odio verso l\u2019Israele laico e democratico.\u00a0 Cosa potr\u00e0 accadere in futuro nel punto pi\u00f9 caldo del mondo grazie a questi \u2018uomini di buona volont\u00e0\u2019, e come si ripercuoter\u00e0 a livello globale, ci costringe a concordare con gli haredim almeno su un punto. La tremarella. \u00a0 Ma basta coi mugugni!\u00a0 Nessuna cosa \u00e8 mai del tutto negativa e tale da non poter essere fonte d\u2019insegnamento. Anche haredim e affini.\u00a0 Costoro ci permettono di renderci conto di quella che \u00e8 l\u2019essenza delle religioni a base biblica.\u00a0 Anche di quella cristiana, naturalmente, la quale se oggi non arriva (anche se in alcuni casi sporadici ci torna vicina) a simili parossismi, \u00e8 solo perch\u00e9 nel corso degli evi, nei paesi da essa.. \u2018colonizzati\u2019, per cos\u00ec dire, ad un certo punto si \u00e8 trovata davanti al \u2018duro\u2019;\u00a0 qualcuno le ha sbattuto finalmente la porta in faccia, o assennato quattro salutari schiaffoni. Ci\u00f2 le ha permeso anche di atteggiarsi a ruolo di vittima: cosa molto gradita.\u00a0 C\u2019\u00e8 di pi\u00f9.\u00a0 Comprendere le \u2018ragioni\u2019 di haredim e affini e di come tutto questo possa essere stato perpetuato negli evi, permette di rivelare l\u2019origine e anche la occulta funzione storica di quel fenomeno antropologico che va sotto il nome di CRISTIANESIMO.\u00a0 Qualche maligno dice:\u00a0 ZOOLOGICO, ma non fateci caso, a volte esagero.. hops!.. esagerano.\u00a0 Si deve per questo reinterpretare l\u2019azione del vero autore della dottrina, il dott. Saulo di Tarso, in arte san Paolo, ed il senso di quella sua stramba, improbabile \u2018conversione\u2019 che lo colse mentre percorreva la via che lo menava a Damasco.\u00a0 Per qualche distratto in ascolto, ricordo che costui, strenuo sostenitore e difensore dell\u2019ortodossia ebraica, si era sobbarcato l\u2019onere di eliminare con ogni mezzo l\u2019eresia predicata da tal Yehoshua ben Joseph (Giosu\u00e8 figlio di Giuseppe. Il nome \u2018Ges\u00f9\u2019, peraltro inesistente, deriva da un errore di traslitterazione dall\u2019aramaico al greco) che stava facendo sempre pi\u00f9 proseliti.\u00a0 Orbene, preso atto che la violenta persecuzione anticristiana che stava operando non sortiva gli effetti desiderati, che anzi, spesso erano quelli opposti, decise di giocare d\u2019astuzia.\u00a0 Modific\u00f2 il vecchio detto \u2018se non li puoi battere, fatteli amici\u2019 in \u2018se li vuoi battere, fingiti loro amico\u2019.\u00a0 Non solo si fece cristiano, ma cerc\u00f2 di prendere le redini del movimento, ponendosi in asperrimo conflitto col buon Simon Pietro (poi san Pietro).\u00a0 La sua spericolata manovra fu articolata in due fasi, gli effetti della seconda a rafforzare quelli della prima.\u00a0 \u00c8 abbastanza ben descritto in \u2018Atti degli Apostoli\u2019 il trambusto che egli riusc\u00ec a creare, non solo, per ovvi motivi, tra gli \u2018ortodossi\u2019(Atti 9-21,22),\u00a0 ma anche, per motivi altrettanto ovvi, tra i \u2018riformati\u2019(Atti 29-26).\u00a0 Quando poi questo simpaticone dichiar\u00f2 a questi e quelli che, a causa della loro poca fede, la nuova dottrina doveva essere estesa anche (orrore!) ai non-ebrei (\u201cEra necessario che a voi per i primi si annunziasse la parola di Dio;\u00a0 ma poich\u00e9 la respingete e non vi giudicate degni della vita eterna, ecco, noi ci volgiamo ai Gentili\u201d. Atti 13-46), il rigetto della \u2018buona novella\u2019 fu pressoch\u00e8 generale.\u00a0 L\u2019ortodossia era ormai salva, ma quanto fatto non garantiva che simili pericoli non tornassero un giorno ad affacciarsi.\u00a0 Falsificato tutto quello che c\u2019era da falsificare nel messaggio di Yehoshua, il quale si era trovato l\u00ec per, ovviamente, tutt\u2019altri business, Paolo dedic\u00f2 il resto della sua vita a fondare e indirizzare comunit\u00e0 cristiane, in perenne conflitto con quelle ebraiche, un po\u2019 in tutto il territoro dell\u2019Impero Romano in modo che, ovunque si trovassero, gli ebrei potessero avverirte questa minaccia incombente su di loro e si.. \u2018rinserrassero\u2019.\u00a0\u00a0\u00a0 Se qualcuno pensa che io abbia speculato(in senso filosofico) troppo, ecco che chiamo a mio testimone una delle pi\u00f9 grandi menti che l\u2019umanit\u00e0 abbia mai avuto.\u00a0 Si tratta del filosofo Baruck (Benedetto) Spinoza (1632-1677), ebreo d\u2019Olanda, di origini portoghesi, espulso dalla comunit\u00e0 ebraica a causa del suo pensiero non conforme, tramite \u2018scomunica maggiore\u2019(herem), condita con le pi\u00f9 terribili maledizioni, il quale, pur se dopo il fatto trascorse una vita sufficientemente tranquilla-a parte, una volta, una coltellata di un fanatico che lo prese di striscio-e mor\u00ec nel suo letto, pu\u00f2 essere annoverato tra i martiri della laicit\u00e0. Ecco cosa scrive nel suo \u2018Trattato teologico-politico\u2019.\u00a0\u00a0 \u201cQuanto poi al fatto che essi(gli ebrei. ndr.) siano sopravvissuti per tanti anni dispersi senza Stato, ci\u00f2 non meraviglia affatto, dal momento che si sono separati da tutte le altre nazioni a tal punto da attirare contro di s\u00e9 l\u2019odio di tutte, e ci\u00f2 non solo per i riti esterni, contrari a quelli di tutte le altre nazioni, ma anche per il segno della circoncisione, che conservano col massimo scrupolo.\u00a0 E CHE SIA APPUNTO L\u2019ODIO DELLE NAZIONI A MANTENERE GLI EBREI, CI VIENE INSEGNATO ORMAI DALL\u2019ESPERIENZA.\u00a0 Quando il re di Spagna costrinse i giudei ad accogliere la religione del suo regno o andare in esilio, la maggior parte di loro accolsero la religione pontificia;\u00a0 ma siccome coloro che accolsero tale religione si videro concessi tutti i privilegi dei cittadini spagnoli e furono per di pi\u00f9 stimati degni di tutte le cariche onorifiche, subito si mescolarono a tal punto con gli spagnoli che poco tempo dopo non rimase di loro alcuna traccia, n\u00e9 alcuna memoria.\u00a0 Ma esattamente il contrario accadde a quelli che il re del Portogallo costrinse ad accogliere la religione del suo Stato e che continuarono, sebbene convertiti a tale religione, a vivere separati da tutti, proprio perch\u00e9 il re li aveva dichiarati indegni di qualsiasi carica onorifica\u201d.\u00a0 Questi i fatti e queste son le gloriose \u2018radici ebraico-cristiane dell\u2019Europa\u2019;\u00a0 quelle sane e belle radici di cui il Consiglio Europeo ha deciso di non fare menzione nella Costituzione del Vecchio Continente:\u00a0 un recentissimo esempio di \u2018porta sbattuta loro in faccia\u2019 di cui sopra.\u00a0 \u00c8 tuttavia da quello che siamo ancora dominati e condizionati, e da pi\u00f9 di 16(sedici!) secoli.\u00a0 Troppo.\u00a0 A parer mio.<\/p>\n<p><strong>Alessandro Petrucci<\/strong><\/p>\n","protected":false},"excerpt":{"rendered":"<p>\u00a0Le hanno gridato \u201cskiksa!\u201d, che pu\u00f2 essere tradotto blandamente con \u2018donna di facile amore\u2019, poi l\u2019hanno estratta dalla sua auto con la quale tentava di fuggire-non senza bucare le ruote e fracassare i finestrini-col chiaro intento di linciarla. Fra l\u2019indifferenza generale.\u00a0 Natali Mashiah (curiosit\u00e0:\u00a0 Messia!), 27 anni, venditrice di spazi pubblicitari, se l\u2019\u00e8 cavata per [&hellip;]<\/p>\n","protected":false},"author":7,"featured_media":0,"comment_status":"closed","ping_status":"closed","sticky":false,"template":"","format":"standard","meta":{"footnotes":""},"categories":[238,230],"tags":[],"class_list":["post-10546","post","type-post","status-publish","format-standard","hentry","category-articoli","category-attualita"],"yoast_head":"<!-- This site is optimized with the Yoast SEO plugin v27.1.1 - https:\/\/yoast.com\/product\/yoast-seo-wordpress\/ -->\n<title>QUELLI CHE.. IO TREMO  - Associazione Culturale Civilt\u00e0 Laica<\/title>\n<meta name=\"robots\" content=\"index, follow, max-snippet:-1, max-image-preview:large, max-video-preview:-1\" \/>\n<link rel=\"canonical\" href=\"https:\/\/www.civiltalaica.it\/cms\/quelli-che-io-tremo\/\" \/>\n<meta property=\"og:locale\" content=\"it_IT\" \/>\n<meta property=\"og:type\" content=\"article\" \/>\n<meta property=\"og:title\" content=\"QUELLI CHE.. IO TREMO  - Associazione Culturale Civilt\u00e0 Laica\" \/>\n<meta property=\"og:description\" content=\"\u00a0Le hanno gridato \u201cskiksa!\u201d, che pu\u00f2 essere tradotto blandamente con \u2018donna di facile amore\u2019, poi l\u2019hanno estratta dalla sua auto con la quale tentava di fuggire-non senza bucare le ruote e fracassare i finestrini-col chiaro intento di linciarla. Fra l\u2019indifferenza generale.\u00a0 Natali Mashiah (curiosit\u00e0:\u00a0 Messia!), 27 anni, venditrice di spazi pubblicitari, se l\u2019\u00e8 cavata per [&hellip;]\" \/>\n<meta property=\"og:url\" content=\"https:\/\/www.civiltalaica.it\/cms\/quelli-che-io-tremo\/\" \/>\n<meta property=\"og:site_name\" content=\"Associazione Culturale Civilt\u00e0 Laica\" \/>\n<meta property=\"article:publisher\" content=\"https:\/\/www.facebook.com\/civiltalaica\" \/>\n<meta property=\"article:published_time\" content=\"2012-04-26T21:01:52+00:00\" \/>\n<meta property=\"og:image\" content=\"http:\/\/upload.wikimedia.org\/wikipedia\/commons\/thumb\/3\/30\/HarediC_filtered.jpg\/150px-HarediC_filtered.jpg\" \/>\n<meta name=\"author\" content=\"alexjc\" \/>\n<meta name=\"twitter:card\" content=\"summary_large_image\" \/>\n<meta name=\"twitter:label1\" content=\"Scritto da\" \/>\n\t<meta name=\"twitter:data1\" content=\"alexjc\" \/>\n\t<meta name=\"twitter:label2\" content=\"Tempo di lettura stimato\" \/>\n\t<meta name=\"twitter:data2\" content=\"7 minuti\" \/>\n<script type=\"application\/ld+json\" class=\"yoast-schema-graph\">{\"@context\":\"https:\/\/schema.org\",\"@graph\":[{\"@type\":\"Article\",\"@id\":\"https:\/\/www.civiltalaica.it\/cms\/quelli-che-io-tremo\/#article\",\"isPartOf\":{\"@id\":\"https:\/\/www.civiltalaica.it\/cms\/quelli-che-io-tremo\/\"},\"author\":{\"name\":\"alexjc\",\"@id\":\"https:\/\/www.civiltalaica.it\/cms\/#\/schema\/person\/4efef56f866329a1e0943eb27336df1d\"},\"headline\":\"QUELLI CHE.. IO TREMO\",\"datePublished\":\"2012-04-26T21:01:52+00:00\",\"mainEntityOfPage\":{\"@id\":\"https:\/\/www.civiltalaica.it\/cms\/quelli-che-io-tremo\/\"},\"wordCount\":1499,\"image\":{\"@id\":\"https:\/\/www.civiltalaica.it\/cms\/quelli-che-io-tremo\/#primaryimage\"},\"thumbnailUrl\":\"http:\/\/upload.wikimedia.org\/wikipedia\/commons\/thumb\/3\/30\/HarediC_filtered.jpg\/150px-HarediC_filtered.jpg\",\"articleSection\":[\"articoli\",\"attualit\u00e0\"],\"inLanguage\":\"it-IT\"},{\"@type\":\"WebPage\",\"@id\":\"https:\/\/www.civiltalaica.it\/cms\/quelli-che-io-tremo\/\",\"url\":\"https:\/\/www.civiltalaica.it\/cms\/quelli-che-io-tremo\/\",\"name\":\"QUELLI CHE.. IO TREMO - Associazione Culturale Civilt\u00e0 Laica\",\"isPartOf\":{\"@id\":\"https:\/\/www.civiltalaica.it\/cms\/#website\"},\"primaryImageOfPage\":{\"@id\":\"https:\/\/www.civiltalaica.it\/cms\/quelli-che-io-tremo\/#primaryimage\"},\"image\":{\"@id\":\"https:\/\/www.civiltalaica.it\/cms\/quelli-che-io-tremo\/#primaryimage\"},\"thumbnailUrl\":\"http:\/\/upload.wikimedia.org\/wikipedia\/commons\/thumb\/3\/30\/HarediC_filtered.jpg\/150px-HarediC_filtered.jpg\",\"datePublished\":\"2012-04-26T21:01:52+00:00\",\"author\":{\"@id\":\"https:\/\/www.civiltalaica.it\/cms\/#\/schema\/person\/4efef56f866329a1e0943eb27336df1d\"},\"breadcrumb\":{\"@id\":\"https:\/\/www.civiltalaica.it\/cms\/quelli-che-io-tremo\/#breadcrumb\"},\"inLanguage\":\"it-IT\",\"potentialAction\":[{\"@type\":\"ReadAction\",\"target\":[\"https:\/\/www.civiltalaica.it\/cms\/quelli-che-io-tremo\/\"]}]},{\"@type\":\"ImageObject\",\"inLanguage\":\"it-IT\",\"@id\":\"https:\/\/www.civiltalaica.it\/cms\/quelli-che-io-tremo\/#primaryimage\",\"url\":\"http:\/\/upload.wikimedia.org\/wikipedia\/commons\/thumb\/3\/30\/HarediC_filtered.jpg\/150px-HarediC_filtered.jpg\",\"contentUrl\":\"http:\/\/upload.wikimedia.org\/wikipedia\/commons\/thumb\/3\/30\/HarediC_filtered.jpg\/150px-HarediC_filtered.jpg\"},{\"@type\":\"BreadcrumbList\",\"@id\":\"https:\/\/www.civiltalaica.it\/cms\/quelli-che-io-tremo\/#breadcrumb\",\"itemListElement\":[{\"@type\":\"ListItem\",\"position\":1,\"name\":\"Home\",\"item\":\"https:\/\/www.civiltalaica.it\/cms\/\"},{\"@type\":\"ListItem\",\"position\":2,\"name\":\"QUELLI CHE.. IO TREMO\"}]},{\"@type\":\"WebSite\",\"@id\":\"https:\/\/www.civiltalaica.it\/cms\/#website\",\"url\":\"https:\/\/www.civiltalaica.it\/cms\/\",\"name\":\"Associazione Culturale Civilt\u00e0 Laica\",\"description\":\"Per un movimento culturale volto a difendere la Laicit\u00e0 dello Stato.\",\"potentialAction\":[{\"@type\":\"SearchAction\",\"target\":{\"@type\":\"EntryPoint\",\"urlTemplate\":\"https:\/\/www.civiltalaica.it\/cms\/?s={search_term_string}\"},\"query-input\":{\"@type\":\"PropertyValueSpecification\",\"valueRequired\":true,\"valueName\":\"search_term_string\"}}],\"inLanguage\":\"it-IT\"},{\"@type\":\"Person\",\"@id\":\"https:\/\/www.civiltalaica.it\/cms\/#\/schema\/person\/4efef56f866329a1e0943eb27336df1d\",\"name\":\"alexjc\",\"url\":\"https:\/\/www.civiltalaica.it\/cms\/author\/alexjc\/\"}]}<\/script>\n<!-- \/ Yoast SEO plugin. -->","yoast_head_json":{"title":"QUELLI CHE.. IO TREMO  - Associazione Culturale Civilt\u00e0 Laica","robots":{"index":"index","follow":"follow","max-snippet":"max-snippet:-1","max-image-preview":"max-image-preview:large","max-video-preview":"max-video-preview:-1"},"canonical":"https:\/\/www.civiltalaica.it\/cms\/quelli-che-io-tremo\/","og_locale":"it_IT","og_type":"article","og_title":"QUELLI CHE.. IO TREMO  - Associazione Culturale Civilt\u00e0 Laica","og_description":"\u00a0Le hanno gridato \u201cskiksa!\u201d, che pu\u00f2 essere tradotto blandamente con \u2018donna di facile amore\u2019, poi l\u2019hanno estratta dalla sua auto con la quale tentava di fuggire-non senza bucare le ruote e fracassare i finestrini-col chiaro intento di linciarla. Fra l\u2019indifferenza generale.\u00a0 Natali Mashiah (curiosit\u00e0:\u00a0 Messia!), 27 anni, venditrice di spazi pubblicitari, se l\u2019\u00e8 cavata per [&hellip;]","og_url":"https:\/\/www.civiltalaica.it\/cms\/quelli-che-io-tremo\/","og_site_name":"Associazione Culturale Civilt\u00e0 Laica","article_publisher":"https:\/\/www.facebook.com\/civiltalaica","article_published_time":"2012-04-26T21:01:52+00:00","og_image":[{"url":"http:\/\/upload.wikimedia.org\/wikipedia\/commons\/thumb\/3\/30\/HarediC_filtered.jpg\/150px-HarediC_filtered.jpg","type":"","width":"","height":""}],"author":"alexjc","twitter_card":"summary_large_image","twitter_misc":{"Scritto da":"alexjc","Tempo di lettura stimato":"7 minuti"},"schema":{"@context":"https:\/\/schema.org","@graph":[{"@type":"Article","@id":"https:\/\/www.civiltalaica.it\/cms\/quelli-che-io-tremo\/#article","isPartOf":{"@id":"https:\/\/www.civiltalaica.it\/cms\/quelli-che-io-tremo\/"},"author":{"name":"alexjc","@id":"https:\/\/www.civiltalaica.it\/cms\/#\/schema\/person\/4efef56f866329a1e0943eb27336df1d"},"headline":"QUELLI CHE.. IO TREMO","datePublished":"2012-04-26T21:01:52+00:00","mainEntityOfPage":{"@id":"https:\/\/www.civiltalaica.it\/cms\/quelli-che-io-tremo\/"},"wordCount":1499,"image":{"@id":"https:\/\/www.civiltalaica.it\/cms\/quelli-che-io-tremo\/#primaryimage"},"thumbnailUrl":"http:\/\/upload.wikimedia.org\/wikipedia\/commons\/thumb\/3\/30\/HarediC_filtered.jpg\/150px-HarediC_filtered.jpg","articleSection":["articoli","attualit\u00e0"],"inLanguage":"it-IT"},{"@type":"WebPage","@id":"https:\/\/www.civiltalaica.it\/cms\/quelli-che-io-tremo\/","url":"https:\/\/www.civiltalaica.it\/cms\/quelli-che-io-tremo\/","name":"QUELLI CHE.. IO TREMO - Associazione Culturale Civilt\u00e0 Laica","isPartOf":{"@id":"https:\/\/www.civiltalaica.it\/cms\/#website"},"primaryImageOfPage":{"@id":"https:\/\/www.civiltalaica.it\/cms\/quelli-che-io-tremo\/#primaryimage"},"image":{"@id":"https:\/\/www.civiltalaica.it\/cms\/quelli-che-io-tremo\/#primaryimage"},"thumbnailUrl":"http:\/\/upload.wikimedia.org\/wikipedia\/commons\/thumb\/3\/30\/HarediC_filtered.jpg\/150px-HarediC_filtered.jpg","datePublished":"2012-04-26T21:01:52+00:00","author":{"@id":"https:\/\/www.civiltalaica.it\/cms\/#\/schema\/person\/4efef56f866329a1e0943eb27336df1d"},"breadcrumb":{"@id":"https:\/\/www.civiltalaica.it\/cms\/quelli-che-io-tremo\/#breadcrumb"},"inLanguage":"it-IT","potentialAction":[{"@type":"ReadAction","target":["https:\/\/www.civiltalaica.it\/cms\/quelli-che-io-tremo\/"]}]},{"@type":"ImageObject","inLanguage":"it-IT","@id":"https:\/\/www.civiltalaica.it\/cms\/quelli-che-io-tremo\/#primaryimage","url":"http:\/\/upload.wikimedia.org\/wikipedia\/commons\/thumb\/3\/30\/HarediC_filtered.jpg\/150px-HarediC_filtered.jpg","contentUrl":"http:\/\/upload.wikimedia.org\/wikipedia\/commons\/thumb\/3\/30\/HarediC_filtered.jpg\/150px-HarediC_filtered.jpg"},{"@type":"BreadcrumbList","@id":"https:\/\/www.civiltalaica.it\/cms\/quelli-che-io-tremo\/#breadcrumb","itemListElement":[{"@type":"ListItem","position":1,"name":"Home","item":"https:\/\/www.civiltalaica.it\/cms\/"},{"@type":"ListItem","position":2,"name":"QUELLI CHE.. IO TREMO"}]},{"@type":"WebSite","@id":"https:\/\/www.civiltalaica.it\/cms\/#website","url":"https:\/\/www.civiltalaica.it\/cms\/","name":"Associazione Culturale Civilt\u00e0 Laica","description":"Per un movimento culturale volto a difendere la Laicit\u00e0 dello Stato.","potentialAction":[{"@type":"SearchAction","target":{"@type":"EntryPoint","urlTemplate":"https:\/\/www.civiltalaica.it\/cms\/?s={search_term_string}"},"query-input":{"@type":"PropertyValueSpecification","valueRequired":true,"valueName":"search_term_string"}}],"inLanguage":"it-IT"},{"@type":"Person","@id":"https:\/\/www.civiltalaica.it\/cms\/#\/schema\/person\/4efef56f866329a1e0943eb27336df1d","name":"alexjc","url":"https:\/\/www.civiltalaica.it\/cms\/author\/alexjc\/"}]}},"_links":{"self":[{"href":"https:\/\/www.civiltalaica.it\/cms\/wp-json\/wp\/v2\/posts\/10546","targetHints":{"allow":["GET"]}}],"collection":[{"href":"https:\/\/www.civiltalaica.it\/cms\/wp-json\/wp\/v2\/posts"}],"about":[{"href":"https:\/\/www.civiltalaica.it\/cms\/wp-json\/wp\/v2\/types\/post"}],"author":[{"embeddable":true,"href":"https:\/\/www.civiltalaica.it\/cms\/wp-json\/wp\/v2\/users\/7"}],"replies":[{"embeddable":true,"href":"https:\/\/www.civiltalaica.it\/cms\/wp-json\/wp\/v2\/comments?post=10546"}],"version-history":[{"count":0,"href":"https:\/\/www.civiltalaica.it\/cms\/wp-json\/wp\/v2\/posts\/10546\/revisions"}],"wp:attachment":[{"href":"https:\/\/www.civiltalaica.it\/cms\/wp-json\/wp\/v2\/media?parent=10546"}],"wp:term":[{"taxonomy":"category","embeddable":true,"href":"https:\/\/www.civiltalaica.it\/cms\/wp-json\/wp\/v2\/categories?post=10546"},{"taxonomy":"post_tag","embeddable":true,"href":"https:\/\/www.civiltalaica.it\/cms\/wp-json\/wp\/v2\/tags?post=10546"}],"curies":[{"name":"wp","href":"https:\/\/api.w.org\/{rel}","templated":true}]}}