{"id":10479,"date":"2012-03-23T15:36:00","date_gmt":"2012-03-23T15:36:00","guid":{"rendered":"http:\/\/www.civiltalaica.it\/cms\/?p=10479"},"modified":"2012-03-23T15:36:00","modified_gmt":"2012-03-23T15:36:00","slug":"i-narcotrafficanti-messicani-danno-il-benvenuto-a-benedetto-xvi","status":"publish","type":"post","link":"https:\/\/www.civiltalaica.it\/cms\/i-narcotrafficanti-messicani-danno-il-benvenuto-a-benedetto-xvi\/","title":{"rendered":"I narcotrafficanti messicani danno il benvenuto a Benedetto XVI"},"content":{"rendered":"<p>In vista dell\u2019arrivo del papa il 23 marzo i <strong><em>Caballeros templarios<\/em><\/strong>, uno dei cartelli criminali messicani emergenti nel traffico di droga, hanno imposto una tregua alle stragi in atto da oltre dieci anni nel paese facendo apparire sui ponti di alcune citt\u00e0 striscioni che annunciano: \u00ab<em>I cavalieri templari non sono assassini, benvenuto al papa<\/em>\u00bb. Non c\u2019\u00e8 quindi da temere che possano esserci disordini o pericoli per il pontefice, pur in un paese dove negli ultimi quattro anni ci sono stati <strong>30mila morti ammazzati<\/strong> su una popolazione di circa 112milioni di abitanti. Tutto lascia presagire che nei prossimi giorni le armi taceranno e le esecuzioni tra bande e le uccisioni di poliziotti verranno sospese. Chi invece tra i messicani attendeva dalla visita del papa tedesco una qualche parola di incoraggiamento o di speranza per un paese tenuto in ostaggio\u00a0 con la violenza e la corruzione da un\u2019organizzazione criminale, rester\u00e0 deluso. Non ci sar\u00e0 alcun monito o invito al pentimento rivolto ai <em>narcos<\/em>, come quello che venne da Wojtyla a Palermo nel 1993 contro la mafia.<!--more--><\/p>\n<p><img loading=\"lazy\" decoding=\"async\" class=\"alignnone\" title=\"narcos\" src=\"http:\/\/www.cronachelaiche.it\/wp-content\/uploads\/2012\/03\/narcos-300x200.jpg\" alt=\"\" width=\"300\" height=\"200\" \/>Con un proprio comunicato il segretario di stato cardinal Bertone ha infatti anticipato che il papa nei suoi discorsi ricorder\u00e0 i temi della <strong>famiglia<\/strong> e della <strong>sacralit\u00e0 della vita<\/strong>, intesa ovviamente come quella nell\u2019utero materno. Temi molto a cuore alla Chiesa di Roma; a questi stessi temi fece riferimento nel 1979 Madre Teresa di Calcutta mentre riceveva il Nobel, deludendo chi attendeva dalla santa dei poveri un qualche riferimento alla causa delle condizioni dei suoi derelitti.<\/p>\n<p>\u00c8 difficile pensare che la Chiesa messicana abbia volont\u00e0 o modo di impegnarsi per la pacificazione del paese. Altri sono i problemi che la angustiano, anzitutto l\u2019ortodossia della fede. Infatti, dopo un periodo di dure persecuzioni anticristiane risalente ai primi decenni del secolo scorso durante il regime anticlericale di Plutarco Calles, ora il Messico \u00e8, nominalmente, uno dei paesi con <strong>la pi\u00f9 alta percentuale di cattolici<\/strong> nell\u2019America latina, circa il 91% della popolazione; malgrado questi dati \u00e8 molto radicato tra i messicani dei ceti pi\u00f9 popolari l\u2019attaccamento e la devozione verso figure miracolose e quasi magiche di santi, veri o di fantasia, che vengono accomunate alla simbologia cristiana in <a href=\" http:\/\/www.cronachelaiche.it\/2011\/02\/messico-esorcismi-per-redimere-i-narcotrafficanti\/\">un sincretismo che la Chiesa non riesce a sradicare<\/a>. Tra queste figure, oltre alla famosa <strong>Santa Muerte<\/strong>, raffigurata come uno scheletro vestito di seta e con la falce in mano, probabilmente elaborazione di una divinit\u00e0 di origine precolombiana, \u00e8 anche\u00a0 in crescita la devozione verso santi popolari, come San Judas Tadeo e soprattutto <strong>Jesus Malverde<\/strong>, patrono riconosciuto dei narcotrafficanti come una sorta di Robin Hood dei suoi tempi, <em>el bandido generoso<\/em> che sottraeva beni ai latifondisti per donarli ai contadini (parrebbe che in una sorta di scambio culturale la sua fama stia giungendo anche presso la nostra \u2018ndrangheta, da sempre in affari con i cartelli messicani).<\/p>\n<p>Un brivido potrebbe per\u00f2 comunque correre lungo la schiena del pontefice: la pubblicazione e diffusione in Messico in occasione del suo arrivo di un libro, <em><strong>La voluntad de no saber<\/strong><\/em>, contenente documenti inediti sottratti al Vaticano sulla vicenda del fondatore dei Legionari di Cristo, <strong>Marcial Maciel Degollado<\/strong>. Tra gli autori molti sono ex allievi, come Alberto Athi\u00e8, e altri, come Jos\u00e8 Barba, vittime delle attenzioni del prete . In base a questi documenti parrebbe che la vera identit\u00e0 di Degollado come morfinomane, pedofilo e abusatore di seminaristi, oltre che legato stabilmente a diverse donne e padre di tre figli due dei quali da lui abusati, fosse stata portata a conoscenza del Vaticano sin dal 1956-58 e negli anni successivi segnalazioni giungessero a pi\u00f9 riprese, venendo a conoscenza dello stesso prefetto della congregazione per la dottrina della fede del tempo (ex sant\u2019Uffizio), il <strong>cardinale Joseph Ratzinger<\/strong>. Fu per\u00f2 l\u2019ammirazione nutrita negli anni successivi da papa <strong>Wojtyla <\/strong>verso la congregazione da lui fondata, fonte di cospicue entrate e di altrettanto preziose consacrazioni di nuovi sacerdoti, che fece calare il silenzio sul carismatico prete. Ma le vittime messicane del fondatore dei Legionari di Cristo hanno in partenza annunciato che non chiederanno alcun incontro con Ratzinger, memori del fatto che la loro vicenda \u00e8 stata gi\u00e0 in passato a lui affidata, restando per anni e fino al 2005 lettera morta.<\/p>\n<div id=\"cercaAutore\"><strong>Giuseppe Ancona<\/strong><\/div>\n","protected":false},"excerpt":{"rendered":"<p>In vista dell\u2019arrivo del papa il 23 marzo i Caballeros templarios, uno dei cartelli criminali messicani emergenti nel traffico di droga, hanno imposto una tregua alle stragi in atto da oltre dieci anni nel paese facendo apparire sui ponti di alcune citt\u00e0 striscioni che annunciano: \u00abI cavalieri templari non sono assassini, benvenuto al papa\u00bb. Non [&hellip;]<\/p>\n","protected":false},"author":7,"featured_media":0,"comment_status":"closed","ping_status":"closed","sticky":false,"template":"","format":"standard","meta":{"footnotes":""},"categories":[238,229],"tags":[1007,1008,1006],"class_list":["post-10479","post","type-post","status-publish","format-standard","hentry","category-articoli","category-evidenza","tag-giuseppe-ancona","tag-narcotrafficanti","tag-viaggio-del-papa-in-messico"],"yoast_head":"<!-- This site is optimized with the Yoast SEO plugin v27.1.1 - https:\/\/yoast.com\/product\/yoast-seo-wordpress\/ -->\n<title>I narcotrafficanti messicani danno il benvenuto a Benedetto XVI  - Associazione Culturale Civilt\u00e0 Laica<\/title>\n<meta name=\"robots\" content=\"index, follow, max-snippet:-1, max-image-preview:large, max-video-preview:-1\" \/>\n<link rel=\"canonical\" href=\"https:\/\/www.civiltalaica.it\/cms\/i-narcotrafficanti-messicani-danno-il-benvenuto-a-benedetto-xvi\/\" \/>\n<meta property=\"og:locale\" content=\"it_IT\" \/>\n<meta property=\"og:type\" content=\"article\" \/>\n<meta property=\"og:title\" content=\"I narcotrafficanti messicani danno il benvenuto a Benedetto XVI  - Associazione Culturale Civilt\u00e0 Laica\" \/>\n<meta property=\"og:description\" content=\"In vista dell\u2019arrivo del papa il 23 marzo i Caballeros templarios, uno dei cartelli criminali messicani emergenti nel traffico di droga, hanno imposto una tregua alle stragi in atto da oltre dieci anni nel paese facendo apparire sui ponti di alcune citt\u00e0 striscioni che annunciano: \u00abI cavalieri templari non sono assassini, benvenuto al papa\u00bb. Non [&hellip;]\" \/>\n<meta property=\"og:url\" content=\"https:\/\/www.civiltalaica.it\/cms\/i-narcotrafficanti-messicani-danno-il-benvenuto-a-benedetto-xvi\/\" \/>\n<meta property=\"og:site_name\" content=\"Associazione Culturale Civilt\u00e0 Laica\" \/>\n<meta property=\"article:publisher\" content=\"https:\/\/www.facebook.com\/civiltalaica\" \/>\n<meta property=\"article:published_time\" content=\"2012-03-23T15:36:00+00:00\" \/>\n<meta property=\"og:image\" content=\"http:\/\/www.cronachelaiche.it\/wp-content\/uploads\/2012\/03\/narcos-300x200.jpg\" \/>\n<meta name=\"author\" content=\"alexjc\" \/>\n<meta name=\"twitter:card\" content=\"summary_large_image\" \/>\n<meta name=\"twitter:label1\" content=\"Scritto da\" \/>\n\t<meta name=\"twitter:data1\" content=\"alexjc\" \/>\n\t<meta name=\"twitter:label2\" content=\"Tempo di lettura stimato\" \/>\n\t<meta name=\"twitter:data2\" content=\"3 minuti\" \/>\n<script type=\"application\/ld+json\" class=\"yoast-schema-graph\">{\"@context\":\"https:\/\/schema.org\",\"@graph\":[{\"@type\":\"Article\",\"@id\":\"https:\/\/www.civiltalaica.it\/cms\/i-narcotrafficanti-messicani-danno-il-benvenuto-a-benedetto-xvi\/#article\",\"isPartOf\":{\"@id\":\"https:\/\/www.civiltalaica.it\/cms\/i-narcotrafficanti-messicani-danno-il-benvenuto-a-benedetto-xvi\/\"},\"author\":{\"name\":\"alexjc\",\"@id\":\"https:\/\/www.civiltalaica.it\/cms\/#\/schema\/person\/4efef56f866329a1e0943eb27336df1d\"},\"headline\":\"I narcotrafficanti messicani danno il benvenuto a Benedetto XVI\",\"datePublished\":\"2012-03-23T15:36:00+00:00\",\"mainEntityOfPage\":{\"@id\":\"https:\/\/www.civiltalaica.it\/cms\/i-narcotrafficanti-messicani-danno-il-benvenuto-a-benedetto-xvi\/\"},\"wordCount\":699,\"image\":{\"@id\":\"https:\/\/www.civiltalaica.it\/cms\/i-narcotrafficanti-messicani-danno-il-benvenuto-a-benedetto-xvi\/#primaryimage\"},\"thumbnailUrl\":\"http:\/\/www.cronachelaiche.it\/wp-content\/uploads\/2012\/03\/narcos-300x200.jpg\",\"keywords\":[\"giuseppe ancona\",\"narcotrafficanti\",\"viaggio del papa in messico\"],\"articleSection\":[\"articoli\",\"in evidenza\"],\"inLanguage\":\"it-IT\"},{\"@type\":\"WebPage\",\"@id\":\"https:\/\/www.civiltalaica.it\/cms\/i-narcotrafficanti-messicani-danno-il-benvenuto-a-benedetto-xvi\/\",\"url\":\"https:\/\/www.civiltalaica.it\/cms\/i-narcotrafficanti-messicani-danno-il-benvenuto-a-benedetto-xvi\/\",\"name\":\"I narcotrafficanti messicani danno il benvenuto a Benedetto XVI - Associazione Culturale Civilt\u00e0 Laica\",\"isPartOf\":{\"@id\":\"https:\/\/www.civiltalaica.it\/cms\/#website\"},\"primaryImageOfPage\":{\"@id\":\"https:\/\/www.civiltalaica.it\/cms\/i-narcotrafficanti-messicani-danno-il-benvenuto-a-benedetto-xvi\/#primaryimage\"},\"image\":{\"@id\":\"https:\/\/www.civiltalaica.it\/cms\/i-narcotrafficanti-messicani-danno-il-benvenuto-a-benedetto-xvi\/#primaryimage\"},\"thumbnailUrl\":\"http:\/\/www.cronachelaiche.it\/wp-content\/uploads\/2012\/03\/narcos-300x200.jpg\",\"datePublished\":\"2012-03-23T15:36:00+00:00\",\"author\":{\"@id\":\"https:\/\/www.civiltalaica.it\/cms\/#\/schema\/person\/4efef56f866329a1e0943eb27336df1d\"},\"breadcrumb\":{\"@id\":\"https:\/\/www.civiltalaica.it\/cms\/i-narcotrafficanti-messicani-danno-il-benvenuto-a-benedetto-xvi\/#breadcrumb\"},\"inLanguage\":\"it-IT\",\"potentialAction\":[{\"@type\":\"ReadAction\",\"target\":[\"https:\/\/www.civiltalaica.it\/cms\/i-narcotrafficanti-messicani-danno-il-benvenuto-a-benedetto-xvi\/\"]}]},{\"@type\":\"ImageObject\",\"inLanguage\":\"it-IT\",\"@id\":\"https:\/\/www.civiltalaica.it\/cms\/i-narcotrafficanti-messicani-danno-il-benvenuto-a-benedetto-xvi\/#primaryimage\",\"url\":\"http:\/\/www.cronachelaiche.it\/wp-content\/uploads\/2012\/03\/narcos-300x200.jpg\",\"contentUrl\":\"http:\/\/www.cronachelaiche.it\/wp-content\/uploads\/2012\/03\/narcos-300x200.jpg\"},{\"@type\":\"BreadcrumbList\",\"@id\":\"https:\/\/www.civiltalaica.it\/cms\/i-narcotrafficanti-messicani-danno-il-benvenuto-a-benedetto-xvi\/#breadcrumb\",\"itemListElement\":[{\"@type\":\"ListItem\",\"position\":1,\"name\":\"Home\",\"item\":\"https:\/\/www.civiltalaica.it\/cms\/\"},{\"@type\":\"ListItem\",\"position\":2,\"name\":\"I narcotrafficanti messicani danno il benvenuto a Benedetto XVI\"}]},{\"@type\":\"WebSite\",\"@id\":\"https:\/\/www.civiltalaica.it\/cms\/#website\",\"url\":\"https:\/\/www.civiltalaica.it\/cms\/\",\"name\":\"Associazione Culturale Civilt\u00e0 Laica\",\"description\":\"Per un movimento culturale volto a difendere la Laicit\u00e0 dello Stato.\",\"potentialAction\":[{\"@type\":\"SearchAction\",\"target\":{\"@type\":\"EntryPoint\",\"urlTemplate\":\"https:\/\/www.civiltalaica.it\/cms\/?s={search_term_string}\"},\"query-input\":{\"@type\":\"PropertyValueSpecification\",\"valueRequired\":true,\"valueName\":\"search_term_string\"}}],\"inLanguage\":\"it-IT\"},{\"@type\":\"Person\",\"@id\":\"https:\/\/www.civiltalaica.it\/cms\/#\/schema\/person\/4efef56f866329a1e0943eb27336df1d\",\"name\":\"alexjc\",\"url\":\"https:\/\/www.civiltalaica.it\/cms\/author\/alexjc\/\"}]}<\/script>\n<!-- \/ Yoast SEO plugin. -->","yoast_head_json":{"title":"I narcotrafficanti messicani danno il benvenuto a Benedetto XVI  - Associazione Culturale Civilt\u00e0 Laica","robots":{"index":"index","follow":"follow","max-snippet":"max-snippet:-1","max-image-preview":"max-image-preview:large","max-video-preview":"max-video-preview:-1"},"canonical":"https:\/\/www.civiltalaica.it\/cms\/i-narcotrafficanti-messicani-danno-il-benvenuto-a-benedetto-xvi\/","og_locale":"it_IT","og_type":"article","og_title":"I narcotrafficanti messicani danno il benvenuto a Benedetto XVI  - Associazione Culturale Civilt\u00e0 Laica","og_description":"In vista dell\u2019arrivo del papa il 23 marzo i Caballeros templarios, uno dei cartelli criminali messicani emergenti nel traffico di droga, hanno imposto una tregua alle stragi in atto da oltre dieci anni nel paese facendo apparire sui ponti di alcune citt\u00e0 striscioni che annunciano: \u00abI cavalieri templari non sono assassini, benvenuto al papa\u00bb. Non [&hellip;]","og_url":"https:\/\/www.civiltalaica.it\/cms\/i-narcotrafficanti-messicani-danno-il-benvenuto-a-benedetto-xvi\/","og_site_name":"Associazione Culturale Civilt\u00e0 Laica","article_publisher":"https:\/\/www.facebook.com\/civiltalaica","article_published_time":"2012-03-23T15:36:00+00:00","og_image":[{"url":"http:\/\/www.cronachelaiche.it\/wp-content\/uploads\/2012\/03\/narcos-300x200.jpg","type":"","width":"","height":""}],"author":"alexjc","twitter_card":"summary_large_image","twitter_misc":{"Scritto da":"alexjc","Tempo di lettura stimato":"3 minuti"},"schema":{"@context":"https:\/\/schema.org","@graph":[{"@type":"Article","@id":"https:\/\/www.civiltalaica.it\/cms\/i-narcotrafficanti-messicani-danno-il-benvenuto-a-benedetto-xvi\/#article","isPartOf":{"@id":"https:\/\/www.civiltalaica.it\/cms\/i-narcotrafficanti-messicani-danno-il-benvenuto-a-benedetto-xvi\/"},"author":{"name":"alexjc","@id":"https:\/\/www.civiltalaica.it\/cms\/#\/schema\/person\/4efef56f866329a1e0943eb27336df1d"},"headline":"I narcotrafficanti messicani danno il benvenuto a Benedetto XVI","datePublished":"2012-03-23T15:36:00+00:00","mainEntityOfPage":{"@id":"https:\/\/www.civiltalaica.it\/cms\/i-narcotrafficanti-messicani-danno-il-benvenuto-a-benedetto-xvi\/"},"wordCount":699,"image":{"@id":"https:\/\/www.civiltalaica.it\/cms\/i-narcotrafficanti-messicani-danno-il-benvenuto-a-benedetto-xvi\/#primaryimage"},"thumbnailUrl":"http:\/\/www.cronachelaiche.it\/wp-content\/uploads\/2012\/03\/narcos-300x200.jpg","keywords":["giuseppe ancona","narcotrafficanti","viaggio del papa in messico"],"articleSection":["articoli","in evidenza"],"inLanguage":"it-IT"},{"@type":"WebPage","@id":"https:\/\/www.civiltalaica.it\/cms\/i-narcotrafficanti-messicani-danno-il-benvenuto-a-benedetto-xvi\/","url":"https:\/\/www.civiltalaica.it\/cms\/i-narcotrafficanti-messicani-danno-il-benvenuto-a-benedetto-xvi\/","name":"I narcotrafficanti messicani danno il benvenuto a Benedetto XVI - Associazione Culturale Civilt\u00e0 Laica","isPartOf":{"@id":"https:\/\/www.civiltalaica.it\/cms\/#website"},"primaryImageOfPage":{"@id":"https:\/\/www.civiltalaica.it\/cms\/i-narcotrafficanti-messicani-danno-il-benvenuto-a-benedetto-xvi\/#primaryimage"},"image":{"@id":"https:\/\/www.civiltalaica.it\/cms\/i-narcotrafficanti-messicani-danno-il-benvenuto-a-benedetto-xvi\/#primaryimage"},"thumbnailUrl":"http:\/\/www.cronachelaiche.it\/wp-content\/uploads\/2012\/03\/narcos-300x200.jpg","datePublished":"2012-03-23T15:36:00+00:00","author":{"@id":"https:\/\/www.civiltalaica.it\/cms\/#\/schema\/person\/4efef56f866329a1e0943eb27336df1d"},"breadcrumb":{"@id":"https:\/\/www.civiltalaica.it\/cms\/i-narcotrafficanti-messicani-danno-il-benvenuto-a-benedetto-xvi\/#breadcrumb"},"inLanguage":"it-IT","potentialAction":[{"@type":"ReadAction","target":["https:\/\/www.civiltalaica.it\/cms\/i-narcotrafficanti-messicani-danno-il-benvenuto-a-benedetto-xvi\/"]}]},{"@type":"ImageObject","inLanguage":"it-IT","@id":"https:\/\/www.civiltalaica.it\/cms\/i-narcotrafficanti-messicani-danno-il-benvenuto-a-benedetto-xvi\/#primaryimage","url":"http:\/\/www.cronachelaiche.it\/wp-content\/uploads\/2012\/03\/narcos-300x200.jpg","contentUrl":"http:\/\/www.cronachelaiche.it\/wp-content\/uploads\/2012\/03\/narcos-300x200.jpg"},{"@type":"BreadcrumbList","@id":"https:\/\/www.civiltalaica.it\/cms\/i-narcotrafficanti-messicani-danno-il-benvenuto-a-benedetto-xvi\/#breadcrumb","itemListElement":[{"@type":"ListItem","position":1,"name":"Home","item":"https:\/\/www.civiltalaica.it\/cms\/"},{"@type":"ListItem","position":2,"name":"I narcotrafficanti messicani danno il benvenuto a Benedetto XVI"}]},{"@type":"WebSite","@id":"https:\/\/www.civiltalaica.it\/cms\/#website","url":"https:\/\/www.civiltalaica.it\/cms\/","name":"Associazione Culturale Civilt\u00e0 Laica","description":"Per un movimento culturale volto a difendere la Laicit\u00e0 dello Stato.","potentialAction":[{"@type":"SearchAction","target":{"@type":"EntryPoint","urlTemplate":"https:\/\/www.civiltalaica.it\/cms\/?s={search_term_string}"},"query-input":{"@type":"PropertyValueSpecification","valueRequired":true,"valueName":"search_term_string"}}],"inLanguage":"it-IT"},{"@type":"Person","@id":"https:\/\/www.civiltalaica.it\/cms\/#\/schema\/person\/4efef56f866329a1e0943eb27336df1d","name":"alexjc","url":"https:\/\/www.civiltalaica.it\/cms\/author\/alexjc\/"}]}},"_links":{"self":[{"href":"https:\/\/www.civiltalaica.it\/cms\/wp-json\/wp\/v2\/posts\/10479","targetHints":{"allow":["GET"]}}],"collection":[{"href":"https:\/\/www.civiltalaica.it\/cms\/wp-json\/wp\/v2\/posts"}],"about":[{"href":"https:\/\/www.civiltalaica.it\/cms\/wp-json\/wp\/v2\/types\/post"}],"author":[{"embeddable":true,"href":"https:\/\/www.civiltalaica.it\/cms\/wp-json\/wp\/v2\/users\/7"}],"replies":[{"embeddable":true,"href":"https:\/\/www.civiltalaica.it\/cms\/wp-json\/wp\/v2\/comments?post=10479"}],"version-history":[{"count":0,"href":"https:\/\/www.civiltalaica.it\/cms\/wp-json\/wp\/v2\/posts\/10479\/revisions"}],"wp:attachment":[{"href":"https:\/\/www.civiltalaica.it\/cms\/wp-json\/wp\/v2\/media?parent=10479"}],"wp:term":[{"taxonomy":"category","embeddable":true,"href":"https:\/\/www.civiltalaica.it\/cms\/wp-json\/wp\/v2\/categories?post=10479"},{"taxonomy":"post_tag","embeddable":true,"href":"https:\/\/www.civiltalaica.it\/cms\/wp-json\/wp\/v2\/tags?post=10479"}],"curies":[{"name":"wp","href":"https:\/\/api.w.org\/{rel}","templated":true}]}}