{"id":10474,"date":"2012-03-23T15:29:30","date_gmt":"2012-03-23T15:29:30","guid":{"rendered":"http:\/\/www.civiltalaica.it\/cms\/?p=10474"},"modified":"2012-03-23T16:44:01","modified_gmt":"2012-03-23T16:44:01","slug":"laltra-faccia-del-diavolo","status":"publish","type":"post","link":"https:\/\/www.civiltalaica.it\/cms\/laltra-faccia-del-diavolo\/","title":{"rendered":"L\u2019altra faccia del diavolo"},"content":{"rendered":"<p><em>&#8220;Aridatece l\u2019esorciccio!!!\u201d<\/em> Il grido degli amanti del cinema horror non pu\u00f2 essere che questo dopo la visione del brutto lungometraggio di <strong>William Brent Bell<\/strong>, regista americano con poca esperienza alle spalle e anche poca immaginazione a giudicare dagli scadenti risultati. Il Vaticano non ha disapprovato questo film, in barba a quello che dicono i trailer e i titoli di testa, la verit\u00e0 \u00e8 che non ha espresso giudizi ufficiali se non quelli legati alla valutazione pastorale dei film che lo indica come <strong>futile\/scabroso<\/strong>.<!--more--> <a href=\"http:\/\/www.civiltalaica.it\/cms\/wp-content\/uploads\/2012\/03\/L-altra-faccia-del-diavolo_hg_988_full_l.jpg\"><img loading=\"lazy\" decoding=\"async\" class=\"alignleft size-medium wp-image-10475\" title=\"L-altra-faccia-del-diavolo_hg_988_full_l\" src=\"http:\/\/www.civiltalaica.it\/cms\/wp-content\/uploads\/2012\/03\/L-altra-faccia-del-diavolo_hg_988_full_l-300x199.jpg\" alt=\"\" width=\"300\" height=\"199\" srcset=\"https:\/\/www.civiltalaica.it\/cms\/wp-content\/uploads\/2012\/03\/L-altra-faccia-del-diavolo_hg_988_full_l-300x199.jpg 300w, https:\/\/www.civiltalaica.it\/cms\/wp-content\/uploads\/2012\/03\/L-altra-faccia-del-diavolo_hg_988_full_l.jpg 653w\" sizes=\"auto, (max-width: 300px) 100vw, 300px\" \/><\/a>Un giudizio neanche troppo severo in realt\u00e0 considerata la consueta ostilit\u00e0 nei confronti del genere horror.<\/p>\n<p>Il film inizia negli states dove Maria Rossi \u00e8 stata catturata dopo aver ucciso due preti e una suora durante un esorcismo praticato su di lei, viene giudicata incapace di intendere e di volere e rinchiusa in un istituto psichiatrico. Alcuni anni dopo la figlia cresciuta indaga su di lei anche perch\u00e9 \u00e8 avvenuto il suo misterioso trasferimento in una clinica di Roma, quindi ha l\u2019idea geniale di iscriversi alla scuola per esorcisti organizzata dal vaticano per capire quello che \u00e8 successo a sua madre. Idea ancor pi\u00f9 geniale (e <strong>originale<\/strong> nevvero) quello di riprendere tutto il viaggio in Italia con la telecamera e un suo amico al seguito.<br \/> Alla scuola di esorcismo conosce dei preti ma anche degli scettici (non sono spiegati i motivi per i quali uno scettico dovrebbe iscriversi a una scuola di esorcismo) e naturalmente mentre si trova a Roma va a trovare anche sua madre. Il medico che la cura gli spiega che ha reazioni isteriche e violente verso i simboli religiosi, poi la porta nella sua stanza la cui uscita \u00e8 circondata da crocifissi\u00a0 \u201cper precauzione\u201d dice (risate sommesse in sala). La madre snocciola il consueto copione dell\u2019indemoniata di turno e la visita si conclude con la prevedibile crisi isterica.<br \/> La ragazza si rivolge a due preti del corso di esorcismo, che svolgono esorcismi non autorizzati dalla Chiesa Cattolica che definiscono ipocrita e vigliacca perch\u00e9 si nasconde dietro le malattie mentali per non consentire lo svolgimento dell\u2019esorcismo che \u00e8 necessario perch\u00e9 il demonio si manifesti (lo sappiamo \u00e8 dura da digerire ma \u00e8 evidente che chi ha scritto il film aveva le idee confuse). Loro prima la coinvolgono in un esorcismo su di una loro paziente poi accettano di occuparsi della madre (il medico che diceva che la paziente aveva reazioni isteriche di fronte a oggetti e argomenti religiosi acconsente di farla visitare da due preti&#8230; non commentiamo, oggi non abbiamo voglia di infierire).<br \/> L\u2019esorcismo ha successo nel senso che la madre viene presumibilmente liberata dai demoni (non lo sapremo mai in realt\u00e0) ma i demoni si trasferiscono negli <strong>esorcisti-fai-da-te<\/strong>. Risultato follia, suicidi, omicidi, tentati omicidi, e un incidente stradale che dopo 80\u2019 faticosamente stiracchiati consente allo sceneggiatore di mettere la parola fine a una storia ridicola.<\/p>\n<p>Cosa aggiungere? la pochezza del film \u00e8 tale che l\u2019unica domanda seria da porsi \u00e8 come sia possibile che abbai trovato distributori e produttori per uscire in tutto il mondo. Lo stile del falso documentario \u00e8 cos\u00ec abusato da rendere ancora pi\u00f9 insopportabile l\u2019inettitudine degli attori che sono credibili come uno scettico alla scuola vaticana di esorcismi. Per non parlare degli innumerevoli <strong>bloopers <\/strong>che in confronto gli orologi sugli avambracci dei gladiatori erano scuola di cinema! L\u2019unica spiegazione \u00e8 che ci sia qualcuno che finanzia queste operazioni per continuare a fomentare l\u2019ignoranza e la superstizione della gente senza neanche degnarsi pi\u00f9 di produrre almeno un prodotto cinematograficamente decente come \u201cL\u2019esorcista\u201d.<\/p>\n<p>Aridatece l\u2019esorciccio e anche i sette euro!<\/p>\n<div><strong>J. Mnemonic<\/strong><\/div>\n","protected":false},"excerpt":{"rendered":"<p>&#8220;Aridatece l\u2019esorciccio!!!\u201d Il grido degli amanti del cinema horror non pu\u00f2 essere che questo dopo la visione del brutto lungometraggio di William Brent Bell, regista americano con poca esperienza alle spalle e anche poca immaginazione a giudicare dagli scadenti risultati. Il Vaticano non ha disapprovato questo film, in barba a quello che dicono i trailer [&hellip;]<\/p>\n","protected":false},"author":7,"featured_media":0,"comment_status":"closed","ping_status":"closed","sticky":false,"template":"","format":"standard","meta":{"footnotes":""},"categories":[238,231],"tags":[],"class_list":["post-10474","post","type-post","status-publish","format-standard","hentry","category-articoli","category-recensioni"],"yoast_head":"<!-- This site is optimized with the Yoast SEO plugin v27.1.1 - https:\/\/yoast.com\/product\/yoast-seo-wordpress\/ -->\n<title>L\u2019altra faccia del diavolo - Associazione Culturale Civilt\u00e0 Laica<\/title>\n<meta name=\"robots\" content=\"index, follow, max-snippet:-1, max-image-preview:large, max-video-preview:-1\" \/>\n<link rel=\"canonical\" href=\"https:\/\/www.civiltalaica.it\/cms\/laltra-faccia-del-diavolo\/\" \/>\n<meta property=\"og:locale\" content=\"it_IT\" \/>\n<meta property=\"og:type\" content=\"article\" \/>\n<meta property=\"og:title\" content=\"L\u2019altra faccia del diavolo - Associazione Culturale Civilt\u00e0 Laica\" \/>\n<meta property=\"og:description\" content=\"&#8220;Aridatece l\u2019esorciccio!!!\u201d Il grido degli amanti del cinema horror non pu\u00f2 essere che questo dopo la visione del brutto lungometraggio di William Brent Bell, regista americano con poca esperienza alle spalle e anche poca immaginazione a giudicare dagli scadenti risultati. Il Vaticano non ha disapprovato questo film, in barba a quello che dicono i trailer [&hellip;]\" \/>\n<meta property=\"og:url\" content=\"https:\/\/www.civiltalaica.it\/cms\/laltra-faccia-del-diavolo\/\" \/>\n<meta property=\"og:site_name\" content=\"Associazione Culturale Civilt\u00e0 Laica\" \/>\n<meta property=\"article:publisher\" content=\"https:\/\/www.facebook.com\/civiltalaica\" \/>\n<meta property=\"article:published_time\" content=\"2012-03-23T15:29:30+00:00\" \/>\n<meta property=\"article:modified_time\" content=\"2012-03-23T16:44:01+00:00\" \/>\n<meta property=\"og:image\" content=\"http:\/\/www.civiltalaica.it\/cms\/wp-content\/uploads\/2012\/03\/L-altra-faccia-del-diavolo_hg_988_full_l-300x199.jpg\" \/>\n<meta name=\"author\" content=\"alexjc\" \/>\n<meta name=\"twitter:card\" content=\"summary_large_image\" \/>\n<meta name=\"twitter:label1\" content=\"Scritto da\" \/>\n\t<meta name=\"twitter:data1\" content=\"alexjc\" \/>\n\t<meta name=\"twitter:label2\" content=\"Tempo di lettura stimato\" \/>\n\t<meta name=\"twitter:data2\" content=\"3 minuti\" \/>\n<script type=\"application\/ld+json\" class=\"yoast-schema-graph\">{\"@context\":\"https:\/\/schema.org\",\"@graph\":[{\"@type\":\"Article\",\"@id\":\"https:\/\/www.civiltalaica.it\/cms\/laltra-faccia-del-diavolo\/#article\",\"isPartOf\":{\"@id\":\"https:\/\/www.civiltalaica.it\/cms\/laltra-faccia-del-diavolo\/\"},\"author\":{\"name\":\"alexjc\",\"@id\":\"https:\/\/www.civiltalaica.it\/cms\/#\/schema\/person\/4efef56f866329a1e0943eb27336df1d\"},\"headline\":\"L\u2019altra faccia del diavolo\",\"datePublished\":\"2012-03-23T15:29:30+00:00\",\"dateModified\":\"2012-03-23T16:44:01+00:00\",\"mainEntityOfPage\":{\"@id\":\"https:\/\/www.civiltalaica.it\/cms\/laltra-faccia-del-diavolo\/\"},\"wordCount\":595,\"image\":{\"@id\":\"https:\/\/www.civiltalaica.it\/cms\/laltra-faccia-del-diavolo\/#primaryimage\"},\"thumbnailUrl\":\"http:\/\/www.civiltalaica.it\/cms\/wp-content\/uploads\/2012\/03\/L-altra-faccia-del-diavolo_hg_988_full_l-300x199.jpg\",\"articleSection\":[\"articoli\",\"recensioni\"],\"inLanguage\":\"it-IT\"},{\"@type\":\"WebPage\",\"@id\":\"https:\/\/www.civiltalaica.it\/cms\/laltra-faccia-del-diavolo\/\",\"url\":\"https:\/\/www.civiltalaica.it\/cms\/laltra-faccia-del-diavolo\/\",\"name\":\"L\u2019altra faccia del diavolo - Associazione Culturale Civilt\u00e0 Laica\",\"isPartOf\":{\"@id\":\"https:\/\/www.civiltalaica.it\/cms\/#website\"},\"primaryImageOfPage\":{\"@id\":\"https:\/\/www.civiltalaica.it\/cms\/laltra-faccia-del-diavolo\/#primaryimage\"},\"image\":{\"@id\":\"https:\/\/www.civiltalaica.it\/cms\/laltra-faccia-del-diavolo\/#primaryimage\"},\"thumbnailUrl\":\"http:\/\/www.civiltalaica.it\/cms\/wp-content\/uploads\/2012\/03\/L-altra-faccia-del-diavolo_hg_988_full_l-300x199.jpg\",\"datePublished\":\"2012-03-23T15:29:30+00:00\",\"dateModified\":\"2012-03-23T16:44:01+00:00\",\"author\":{\"@id\":\"https:\/\/www.civiltalaica.it\/cms\/#\/schema\/person\/4efef56f866329a1e0943eb27336df1d\"},\"breadcrumb\":{\"@id\":\"https:\/\/www.civiltalaica.it\/cms\/laltra-faccia-del-diavolo\/#breadcrumb\"},\"inLanguage\":\"it-IT\",\"potentialAction\":[{\"@type\":\"ReadAction\",\"target\":[\"https:\/\/www.civiltalaica.it\/cms\/laltra-faccia-del-diavolo\/\"]}]},{\"@type\":\"ImageObject\",\"inLanguage\":\"it-IT\",\"@id\":\"https:\/\/www.civiltalaica.it\/cms\/laltra-faccia-del-diavolo\/#primaryimage\",\"url\":\"http:\/\/www.civiltalaica.it\/cms\/wp-content\/uploads\/2012\/03\/L-altra-faccia-del-diavolo_hg_988_full_l-300x199.jpg\",\"contentUrl\":\"http:\/\/www.civiltalaica.it\/cms\/wp-content\/uploads\/2012\/03\/L-altra-faccia-del-diavolo_hg_988_full_l-300x199.jpg\"},{\"@type\":\"BreadcrumbList\",\"@id\":\"https:\/\/www.civiltalaica.it\/cms\/laltra-faccia-del-diavolo\/#breadcrumb\",\"itemListElement\":[{\"@type\":\"ListItem\",\"position\":1,\"name\":\"Home\",\"item\":\"https:\/\/www.civiltalaica.it\/cms\/\"},{\"@type\":\"ListItem\",\"position\":2,\"name\":\"L\u2019altra faccia del diavolo\"}]},{\"@type\":\"WebSite\",\"@id\":\"https:\/\/www.civiltalaica.it\/cms\/#website\",\"url\":\"https:\/\/www.civiltalaica.it\/cms\/\",\"name\":\"Associazione Culturale Civilt\u00e0 Laica\",\"description\":\"Per un movimento culturale volto a difendere la Laicit\u00e0 dello Stato.\",\"potentialAction\":[{\"@type\":\"SearchAction\",\"target\":{\"@type\":\"EntryPoint\",\"urlTemplate\":\"https:\/\/www.civiltalaica.it\/cms\/?s={search_term_string}\"},\"query-input\":{\"@type\":\"PropertyValueSpecification\",\"valueRequired\":true,\"valueName\":\"search_term_string\"}}],\"inLanguage\":\"it-IT\"},{\"@type\":\"Person\",\"@id\":\"https:\/\/www.civiltalaica.it\/cms\/#\/schema\/person\/4efef56f866329a1e0943eb27336df1d\",\"name\":\"alexjc\",\"url\":\"https:\/\/www.civiltalaica.it\/cms\/author\/alexjc\/\"}]}<\/script>\n<!-- \/ Yoast SEO plugin. -->","yoast_head_json":{"title":"L\u2019altra faccia del diavolo - Associazione Culturale Civilt\u00e0 Laica","robots":{"index":"index","follow":"follow","max-snippet":"max-snippet:-1","max-image-preview":"max-image-preview:large","max-video-preview":"max-video-preview:-1"},"canonical":"https:\/\/www.civiltalaica.it\/cms\/laltra-faccia-del-diavolo\/","og_locale":"it_IT","og_type":"article","og_title":"L\u2019altra faccia del diavolo - Associazione Culturale Civilt\u00e0 Laica","og_description":"&#8220;Aridatece l\u2019esorciccio!!!\u201d Il grido degli amanti del cinema horror non pu\u00f2 essere che questo dopo la visione del brutto lungometraggio di William Brent Bell, regista americano con poca esperienza alle spalle e anche poca immaginazione a giudicare dagli scadenti risultati. Il Vaticano non ha disapprovato questo film, in barba a quello che dicono i trailer [&hellip;]","og_url":"https:\/\/www.civiltalaica.it\/cms\/laltra-faccia-del-diavolo\/","og_site_name":"Associazione Culturale Civilt\u00e0 Laica","article_publisher":"https:\/\/www.facebook.com\/civiltalaica","article_published_time":"2012-03-23T15:29:30+00:00","article_modified_time":"2012-03-23T16:44:01+00:00","og_image":[{"url":"http:\/\/www.civiltalaica.it\/cms\/wp-content\/uploads\/2012\/03\/L-altra-faccia-del-diavolo_hg_988_full_l-300x199.jpg","type":"","width":"","height":""}],"author":"alexjc","twitter_card":"summary_large_image","twitter_misc":{"Scritto da":"alexjc","Tempo di lettura stimato":"3 minuti"},"schema":{"@context":"https:\/\/schema.org","@graph":[{"@type":"Article","@id":"https:\/\/www.civiltalaica.it\/cms\/laltra-faccia-del-diavolo\/#article","isPartOf":{"@id":"https:\/\/www.civiltalaica.it\/cms\/laltra-faccia-del-diavolo\/"},"author":{"name":"alexjc","@id":"https:\/\/www.civiltalaica.it\/cms\/#\/schema\/person\/4efef56f866329a1e0943eb27336df1d"},"headline":"L\u2019altra faccia del diavolo","datePublished":"2012-03-23T15:29:30+00:00","dateModified":"2012-03-23T16:44:01+00:00","mainEntityOfPage":{"@id":"https:\/\/www.civiltalaica.it\/cms\/laltra-faccia-del-diavolo\/"},"wordCount":595,"image":{"@id":"https:\/\/www.civiltalaica.it\/cms\/laltra-faccia-del-diavolo\/#primaryimage"},"thumbnailUrl":"http:\/\/www.civiltalaica.it\/cms\/wp-content\/uploads\/2012\/03\/L-altra-faccia-del-diavolo_hg_988_full_l-300x199.jpg","articleSection":["articoli","recensioni"],"inLanguage":"it-IT"},{"@type":"WebPage","@id":"https:\/\/www.civiltalaica.it\/cms\/laltra-faccia-del-diavolo\/","url":"https:\/\/www.civiltalaica.it\/cms\/laltra-faccia-del-diavolo\/","name":"L\u2019altra faccia del diavolo - Associazione Culturale Civilt\u00e0 Laica","isPartOf":{"@id":"https:\/\/www.civiltalaica.it\/cms\/#website"},"primaryImageOfPage":{"@id":"https:\/\/www.civiltalaica.it\/cms\/laltra-faccia-del-diavolo\/#primaryimage"},"image":{"@id":"https:\/\/www.civiltalaica.it\/cms\/laltra-faccia-del-diavolo\/#primaryimage"},"thumbnailUrl":"http:\/\/www.civiltalaica.it\/cms\/wp-content\/uploads\/2012\/03\/L-altra-faccia-del-diavolo_hg_988_full_l-300x199.jpg","datePublished":"2012-03-23T15:29:30+00:00","dateModified":"2012-03-23T16:44:01+00:00","author":{"@id":"https:\/\/www.civiltalaica.it\/cms\/#\/schema\/person\/4efef56f866329a1e0943eb27336df1d"},"breadcrumb":{"@id":"https:\/\/www.civiltalaica.it\/cms\/laltra-faccia-del-diavolo\/#breadcrumb"},"inLanguage":"it-IT","potentialAction":[{"@type":"ReadAction","target":["https:\/\/www.civiltalaica.it\/cms\/laltra-faccia-del-diavolo\/"]}]},{"@type":"ImageObject","inLanguage":"it-IT","@id":"https:\/\/www.civiltalaica.it\/cms\/laltra-faccia-del-diavolo\/#primaryimage","url":"http:\/\/www.civiltalaica.it\/cms\/wp-content\/uploads\/2012\/03\/L-altra-faccia-del-diavolo_hg_988_full_l-300x199.jpg","contentUrl":"http:\/\/www.civiltalaica.it\/cms\/wp-content\/uploads\/2012\/03\/L-altra-faccia-del-diavolo_hg_988_full_l-300x199.jpg"},{"@type":"BreadcrumbList","@id":"https:\/\/www.civiltalaica.it\/cms\/laltra-faccia-del-diavolo\/#breadcrumb","itemListElement":[{"@type":"ListItem","position":1,"name":"Home","item":"https:\/\/www.civiltalaica.it\/cms\/"},{"@type":"ListItem","position":2,"name":"L\u2019altra faccia del diavolo"}]},{"@type":"WebSite","@id":"https:\/\/www.civiltalaica.it\/cms\/#website","url":"https:\/\/www.civiltalaica.it\/cms\/","name":"Associazione Culturale Civilt\u00e0 Laica","description":"Per un movimento culturale volto a difendere la Laicit\u00e0 dello Stato.","potentialAction":[{"@type":"SearchAction","target":{"@type":"EntryPoint","urlTemplate":"https:\/\/www.civiltalaica.it\/cms\/?s={search_term_string}"},"query-input":{"@type":"PropertyValueSpecification","valueRequired":true,"valueName":"search_term_string"}}],"inLanguage":"it-IT"},{"@type":"Person","@id":"https:\/\/www.civiltalaica.it\/cms\/#\/schema\/person\/4efef56f866329a1e0943eb27336df1d","name":"alexjc","url":"https:\/\/www.civiltalaica.it\/cms\/author\/alexjc\/"}]}},"_links":{"self":[{"href":"https:\/\/www.civiltalaica.it\/cms\/wp-json\/wp\/v2\/posts\/10474","targetHints":{"allow":["GET"]}}],"collection":[{"href":"https:\/\/www.civiltalaica.it\/cms\/wp-json\/wp\/v2\/posts"}],"about":[{"href":"https:\/\/www.civiltalaica.it\/cms\/wp-json\/wp\/v2\/types\/post"}],"author":[{"embeddable":true,"href":"https:\/\/www.civiltalaica.it\/cms\/wp-json\/wp\/v2\/users\/7"}],"replies":[{"embeddable":true,"href":"https:\/\/www.civiltalaica.it\/cms\/wp-json\/wp\/v2\/comments?post=10474"}],"version-history":[{"count":0,"href":"https:\/\/www.civiltalaica.it\/cms\/wp-json\/wp\/v2\/posts\/10474\/revisions"}],"wp:attachment":[{"href":"https:\/\/www.civiltalaica.it\/cms\/wp-json\/wp\/v2\/media?parent=10474"}],"wp:term":[{"taxonomy":"category","embeddable":true,"href":"https:\/\/www.civiltalaica.it\/cms\/wp-json\/wp\/v2\/categories?post=10474"},{"taxonomy":"post_tag","embeddable":true,"href":"https:\/\/www.civiltalaica.it\/cms\/wp-json\/wp\/v2\/tags?post=10474"}],"curies":[{"name":"wp","href":"https:\/\/api.w.org\/{rel}","templated":true}]}}