{"id":10459,"date":"2012-03-13T20:09:03","date_gmt":"2012-03-13T20:09:03","guid":{"rendered":"http:\/\/www.civiltalaica.it\/cms\/?p=10459"},"modified":"2013-05-31T12:54:24","modified_gmt":"2013-05-31T12:54:24","slug":"il-canto-del-gallo","status":"publish","type":"post","link":"https:\/\/www.civiltalaica.it\/cms\/il-canto-del-gallo\/","title":{"rendered":"IL CANTO DEL GALLO"},"content":{"rendered":"<p>Scrivevo tempo fa nel libro, che ho pubblicato nell&#8217;ambito delle attivit\u00e0 dell&#8217;Associazione \u201cCivilt\u00e0 laica\u201d, Le vie della laicit\u00e0 sono infinite? un pezzo su Don Milani, nel quale mi chiedevo se un prete pu\u00f2 essere laico e concludevo, dopo una breve analisi delle sue idee e dei suoi comportamenti, che non era difficile rilevarvi elementi di forte laicit\u00e0, tanto che con la Chiesa gerarchica vaticana ebbe qualche problema e si ritrov\u00f2 confinato a Barbiana.<!--more--> Oggi dal momento che un altro prete, Don Andrea Gallo, \u00e8 divenuto molto noto per le sue idee eterodosse e per i suoi conseguenti e coerenti comportamenti e dal momento che lui stesso ama il dialogo e il confronto, dopo aver letto attentamente e con molto interesse e anche divertimento i suoi libri, ho deciso di analizzare gli aspetti fondamentali del suo pensiero dal punto di vista della laicit\u00e0, perch\u00e9 ci troviamo di fronte non un teologo dissidente ma un prete cattolico che non mette in discussione i dogmi dottrinali fondamentali della Chiesa cattolica e afferma pi\u00f9 volte di amare la sua Chiesa, di starci bene dentro e di non avere alcuna intenzione di lasciarla. Oltretutto non ha mai ricevuto scomuniche o ammonizioni ufficiali. Dunque, pu\u00f2 un prete essere laico? E se lo \u00e8, a quali contraddizioni, se mai ci sono, va incontro? Occorre allora preliminarmente precisare alcuni caratteri fondamentali della laicit\u00e0 che, a mio avviso, sono la libert\u00e0 di coscienza, di pensiero e di espressione e dunque la\u00a0 autodeterminazione di ogni individuo, la separazione tra Stato e Chiesa, lo Stato aconfessionale, la libert\u00e0 religiosa e l&#8217;eguale trattamento per tutte le religioni, la libert\u00e0 di ricerca scientifica, l&#8217;autonomia della ragione dalla fede, della filosofia e della scienza dalla teologia, il rifiuto di ogni fondamentalismo e integralismo religioso o politico e del clericalismo, la tolleranza e il rispetto per il pensiero e i comportamenti che non ledono la libert\u00e0 altrui, la non violenza, l&#8217;antimilitarismo, il rifiuto di ogni forma di razzismo e di dogmatismo, l&#8217;interesse per la diversit\u00e0, l&#8217;amore per il dialogo socratico e il rifiuto di imporre agli altri i nostri principi, la distinzione tra peccato e reato, il rispetto per tutte le forme autentiche di religiosit\u00e0, la distinzione tra religione gerarchica e religiosit\u00e0. Fissati<br \/>\nquesti punti, cominciamo a vedere quale definizione d\u00e0 Don Gallo della laicit\u00e0 nei suoi libri, cercando di far parlare lui il pi\u00f9 direttamente possibile e quindi con citazioni precise dalle sue opere.<\/p>\n<p  style=\" margin: 12px auto 6px auto; font-family: Helvetica,Arial,Sans-serif; font-style: normal; font-variant: normal; font-weight: normal; font-size: 14px; line-height: normal; font-size-adjust: none; font-stretch: normal; -x-system-font: none; display: block;\">   <a title=\"View Il Canto Del Gallo on Scribd\" href=\"http:\/\/www.scribd.com\/doc\/144872189\/Il-Canto-Del-Gallo\"  style=\"text-decoration: underline;\" >Il Canto Del Gallo<\/a><\/p>\n<p><iframe loading=\"lazy\" class=\"scribd_iframe_embed\" src=\"http:\/\/www.scribd.com\/embeds\/144872189\/content?start_page=1&#038;view_mode=scroll&#038;show_recommendations=true\" data-auto-height=\"false\" data-aspect-ratio=\"undefined\" scrolling=\"no\" id=\"doc_79630\" width=\"100%\" height=\"600\" frameborder=\"0\"><\/iframe><\/p>\n","protected":false},"excerpt":{"rendered":"<p>Scrivevo tempo fa nel libro, che ho pubblicato nell&#8217;ambito delle attivit\u00e0 dell&#8217;Associazione \u201cCivilt\u00e0 laica\u201d, Le vie della laicit\u00e0 sono infinite? un pezzo su Don Milani, nel quale mi chiedevo se un prete pu\u00f2 essere laico e concludevo, dopo una breve analisi delle sue idee e dei suoi comportamenti, che non era difficile rilevarvi elementi di [&hellip;]<\/p>\n","protected":false},"author":1,"featured_media":0,"comment_status":"closed","ping_status":"closed","sticky":false,"template":"","format":"standard","meta":{"footnotes":""},"categories":[233],"tags":[],"class_list":["post-10459","post","type-post","status-publish","format-standard","hentry","category-filosofia-2"],"yoast_head":"<!-- This site is optimized with the Yoast SEO plugin v27.1.1 - https:\/\/yoast.com\/product\/yoast-seo-wordpress\/ -->\n<title>IL CANTO DEL GALLO - Associazione Culturale Civilt\u00e0 Laica<\/title>\n<meta name=\"robots\" content=\"index, follow, max-snippet:-1, max-image-preview:large, max-video-preview:-1\" \/>\n<link rel=\"canonical\" href=\"https:\/\/www.civiltalaica.it\/cms\/il-canto-del-gallo\/\" \/>\n<meta property=\"og:locale\" content=\"it_IT\" \/>\n<meta property=\"og:type\" content=\"article\" \/>\n<meta property=\"og:title\" content=\"IL CANTO DEL GALLO - Associazione Culturale Civilt\u00e0 Laica\" \/>\n<meta property=\"og:description\" content=\"Scrivevo tempo fa nel libro, che ho pubblicato nell&#8217;ambito delle attivit\u00e0 dell&#8217;Associazione \u201cCivilt\u00e0 laica\u201d, Le vie della laicit\u00e0 sono infinite? un pezzo su Don Milani, nel quale mi chiedevo se un prete pu\u00f2 essere laico e concludevo, dopo una breve analisi delle sue idee e dei suoi comportamenti, che non era difficile rilevarvi elementi di [&hellip;]\" \/>\n<meta property=\"og:url\" content=\"https:\/\/www.civiltalaica.it\/cms\/il-canto-del-gallo\/\" \/>\n<meta property=\"og:site_name\" content=\"Associazione Culturale Civilt\u00e0 Laica\" \/>\n<meta property=\"article:publisher\" content=\"https:\/\/www.facebook.com\/civiltalaica\" \/>\n<meta property=\"article:published_time\" content=\"2012-03-13T20:09:03+00:00\" \/>\n<meta property=\"article:modified_time\" content=\"2013-05-31T12:54:24+00:00\" \/>\n<meta property=\"og:image\" content=\"https:\/\/www.civiltalaica.it\/cms\/wp-content\/uploads\/2017\/06\/logo-cl.png\" \/>\n\t<meta property=\"og:image:width\" content=\"400\" \/>\n\t<meta property=\"og:image:height\" content=\"180\" \/>\n\t<meta property=\"og:image:type\" content=\"image\/png\" \/>\n<meta name=\"author\" content=\"cladmin\" \/>\n<meta name=\"twitter:card\" content=\"summary_large_image\" \/>\n<meta name=\"twitter:label1\" content=\"Scritto da\" \/>\n\t<meta name=\"twitter:data1\" content=\"cladmin\" \/>\n\t<meta name=\"twitter:label2\" content=\"Tempo di lettura stimato\" \/>\n\t<meta name=\"twitter:data2\" content=\"2 minuti\" \/>\n<script type=\"application\/ld+json\" class=\"yoast-schema-graph\">{\"@context\":\"https:\/\/schema.org\",\"@graph\":[{\"@type\":\"Article\",\"@id\":\"https:\/\/www.civiltalaica.it\/cms\/il-canto-del-gallo\/#article\",\"isPartOf\":{\"@id\":\"https:\/\/www.civiltalaica.it\/cms\/il-canto-del-gallo\/\"},\"author\":{\"name\":\"cladmin\",\"@id\":\"https:\/\/www.civiltalaica.it\/cms\/#\/schema\/person\/500a52762e2620e007d6333aa121f5e5\"},\"headline\":\"IL CANTO DEL GALLO\",\"datePublished\":\"2012-03-13T20:09:03+00:00\",\"dateModified\":\"2013-05-31T12:54:24+00:00\",\"mainEntityOfPage\":{\"@id\":\"https:\/\/www.civiltalaica.it\/cms\/il-canto-del-gallo\/\"},\"wordCount\":406,\"articleSection\":[\"filosofia e scienza\"],\"inLanguage\":\"it-IT\"},{\"@type\":\"WebPage\",\"@id\":\"https:\/\/www.civiltalaica.it\/cms\/il-canto-del-gallo\/\",\"url\":\"https:\/\/www.civiltalaica.it\/cms\/il-canto-del-gallo\/\",\"name\":\"IL CANTO DEL GALLO - Associazione Culturale Civilt\u00e0 Laica\",\"isPartOf\":{\"@id\":\"https:\/\/www.civiltalaica.it\/cms\/#website\"},\"datePublished\":\"2012-03-13T20:09:03+00:00\",\"dateModified\":\"2013-05-31T12:54:24+00:00\",\"author\":{\"@id\":\"https:\/\/www.civiltalaica.it\/cms\/#\/schema\/person\/500a52762e2620e007d6333aa121f5e5\"},\"breadcrumb\":{\"@id\":\"https:\/\/www.civiltalaica.it\/cms\/il-canto-del-gallo\/#breadcrumb\"},\"inLanguage\":\"it-IT\",\"potentialAction\":[{\"@type\":\"ReadAction\",\"target\":[\"https:\/\/www.civiltalaica.it\/cms\/il-canto-del-gallo\/\"]}]},{\"@type\":\"BreadcrumbList\",\"@id\":\"https:\/\/www.civiltalaica.it\/cms\/il-canto-del-gallo\/#breadcrumb\",\"itemListElement\":[{\"@type\":\"ListItem\",\"position\":1,\"name\":\"Home\",\"item\":\"https:\/\/www.civiltalaica.it\/cms\/\"},{\"@type\":\"ListItem\",\"position\":2,\"name\":\"IL CANTO DEL GALLO\"}]},{\"@type\":\"WebSite\",\"@id\":\"https:\/\/www.civiltalaica.it\/cms\/#website\",\"url\":\"https:\/\/www.civiltalaica.it\/cms\/\",\"name\":\"Associazione Culturale Civilt\u00e0 Laica\",\"description\":\"Per un movimento culturale volto a difendere la Laicit\u00e0 dello Stato.\",\"potentialAction\":[{\"@type\":\"SearchAction\",\"target\":{\"@type\":\"EntryPoint\",\"urlTemplate\":\"https:\/\/www.civiltalaica.it\/cms\/?s={search_term_string}\"},\"query-input\":{\"@type\":\"PropertyValueSpecification\",\"valueRequired\":true,\"valueName\":\"search_term_string\"}}],\"inLanguage\":\"it-IT\"},{\"@type\":\"Person\",\"@id\":\"https:\/\/www.civiltalaica.it\/cms\/#\/schema\/person\/500a52762e2620e007d6333aa121f5e5\",\"name\":\"cladmin\",\"url\":\"https:\/\/www.civiltalaica.it\/cms\/author\/cladmin\/\"}]}<\/script>\n<!-- \/ Yoast SEO plugin. -->","yoast_head_json":{"title":"IL CANTO DEL GALLO - Associazione Culturale Civilt\u00e0 Laica","robots":{"index":"index","follow":"follow","max-snippet":"max-snippet:-1","max-image-preview":"max-image-preview:large","max-video-preview":"max-video-preview:-1"},"canonical":"https:\/\/www.civiltalaica.it\/cms\/il-canto-del-gallo\/","og_locale":"it_IT","og_type":"article","og_title":"IL CANTO DEL GALLO - Associazione Culturale Civilt\u00e0 Laica","og_description":"Scrivevo tempo fa nel libro, che ho pubblicato nell&#8217;ambito delle attivit\u00e0 dell&#8217;Associazione \u201cCivilt\u00e0 laica\u201d, Le vie della laicit\u00e0 sono infinite? un pezzo su Don Milani, nel quale mi chiedevo se un prete pu\u00f2 essere laico e concludevo, dopo una breve analisi delle sue idee e dei suoi comportamenti, che non era difficile rilevarvi elementi di [&hellip;]","og_url":"https:\/\/www.civiltalaica.it\/cms\/il-canto-del-gallo\/","og_site_name":"Associazione Culturale Civilt\u00e0 Laica","article_publisher":"https:\/\/www.facebook.com\/civiltalaica","article_published_time":"2012-03-13T20:09:03+00:00","article_modified_time":"2013-05-31T12:54:24+00:00","og_image":[{"width":400,"height":180,"url":"https:\/\/www.civiltalaica.it\/cms\/wp-content\/uploads\/2017\/06\/logo-cl.png","type":"image\/png"}],"author":"cladmin","twitter_card":"summary_large_image","twitter_misc":{"Scritto da":"cladmin","Tempo di lettura stimato":"2 minuti"},"schema":{"@context":"https:\/\/schema.org","@graph":[{"@type":"Article","@id":"https:\/\/www.civiltalaica.it\/cms\/il-canto-del-gallo\/#article","isPartOf":{"@id":"https:\/\/www.civiltalaica.it\/cms\/il-canto-del-gallo\/"},"author":{"name":"cladmin","@id":"https:\/\/www.civiltalaica.it\/cms\/#\/schema\/person\/500a52762e2620e007d6333aa121f5e5"},"headline":"IL CANTO DEL GALLO","datePublished":"2012-03-13T20:09:03+00:00","dateModified":"2013-05-31T12:54:24+00:00","mainEntityOfPage":{"@id":"https:\/\/www.civiltalaica.it\/cms\/il-canto-del-gallo\/"},"wordCount":406,"articleSection":["filosofia e scienza"],"inLanguage":"it-IT"},{"@type":"WebPage","@id":"https:\/\/www.civiltalaica.it\/cms\/il-canto-del-gallo\/","url":"https:\/\/www.civiltalaica.it\/cms\/il-canto-del-gallo\/","name":"IL CANTO DEL GALLO - Associazione Culturale Civilt\u00e0 Laica","isPartOf":{"@id":"https:\/\/www.civiltalaica.it\/cms\/#website"},"datePublished":"2012-03-13T20:09:03+00:00","dateModified":"2013-05-31T12:54:24+00:00","author":{"@id":"https:\/\/www.civiltalaica.it\/cms\/#\/schema\/person\/500a52762e2620e007d6333aa121f5e5"},"breadcrumb":{"@id":"https:\/\/www.civiltalaica.it\/cms\/il-canto-del-gallo\/#breadcrumb"},"inLanguage":"it-IT","potentialAction":[{"@type":"ReadAction","target":["https:\/\/www.civiltalaica.it\/cms\/il-canto-del-gallo\/"]}]},{"@type":"BreadcrumbList","@id":"https:\/\/www.civiltalaica.it\/cms\/il-canto-del-gallo\/#breadcrumb","itemListElement":[{"@type":"ListItem","position":1,"name":"Home","item":"https:\/\/www.civiltalaica.it\/cms\/"},{"@type":"ListItem","position":2,"name":"IL CANTO DEL GALLO"}]},{"@type":"WebSite","@id":"https:\/\/www.civiltalaica.it\/cms\/#website","url":"https:\/\/www.civiltalaica.it\/cms\/","name":"Associazione Culturale Civilt\u00e0 Laica","description":"Per un movimento culturale volto a difendere la Laicit\u00e0 dello Stato.","potentialAction":[{"@type":"SearchAction","target":{"@type":"EntryPoint","urlTemplate":"https:\/\/www.civiltalaica.it\/cms\/?s={search_term_string}"},"query-input":{"@type":"PropertyValueSpecification","valueRequired":true,"valueName":"search_term_string"}}],"inLanguage":"it-IT"},{"@type":"Person","@id":"https:\/\/www.civiltalaica.it\/cms\/#\/schema\/person\/500a52762e2620e007d6333aa121f5e5","name":"cladmin","url":"https:\/\/www.civiltalaica.it\/cms\/author\/cladmin\/"}]}},"_links":{"self":[{"href":"https:\/\/www.civiltalaica.it\/cms\/wp-json\/wp\/v2\/posts\/10459","targetHints":{"allow":["GET"]}}],"collection":[{"href":"https:\/\/www.civiltalaica.it\/cms\/wp-json\/wp\/v2\/posts"}],"about":[{"href":"https:\/\/www.civiltalaica.it\/cms\/wp-json\/wp\/v2\/types\/post"}],"author":[{"embeddable":true,"href":"https:\/\/www.civiltalaica.it\/cms\/wp-json\/wp\/v2\/users\/1"}],"replies":[{"embeddable":true,"href":"https:\/\/www.civiltalaica.it\/cms\/wp-json\/wp\/v2\/comments?post=10459"}],"version-history":[{"count":0,"href":"https:\/\/www.civiltalaica.it\/cms\/wp-json\/wp\/v2\/posts\/10459\/revisions"}],"wp:attachment":[{"href":"https:\/\/www.civiltalaica.it\/cms\/wp-json\/wp\/v2\/media?parent=10459"}],"wp:term":[{"taxonomy":"category","embeddable":true,"href":"https:\/\/www.civiltalaica.it\/cms\/wp-json\/wp\/v2\/categories?post=10459"},{"taxonomy":"post_tag","embeddable":true,"href":"https:\/\/www.civiltalaica.it\/cms\/wp-json\/wp\/v2\/tags?post=10459"}],"curies":[{"name":"wp","href":"https:\/\/api.w.org\/{rel}","templated":true}]}}