{"id":10450,"date":"2012-03-10T10:12:10","date_gmt":"2012-03-10T10:12:10","guid":{"rendered":"http:\/\/www.civiltalaica.it\/cms\/?p=10450"},"modified":"2012-03-10T10:12:10","modified_gmt":"2012-03-10T10:12:10","slug":"non-aprite-quellurna","status":"publish","type":"post","link":"https:\/\/www.civiltalaica.it\/cms\/non-aprite-quellurna\/","title":{"rendered":"Non aprite quell\u2019urna!"},"content":{"rendered":"<p>Lo sappiamo, noi poveri miscredenti-laicisti-atei-mangiabambini non possiamo capire la grandezza della Chiesa cattolica e delle sue regole. Ripetutamente invitati a non occuparci di cose che non ci riguardano (i concetti di libert\u00e0 di opinione e di espressione son duri da digerire ai<strong> nostalgici del medioevo<\/strong>), accusati di non conoscere la grandezza dei riti e delle liturgie cattoliche (quasi che il catechismo fosse riservato a un \u00e9lite ristretta e non distribuito a pioggia su tutti fin dall\u2019infanzia), apostrofati come ignoranti (senza mai spiegare su che cosa siamo ignoranti), confessiamo senza timore di ulteriori improperi di non riuscire a capire l\u2019ennesima uscita della Cei contro la cremazione.<!--more--><\/p>\n<p><img loading=\"lazy\" decoding=\"async\" class=\"alignnone\" title=\"urna\" src=\"http:\/\/www.cronachelaiche.it\/wp-content\/uploads\/2012\/03\/urna-179x300.jpg\" alt=\"\" width=\"179\" height=\"300\" \/>Come riportato puntualmente da <em>Avvenire<\/em> del 2 marzo, \u00ab<em>La Chiesa accetta la cremazione, se non \u00e8 decisa in odio alla fede, cio\u00e8 per negare la risurrezione dei corpi proclamata nel Credo, ma non la incoraggia<\/em>\u00bb e \u00ab<em>ribadendo comunque che la sepoltura resta la forma \u201cpi\u00f9 idonea a esprimere la fede nella resurrezione\u201d e confermando il no allo spargimento delle ceneri e alla conservazione in luoghi diversi dal cimitero<\/em>\u00bb. Senza indagare come mai la superstizione cattolica non consegni una motosega alla salma del defunto sepolta nella bara zincata chiusa con saldatura e bulloni, dato che questa non sarebbe apribile dal resuscitante neanche se il fenomeno avvenisse in contemporanea con la trasformazione in Hulk, ci chiediamo: <strong>il no a chi \u00e8 rivolto?<\/strong> Se \u00e8 rivolto ai cattolici, bene, niente da dire, ognuno \u00e8 libero di farsi abbindolare dal santone che preferisce e disporre della sua salma come meglio crede. Se \u00e8 rivolto invece alle autorit\u00e0 civili che dovrebbero seguire le disposizioni dei gerarchi vaticani facendo fare dei passi indietro rispetto alle ultime norme civili in materia funeraria allora \u00e8 ovvio che la cosa ci fa arrabbiare e non poco.<\/p>\n<p>Non possiamo pensare che\u00a0 in tempi di societ\u00e0 multiculturali le regioni e i Comuni prendano decisioni <strong>antistoriche<\/strong> proibendo a chi ha una diversa concezione dell\u2019esistenza di compiere gesti che non danneggiano nessuno. Cosa c\u2019\u00e8 di male nello spargimento delle ceneri o nel conservare l\u2019urna a casa? Sembra assurdo ma <strong>si tratta di conquiste molto recenti;<\/strong> tanto per fare un esempio concreto, la Regione Umbria non ammetteva nei suoi regolamenti la conservazione delle ceneri in luoghi diversi dai cimiteri fino al 2005. \u201c<em>A pensar male si fa peccato ma spesso ci si azzecca<\/em>\u201d diceva un cattolico doc, e sinceramente non possiamo non pensare che tanta cattiveria e intransigenza nei confronti di chi vuole soluzioni diverse per le sue esequie non sia legata alla connivenza spesso tutt\u2019altro che limpida con i gestori del <strong>business<\/strong> del \u201ccaro estinto\u201d che chiedono cifre esorbitanti per loculi, bare, fiori e annessi e connessi. \u00c8 lapalissiano che il guadagno su un\u2019urna che deve solo servire a portare le ceneri al luogo della dispersione \u00e8 molto inferiore a quello su una bara, un loculo, una lapide \u201ceterni\u201d.<\/p>\n<div><strong>Alessandro Chiometti<\/strong><\/div>\n","protected":false},"excerpt":{"rendered":"<p>Lo sappiamo, noi poveri miscredenti-laicisti-atei-mangiabambini non possiamo capire la grandezza della Chiesa cattolica e delle sue regole. Ripetutamente invitati a non occuparci di cose che non ci riguardano (i concetti di libert\u00e0 di opinione e di espressione son duri da digerire ai nostalgici del medioevo), accusati di non conoscere la grandezza dei riti e delle [&hellip;]<\/p>\n","protected":false},"author":7,"featured_media":0,"comment_status":"closed","ping_status":"closed","sticky":false,"template":"","format":"standard","meta":{"footnotes":""},"categories":[238,228],"tags":[79,115,1000,766,1001],"class_list":["post-10450","post","type-post","status-publish","format-standard","hentry","category-articoli","category-blog","tag-alessandro-chiometti","tag-cei","tag-cimiteri","tag-cremazione","tag-dispersione-delle-ceneri"],"yoast_head":"<!-- This site is optimized with the Yoast SEO plugin v27.1.1 - https:\/\/yoast.com\/product\/yoast-seo-wordpress\/ -->\n<title>Non aprite quell\u2019urna! - Associazione Culturale Civilt\u00e0 Laica<\/title>\n<meta name=\"robots\" content=\"index, follow, max-snippet:-1, max-image-preview:large, max-video-preview:-1\" \/>\n<link rel=\"canonical\" href=\"https:\/\/www.civiltalaica.it\/cms\/non-aprite-quellurna\/\" \/>\n<meta property=\"og:locale\" content=\"it_IT\" \/>\n<meta property=\"og:type\" content=\"article\" \/>\n<meta property=\"og:title\" content=\"Non aprite quell\u2019urna! - Associazione Culturale Civilt\u00e0 Laica\" \/>\n<meta property=\"og:description\" content=\"Lo sappiamo, noi poveri miscredenti-laicisti-atei-mangiabambini non possiamo capire la grandezza della Chiesa cattolica e delle sue regole. Ripetutamente invitati a non occuparci di cose che non ci riguardano (i concetti di libert\u00e0 di opinione e di espressione son duri da digerire ai nostalgici del medioevo), accusati di non conoscere la grandezza dei riti e delle [&hellip;]\" \/>\n<meta property=\"og:url\" content=\"https:\/\/www.civiltalaica.it\/cms\/non-aprite-quellurna\/\" \/>\n<meta property=\"og:site_name\" content=\"Associazione Culturale Civilt\u00e0 Laica\" \/>\n<meta property=\"article:publisher\" content=\"https:\/\/www.facebook.com\/civiltalaica\" \/>\n<meta property=\"article:published_time\" content=\"2012-03-10T10:12:10+00:00\" \/>\n<meta property=\"og:image\" content=\"http:\/\/www.cronachelaiche.it\/wp-content\/uploads\/2012\/03\/urna-179x300.jpg\" \/>\n<meta name=\"author\" content=\"alexjc\" \/>\n<meta name=\"twitter:card\" content=\"summary_large_image\" \/>\n<meta name=\"twitter:label1\" content=\"Scritto da\" \/>\n\t<meta name=\"twitter:data1\" content=\"alexjc\" \/>\n\t<meta name=\"twitter:label2\" content=\"Tempo di lettura stimato\" \/>\n\t<meta name=\"twitter:data2\" content=\"2 minuti\" \/>\n<script type=\"application\/ld+json\" class=\"yoast-schema-graph\">{\"@context\":\"https:\/\/schema.org\",\"@graph\":[{\"@type\":\"Article\",\"@id\":\"https:\/\/www.civiltalaica.it\/cms\/non-aprite-quellurna\/#article\",\"isPartOf\":{\"@id\":\"https:\/\/www.civiltalaica.it\/cms\/non-aprite-quellurna\/\"},\"author\":{\"name\":\"alexjc\",\"@id\":\"https:\/\/www.civiltalaica.it\/cms\/#\/schema\/person\/4efef56f866329a1e0943eb27336df1d\"},\"headline\":\"Non aprite quell\u2019urna!\",\"datePublished\":\"2012-03-10T10:12:10+00:00\",\"mainEntityOfPage\":{\"@id\":\"https:\/\/www.civiltalaica.it\/cms\/non-aprite-quellurna\/\"},\"wordCount\":473,\"image\":{\"@id\":\"https:\/\/www.civiltalaica.it\/cms\/non-aprite-quellurna\/#primaryimage\"},\"thumbnailUrl\":\"http:\/\/www.cronachelaiche.it\/wp-content\/uploads\/2012\/03\/urna-179x300.jpg\",\"keywords\":[\"alessandro chiometti\",\"cei\",\"cimiteri\",\"cremazione\",\"dispersione delle ceneri\"],\"articleSection\":[\"articoli\",\"blog\"],\"inLanguage\":\"it-IT\"},{\"@type\":\"WebPage\",\"@id\":\"https:\/\/www.civiltalaica.it\/cms\/non-aprite-quellurna\/\",\"url\":\"https:\/\/www.civiltalaica.it\/cms\/non-aprite-quellurna\/\",\"name\":\"Non aprite quell\u2019urna! - Associazione Culturale Civilt\u00e0 Laica\",\"isPartOf\":{\"@id\":\"https:\/\/www.civiltalaica.it\/cms\/#website\"},\"primaryImageOfPage\":{\"@id\":\"https:\/\/www.civiltalaica.it\/cms\/non-aprite-quellurna\/#primaryimage\"},\"image\":{\"@id\":\"https:\/\/www.civiltalaica.it\/cms\/non-aprite-quellurna\/#primaryimage\"},\"thumbnailUrl\":\"http:\/\/www.cronachelaiche.it\/wp-content\/uploads\/2012\/03\/urna-179x300.jpg\",\"datePublished\":\"2012-03-10T10:12:10+00:00\",\"author\":{\"@id\":\"https:\/\/www.civiltalaica.it\/cms\/#\/schema\/person\/4efef56f866329a1e0943eb27336df1d\"},\"breadcrumb\":{\"@id\":\"https:\/\/www.civiltalaica.it\/cms\/non-aprite-quellurna\/#breadcrumb\"},\"inLanguage\":\"it-IT\",\"potentialAction\":[{\"@type\":\"ReadAction\",\"target\":[\"https:\/\/www.civiltalaica.it\/cms\/non-aprite-quellurna\/\"]}]},{\"@type\":\"ImageObject\",\"inLanguage\":\"it-IT\",\"@id\":\"https:\/\/www.civiltalaica.it\/cms\/non-aprite-quellurna\/#primaryimage\",\"url\":\"http:\/\/www.cronachelaiche.it\/wp-content\/uploads\/2012\/03\/urna-179x300.jpg\",\"contentUrl\":\"http:\/\/www.cronachelaiche.it\/wp-content\/uploads\/2012\/03\/urna-179x300.jpg\"},{\"@type\":\"BreadcrumbList\",\"@id\":\"https:\/\/www.civiltalaica.it\/cms\/non-aprite-quellurna\/#breadcrumb\",\"itemListElement\":[{\"@type\":\"ListItem\",\"position\":1,\"name\":\"Home\",\"item\":\"https:\/\/www.civiltalaica.it\/cms\/\"},{\"@type\":\"ListItem\",\"position\":2,\"name\":\"Non aprite quell\u2019urna!\"}]},{\"@type\":\"WebSite\",\"@id\":\"https:\/\/www.civiltalaica.it\/cms\/#website\",\"url\":\"https:\/\/www.civiltalaica.it\/cms\/\",\"name\":\"Associazione Culturale Civilt\u00e0 Laica\",\"description\":\"Per un movimento culturale volto a difendere la Laicit\u00e0 dello Stato.\",\"potentialAction\":[{\"@type\":\"SearchAction\",\"target\":{\"@type\":\"EntryPoint\",\"urlTemplate\":\"https:\/\/www.civiltalaica.it\/cms\/?s={search_term_string}\"},\"query-input\":{\"@type\":\"PropertyValueSpecification\",\"valueRequired\":true,\"valueName\":\"search_term_string\"}}],\"inLanguage\":\"it-IT\"},{\"@type\":\"Person\",\"@id\":\"https:\/\/www.civiltalaica.it\/cms\/#\/schema\/person\/4efef56f866329a1e0943eb27336df1d\",\"name\":\"alexjc\",\"url\":\"https:\/\/www.civiltalaica.it\/cms\/author\/alexjc\/\"}]}<\/script>\n<!-- \/ Yoast SEO plugin. -->","yoast_head_json":{"title":"Non aprite quell\u2019urna! - Associazione Culturale Civilt\u00e0 Laica","robots":{"index":"index","follow":"follow","max-snippet":"max-snippet:-1","max-image-preview":"max-image-preview:large","max-video-preview":"max-video-preview:-1"},"canonical":"https:\/\/www.civiltalaica.it\/cms\/non-aprite-quellurna\/","og_locale":"it_IT","og_type":"article","og_title":"Non aprite quell\u2019urna! - Associazione Culturale Civilt\u00e0 Laica","og_description":"Lo sappiamo, noi poveri miscredenti-laicisti-atei-mangiabambini non possiamo capire la grandezza della Chiesa cattolica e delle sue regole. Ripetutamente invitati a non occuparci di cose che non ci riguardano (i concetti di libert\u00e0 di opinione e di espressione son duri da digerire ai nostalgici del medioevo), accusati di non conoscere la grandezza dei riti e delle [&hellip;]","og_url":"https:\/\/www.civiltalaica.it\/cms\/non-aprite-quellurna\/","og_site_name":"Associazione Culturale Civilt\u00e0 Laica","article_publisher":"https:\/\/www.facebook.com\/civiltalaica","article_published_time":"2012-03-10T10:12:10+00:00","og_image":[{"url":"http:\/\/www.cronachelaiche.it\/wp-content\/uploads\/2012\/03\/urna-179x300.jpg","type":"","width":"","height":""}],"author":"alexjc","twitter_card":"summary_large_image","twitter_misc":{"Scritto da":"alexjc","Tempo di lettura stimato":"2 minuti"},"schema":{"@context":"https:\/\/schema.org","@graph":[{"@type":"Article","@id":"https:\/\/www.civiltalaica.it\/cms\/non-aprite-quellurna\/#article","isPartOf":{"@id":"https:\/\/www.civiltalaica.it\/cms\/non-aprite-quellurna\/"},"author":{"name":"alexjc","@id":"https:\/\/www.civiltalaica.it\/cms\/#\/schema\/person\/4efef56f866329a1e0943eb27336df1d"},"headline":"Non aprite quell\u2019urna!","datePublished":"2012-03-10T10:12:10+00:00","mainEntityOfPage":{"@id":"https:\/\/www.civiltalaica.it\/cms\/non-aprite-quellurna\/"},"wordCount":473,"image":{"@id":"https:\/\/www.civiltalaica.it\/cms\/non-aprite-quellurna\/#primaryimage"},"thumbnailUrl":"http:\/\/www.cronachelaiche.it\/wp-content\/uploads\/2012\/03\/urna-179x300.jpg","keywords":["alessandro chiometti","cei","cimiteri","cremazione","dispersione delle ceneri"],"articleSection":["articoli","blog"],"inLanguage":"it-IT"},{"@type":"WebPage","@id":"https:\/\/www.civiltalaica.it\/cms\/non-aprite-quellurna\/","url":"https:\/\/www.civiltalaica.it\/cms\/non-aprite-quellurna\/","name":"Non aprite quell\u2019urna! - Associazione Culturale Civilt\u00e0 Laica","isPartOf":{"@id":"https:\/\/www.civiltalaica.it\/cms\/#website"},"primaryImageOfPage":{"@id":"https:\/\/www.civiltalaica.it\/cms\/non-aprite-quellurna\/#primaryimage"},"image":{"@id":"https:\/\/www.civiltalaica.it\/cms\/non-aprite-quellurna\/#primaryimage"},"thumbnailUrl":"http:\/\/www.cronachelaiche.it\/wp-content\/uploads\/2012\/03\/urna-179x300.jpg","datePublished":"2012-03-10T10:12:10+00:00","author":{"@id":"https:\/\/www.civiltalaica.it\/cms\/#\/schema\/person\/4efef56f866329a1e0943eb27336df1d"},"breadcrumb":{"@id":"https:\/\/www.civiltalaica.it\/cms\/non-aprite-quellurna\/#breadcrumb"},"inLanguage":"it-IT","potentialAction":[{"@type":"ReadAction","target":["https:\/\/www.civiltalaica.it\/cms\/non-aprite-quellurna\/"]}]},{"@type":"ImageObject","inLanguage":"it-IT","@id":"https:\/\/www.civiltalaica.it\/cms\/non-aprite-quellurna\/#primaryimage","url":"http:\/\/www.cronachelaiche.it\/wp-content\/uploads\/2012\/03\/urna-179x300.jpg","contentUrl":"http:\/\/www.cronachelaiche.it\/wp-content\/uploads\/2012\/03\/urna-179x300.jpg"},{"@type":"BreadcrumbList","@id":"https:\/\/www.civiltalaica.it\/cms\/non-aprite-quellurna\/#breadcrumb","itemListElement":[{"@type":"ListItem","position":1,"name":"Home","item":"https:\/\/www.civiltalaica.it\/cms\/"},{"@type":"ListItem","position":2,"name":"Non aprite quell\u2019urna!"}]},{"@type":"WebSite","@id":"https:\/\/www.civiltalaica.it\/cms\/#website","url":"https:\/\/www.civiltalaica.it\/cms\/","name":"Associazione Culturale Civilt\u00e0 Laica","description":"Per un movimento culturale volto a difendere la Laicit\u00e0 dello Stato.","potentialAction":[{"@type":"SearchAction","target":{"@type":"EntryPoint","urlTemplate":"https:\/\/www.civiltalaica.it\/cms\/?s={search_term_string}"},"query-input":{"@type":"PropertyValueSpecification","valueRequired":true,"valueName":"search_term_string"}}],"inLanguage":"it-IT"},{"@type":"Person","@id":"https:\/\/www.civiltalaica.it\/cms\/#\/schema\/person\/4efef56f866329a1e0943eb27336df1d","name":"alexjc","url":"https:\/\/www.civiltalaica.it\/cms\/author\/alexjc\/"}]}},"_links":{"self":[{"href":"https:\/\/www.civiltalaica.it\/cms\/wp-json\/wp\/v2\/posts\/10450","targetHints":{"allow":["GET"]}}],"collection":[{"href":"https:\/\/www.civiltalaica.it\/cms\/wp-json\/wp\/v2\/posts"}],"about":[{"href":"https:\/\/www.civiltalaica.it\/cms\/wp-json\/wp\/v2\/types\/post"}],"author":[{"embeddable":true,"href":"https:\/\/www.civiltalaica.it\/cms\/wp-json\/wp\/v2\/users\/7"}],"replies":[{"embeddable":true,"href":"https:\/\/www.civiltalaica.it\/cms\/wp-json\/wp\/v2\/comments?post=10450"}],"version-history":[{"count":0,"href":"https:\/\/www.civiltalaica.it\/cms\/wp-json\/wp\/v2\/posts\/10450\/revisions"}],"wp:attachment":[{"href":"https:\/\/www.civiltalaica.it\/cms\/wp-json\/wp\/v2\/media?parent=10450"}],"wp:term":[{"taxonomy":"category","embeddable":true,"href":"https:\/\/www.civiltalaica.it\/cms\/wp-json\/wp\/v2\/categories?post=10450"},{"taxonomy":"post_tag","embeddable":true,"href":"https:\/\/www.civiltalaica.it\/cms\/wp-json\/wp\/v2\/tags?post=10450"}],"curies":[{"name":"wp","href":"https:\/\/api.w.org\/{rel}","templated":true}]}}