{"id":10413,"date":"2012-02-11T15:14:22","date_gmt":"2012-02-11T15:14:22","guid":{"rendered":"http:\/\/www.civiltalaica.it\/cms\/?p=10413"},"modified":"2012-02-11T15:14:22","modified_gmt":"2012-02-11T15:14:22","slug":"chi-ha-ancora-paura-di-darwin","status":"publish","type":"post","link":"https:\/\/www.civiltalaica.it\/cms\/chi-ha-ancora-paura-di-darwin\/","title":{"rendered":"Chi ha (ancora) paura di Darwin?"},"content":{"rendered":"<p>Il 12 febbraio ricorre il 203\u00b0 anniversario della nascita di <strong>Charles Robert Darwin<\/strong>. Di appena mezzo secolo pi\u00f9 giovane \u00e8 la sua opera pi\u00f9 famosa, \u201cL\u2019origine delle specie\u201d, pubblicata nel 1859. Da allora molta acqua \u00e8 passata sotto i ponti, molte scoperte scientifiche e tecnologiche hanno rivoluzionato il mondo, ma a dispetto di tutto e di tutti la <strong>Teoria dell\u2019evoluzione <\/strong>darwiniana ha resistito ad ogni tentativo di confutazione e rimane la migliore spiegazione scientifica della nostra presenza sul pianeta che chiamiamo Terra.<!--more--><\/p>\n<p><img loading=\"lazy\" decoding=\"async\" class=\"alignleft\" title=\"darwin\" src=\"http:\/\/www.cronachelaiche.it\/wp-content\/uploads\/2012\/01\/Darwin_scimmia-231x300.jpg\" alt=\"\" width=\"231\" height=\"300\" \/>Contro ogni probabilit\u00e0, verrebbe da dire. Darwin, quando la pubblic\u00f2, non sapeva ancora niente degli studi di genetica di <strong>Mendel<\/strong>, mentre la maggior parte della comunit\u00e0 scientifica era convinta che il nostro pianeta avesse un et\u00e0 paragonabile a quella che gli attribuiva la Bibbia (o comunque non pi\u00f9 di qualche decina di migliaia di anni). Lui sapeva che questo era un punto a suo sfavore e lo ammise pubblicamente dicendo che se la et\u00e0 stimata della Terra era giusta allora la sua teoria era sbagliata perch\u00e9 necessitava di un periodo di tempo enormemente maggiore per aver luogo. Ma invece di smentirla, tutte le successive scoperte la rafforzarono sempre di pi\u00f9, e nonostante gli aggiornamenti recenti (la teoria degli equilibri punteggiati di S. J. Gould ad esempio), il nucleo della <strong>teoria dell\u2019evoluzione biologica<\/strong> \u00e8 (e a questo punto, probabilmente, rimarr\u00e0 per sempre) darwiniano. Le evidenze scientifiche non bastano a far cessare le polemiche n\u00e9 a scoraggiare chi per motivi di fede cieca in libri sacri (o per pi\u00f9 prosaici motivi di rendite su libri meno sacri) insiste con il dire che Darwin e la sua \u201cTeoria\u201d sono da rigettare completamente e da non insegnare nelle scuole o quanto meno insegnarli insieme alla \u201cteoria\u201d della <strong>creazione<\/strong>. Eppure ai fedeli dovrebbero bastare i segni che arrivano dalle loro stesse Chiese per deporre le armi.<\/p>\n<p>La <strong>Chiesa Anglicana<\/strong> chiese pubblicamente scusa a Darwin nel 2008 ammettendo pubblicamente di \u201cnon aver compreso\u201d la teoria dell\u2019evoluzione e rimpiangendo di aver creato cos\u00ec tanti ostacoli alla sua diffusione. La <strong>Chiesa Cattolica<\/strong> ha tempi pi\u00f9 lunghi, lo sappiamo: considerando che aspett\u00f2 350 anni dopo la morte di Galileo per chiedergli scusa, dovremmo attendere le scuse a Darwin per il 2232 o gi\u00f9 di l\u00ec! Tuttavia, esattamente come non ha aspettato 350 anni per insegnare le leggi galileiane sul moto dei corpi e dei pianeti, la CCAR sta gi\u00e0 insegnando nelle sue accademie la Teoria dell\u2019evoluzione. Basti pensare che il presidente della Pontificia Accademia delle Scienze \u00e8 un certo <strong>Werner Arber<\/strong>, biologo molecolare vincitore del premio Nobel nel 1978, ovviamente evoluzionista. Come del resto lo era il suo predecessore, <strong>Nicola Cabibbo<\/strong>, che \u00e8 stato uno dei pi\u00f9 aspri critici del ridicolo convegno creazionista organizzato nel 2009 dal vicedirettore del CNR <strong>De Mattei<\/strong> (proprio colui che pi\u00f9 recentemente ha detto che <a href=\"http:\/\/www.cronachelaiche.it\/2011\/03\/terremoti-di-dio-la-punizione-sismica-di-roberto-de-mattei\/\" target=\"_blank\">il terremoto in Giappone era un castigo di Dio<\/a>). Ma come, vi chiederete, il Vaticano mette gli evoluzionisti a dirigere le sue accademie scientifiche mentre lo Stato Italiano mette i creazionisti nei propri enti scientifici? La risposta \u00e8: <strong>s\u00ec, proprio cos\u00ec<\/strong>.<\/p>\n<p>Mentre questi creazionisti (per lo pi\u00f9 non addetti ai lavori come per l\u2019appunto De Mattei, che \u00e8 uno storico del cristianesimo e non si sa bene a che titolo pretenda di parlare di evoluzione biologica) si agganciano politicamente con i <strong>Teo-Con<\/strong> e i <strong>Teo-Dem<\/strong> delle nostre forze politiche e occupano posti di rilievo nello Stato italiano, il Vaticano, che non \u00e8 una democrazia e non deve fare i conti con i voti delle lobby cattoliche, pu\u00f2 tranquillamente scegliere i migliori scienziati evoluzionisti per dirigere le proprie accademie. Del resto come diceva un proverbio yiddish: \u00ab<em>Dio non ha ordinato a nessuno di essere stupido<\/em>\u00bb. Che lo Stato italiano abbia paura di Darwin e della sua Teoria dell\u2019evoluzione biologica \u00e8 un dato di fatto, lo testimonia il tentativo di cancellazione dai programmi della scuola pubblica\u00a0 fatto nel 2005 dall\u2019allora ministro dell\u2019Istruzione <strong>Letizia Moratti<\/strong>, vicenda che si \u00e8 comunque conclusa con un sostanziale ridimensionamento dell\u2019insegnamento dell\u2019evoluzione biologica nelle nostre scuole, mai corretto dal successivo ministro, il Teo-Dem <strong>Fioroni<\/strong> del Pd, n\u00e9 tanto meno dalla ancora successiva <strong>Maria Stella Gelmini<\/strong> su cui per piet\u00e0 non pronunciamo giudizi di merito. Insomma caro Charles Robert Darwin con le Chiese (non con tutte magari) avrai anche fatto pace, ma alla politica italiana metti ancora paura. Ma, del resto, ci vuole poco.<\/p>\n<div><strong>Alessandro Chiometti<\/strong><\/div>\n","protected":false},"excerpt":{"rendered":"<p>Il 12 febbraio ricorre il 203\u00b0 anniversario della nascita di Charles Robert Darwin. Di appena mezzo secolo pi\u00f9 giovane \u00e8 la sua opera pi\u00f9 famosa, \u201cL\u2019origine delle specie\u201d, pubblicata nel 1859. Da allora molta acqua \u00e8 passata sotto i ponti, molte scoperte scientifiche e tecnologiche hanno rivoluzionato il mondo, ma a dispetto di tutto e [&hellip;]<\/p>\n","protected":false},"author":7,"featured_media":0,"comment_status":"closed","ping_status":"closed","sticky":false,"template":"","format":"standard","meta":{"footnotes":""},"categories":[238,230],"tags":[79,409,507,986,65],"class_list":["post-10413","post","type-post","status-publish","format-standard","hentry","category-articoli","category-attualita","tag-alessandro-chiometti","tag-darwin","tag-evoluzione-biologica","tag-nicola-cabibbo","tag-scuola"],"yoast_head":"<!-- This site is optimized with the Yoast SEO plugin v27.1.1 - https:\/\/yoast.com\/product\/yoast-seo-wordpress\/ -->\n<title>Chi ha (ancora) paura di Darwin?  - Associazione Culturale Civilt\u00e0 Laica<\/title>\n<meta name=\"robots\" content=\"index, follow, max-snippet:-1, max-image-preview:large, max-video-preview:-1\" \/>\n<link rel=\"canonical\" href=\"https:\/\/www.civiltalaica.it\/cms\/chi-ha-ancora-paura-di-darwin\/\" \/>\n<meta property=\"og:locale\" content=\"it_IT\" \/>\n<meta property=\"og:type\" content=\"article\" \/>\n<meta property=\"og:title\" content=\"Chi ha (ancora) paura di Darwin?  - Associazione Culturale Civilt\u00e0 Laica\" \/>\n<meta property=\"og:description\" content=\"Il 12 febbraio ricorre il 203\u00b0 anniversario della nascita di Charles Robert Darwin. Di appena mezzo secolo pi\u00f9 giovane \u00e8 la sua opera pi\u00f9 famosa, \u201cL\u2019origine delle specie\u201d, pubblicata nel 1859. Da allora molta acqua \u00e8 passata sotto i ponti, molte scoperte scientifiche e tecnologiche hanno rivoluzionato il mondo, ma a dispetto di tutto e [&hellip;]\" \/>\n<meta property=\"og:url\" content=\"https:\/\/www.civiltalaica.it\/cms\/chi-ha-ancora-paura-di-darwin\/\" \/>\n<meta property=\"og:site_name\" content=\"Associazione Culturale Civilt\u00e0 Laica\" \/>\n<meta property=\"article:publisher\" content=\"https:\/\/www.facebook.com\/civiltalaica\" \/>\n<meta property=\"article:published_time\" content=\"2012-02-11T15:14:22+00:00\" \/>\n<meta property=\"og:image\" content=\"http:\/\/www.cronachelaiche.it\/wp-content\/uploads\/2012\/01\/Darwin_scimmia-231x300.jpg\" \/>\n<meta name=\"author\" content=\"alexjc\" \/>\n<meta name=\"twitter:card\" content=\"summary_large_image\" \/>\n<meta name=\"twitter:label1\" content=\"Scritto da\" \/>\n\t<meta name=\"twitter:data1\" content=\"alexjc\" \/>\n\t<meta name=\"twitter:label2\" content=\"Tempo di lettura stimato\" \/>\n\t<meta name=\"twitter:data2\" content=\"4 minuti\" \/>\n<script type=\"application\/ld+json\" class=\"yoast-schema-graph\">{\"@context\":\"https:\/\/schema.org\",\"@graph\":[{\"@type\":\"Article\",\"@id\":\"https:\/\/www.civiltalaica.it\/cms\/chi-ha-ancora-paura-di-darwin\/#article\",\"isPartOf\":{\"@id\":\"https:\/\/www.civiltalaica.it\/cms\/chi-ha-ancora-paura-di-darwin\/\"},\"author\":{\"name\":\"alexjc\",\"@id\":\"https:\/\/www.civiltalaica.it\/cms\/#\/schema\/person\/4efef56f866329a1e0943eb27336df1d\"},\"headline\":\"Chi ha (ancora) paura di Darwin?\",\"datePublished\":\"2012-02-11T15:14:22+00:00\",\"mainEntityOfPage\":{\"@id\":\"https:\/\/www.civiltalaica.it\/cms\/chi-ha-ancora-paura-di-darwin\/\"},\"wordCount\":717,\"image\":{\"@id\":\"https:\/\/www.civiltalaica.it\/cms\/chi-ha-ancora-paura-di-darwin\/#primaryimage\"},\"thumbnailUrl\":\"http:\/\/www.cronachelaiche.it\/wp-content\/uploads\/2012\/01\/Darwin_scimmia-231x300.jpg\",\"keywords\":[\"alessandro chiometti\",\"darwin\",\"evoluzione biologica\",\"nicola cabibbo\",\"Scuola\"],\"articleSection\":[\"articoli\",\"attualit\u00e0\"],\"inLanguage\":\"it-IT\"},{\"@type\":\"WebPage\",\"@id\":\"https:\/\/www.civiltalaica.it\/cms\/chi-ha-ancora-paura-di-darwin\/\",\"url\":\"https:\/\/www.civiltalaica.it\/cms\/chi-ha-ancora-paura-di-darwin\/\",\"name\":\"Chi ha (ancora) paura di Darwin? - Associazione Culturale Civilt\u00e0 Laica\",\"isPartOf\":{\"@id\":\"https:\/\/www.civiltalaica.it\/cms\/#website\"},\"primaryImageOfPage\":{\"@id\":\"https:\/\/www.civiltalaica.it\/cms\/chi-ha-ancora-paura-di-darwin\/#primaryimage\"},\"image\":{\"@id\":\"https:\/\/www.civiltalaica.it\/cms\/chi-ha-ancora-paura-di-darwin\/#primaryimage\"},\"thumbnailUrl\":\"http:\/\/www.cronachelaiche.it\/wp-content\/uploads\/2012\/01\/Darwin_scimmia-231x300.jpg\",\"datePublished\":\"2012-02-11T15:14:22+00:00\",\"author\":{\"@id\":\"https:\/\/www.civiltalaica.it\/cms\/#\/schema\/person\/4efef56f866329a1e0943eb27336df1d\"},\"breadcrumb\":{\"@id\":\"https:\/\/www.civiltalaica.it\/cms\/chi-ha-ancora-paura-di-darwin\/#breadcrumb\"},\"inLanguage\":\"it-IT\",\"potentialAction\":[{\"@type\":\"ReadAction\",\"target\":[\"https:\/\/www.civiltalaica.it\/cms\/chi-ha-ancora-paura-di-darwin\/\"]}]},{\"@type\":\"ImageObject\",\"inLanguage\":\"it-IT\",\"@id\":\"https:\/\/www.civiltalaica.it\/cms\/chi-ha-ancora-paura-di-darwin\/#primaryimage\",\"url\":\"http:\/\/www.cronachelaiche.it\/wp-content\/uploads\/2012\/01\/Darwin_scimmia-231x300.jpg\",\"contentUrl\":\"http:\/\/www.cronachelaiche.it\/wp-content\/uploads\/2012\/01\/Darwin_scimmia-231x300.jpg\"},{\"@type\":\"BreadcrumbList\",\"@id\":\"https:\/\/www.civiltalaica.it\/cms\/chi-ha-ancora-paura-di-darwin\/#breadcrumb\",\"itemListElement\":[{\"@type\":\"ListItem\",\"position\":1,\"name\":\"Home\",\"item\":\"https:\/\/www.civiltalaica.it\/cms\/\"},{\"@type\":\"ListItem\",\"position\":2,\"name\":\"Chi ha (ancora) paura di Darwin?\"}]},{\"@type\":\"WebSite\",\"@id\":\"https:\/\/www.civiltalaica.it\/cms\/#website\",\"url\":\"https:\/\/www.civiltalaica.it\/cms\/\",\"name\":\"Associazione Culturale Civilt\u00e0 Laica\",\"description\":\"Per un movimento culturale volto a difendere la Laicit\u00e0 dello Stato.\",\"potentialAction\":[{\"@type\":\"SearchAction\",\"target\":{\"@type\":\"EntryPoint\",\"urlTemplate\":\"https:\/\/www.civiltalaica.it\/cms\/?s={search_term_string}\"},\"query-input\":{\"@type\":\"PropertyValueSpecification\",\"valueRequired\":true,\"valueName\":\"search_term_string\"}}],\"inLanguage\":\"it-IT\"},{\"@type\":\"Person\",\"@id\":\"https:\/\/www.civiltalaica.it\/cms\/#\/schema\/person\/4efef56f866329a1e0943eb27336df1d\",\"name\":\"alexjc\",\"url\":\"https:\/\/www.civiltalaica.it\/cms\/author\/alexjc\/\"}]}<\/script>\n<!-- \/ Yoast SEO plugin. -->","yoast_head_json":{"title":"Chi ha (ancora) paura di Darwin?  - Associazione Culturale Civilt\u00e0 Laica","robots":{"index":"index","follow":"follow","max-snippet":"max-snippet:-1","max-image-preview":"max-image-preview:large","max-video-preview":"max-video-preview:-1"},"canonical":"https:\/\/www.civiltalaica.it\/cms\/chi-ha-ancora-paura-di-darwin\/","og_locale":"it_IT","og_type":"article","og_title":"Chi ha (ancora) paura di Darwin?  - Associazione Culturale Civilt\u00e0 Laica","og_description":"Il 12 febbraio ricorre il 203\u00b0 anniversario della nascita di Charles Robert Darwin. Di appena mezzo secolo pi\u00f9 giovane \u00e8 la sua opera pi\u00f9 famosa, \u201cL\u2019origine delle specie\u201d, pubblicata nel 1859. Da allora molta acqua \u00e8 passata sotto i ponti, molte scoperte scientifiche e tecnologiche hanno rivoluzionato il mondo, ma a dispetto di tutto e [&hellip;]","og_url":"https:\/\/www.civiltalaica.it\/cms\/chi-ha-ancora-paura-di-darwin\/","og_site_name":"Associazione Culturale Civilt\u00e0 Laica","article_publisher":"https:\/\/www.facebook.com\/civiltalaica","article_published_time":"2012-02-11T15:14:22+00:00","og_image":[{"url":"http:\/\/www.cronachelaiche.it\/wp-content\/uploads\/2012\/01\/Darwin_scimmia-231x300.jpg","type":"","width":"","height":""}],"author":"alexjc","twitter_card":"summary_large_image","twitter_misc":{"Scritto da":"alexjc","Tempo di lettura stimato":"4 minuti"},"schema":{"@context":"https:\/\/schema.org","@graph":[{"@type":"Article","@id":"https:\/\/www.civiltalaica.it\/cms\/chi-ha-ancora-paura-di-darwin\/#article","isPartOf":{"@id":"https:\/\/www.civiltalaica.it\/cms\/chi-ha-ancora-paura-di-darwin\/"},"author":{"name":"alexjc","@id":"https:\/\/www.civiltalaica.it\/cms\/#\/schema\/person\/4efef56f866329a1e0943eb27336df1d"},"headline":"Chi ha (ancora) paura di Darwin?","datePublished":"2012-02-11T15:14:22+00:00","mainEntityOfPage":{"@id":"https:\/\/www.civiltalaica.it\/cms\/chi-ha-ancora-paura-di-darwin\/"},"wordCount":717,"image":{"@id":"https:\/\/www.civiltalaica.it\/cms\/chi-ha-ancora-paura-di-darwin\/#primaryimage"},"thumbnailUrl":"http:\/\/www.cronachelaiche.it\/wp-content\/uploads\/2012\/01\/Darwin_scimmia-231x300.jpg","keywords":["alessandro chiometti","darwin","evoluzione biologica","nicola cabibbo","Scuola"],"articleSection":["articoli","attualit\u00e0"],"inLanguage":"it-IT"},{"@type":"WebPage","@id":"https:\/\/www.civiltalaica.it\/cms\/chi-ha-ancora-paura-di-darwin\/","url":"https:\/\/www.civiltalaica.it\/cms\/chi-ha-ancora-paura-di-darwin\/","name":"Chi ha (ancora) paura di Darwin? - Associazione Culturale Civilt\u00e0 Laica","isPartOf":{"@id":"https:\/\/www.civiltalaica.it\/cms\/#website"},"primaryImageOfPage":{"@id":"https:\/\/www.civiltalaica.it\/cms\/chi-ha-ancora-paura-di-darwin\/#primaryimage"},"image":{"@id":"https:\/\/www.civiltalaica.it\/cms\/chi-ha-ancora-paura-di-darwin\/#primaryimage"},"thumbnailUrl":"http:\/\/www.cronachelaiche.it\/wp-content\/uploads\/2012\/01\/Darwin_scimmia-231x300.jpg","datePublished":"2012-02-11T15:14:22+00:00","author":{"@id":"https:\/\/www.civiltalaica.it\/cms\/#\/schema\/person\/4efef56f866329a1e0943eb27336df1d"},"breadcrumb":{"@id":"https:\/\/www.civiltalaica.it\/cms\/chi-ha-ancora-paura-di-darwin\/#breadcrumb"},"inLanguage":"it-IT","potentialAction":[{"@type":"ReadAction","target":["https:\/\/www.civiltalaica.it\/cms\/chi-ha-ancora-paura-di-darwin\/"]}]},{"@type":"ImageObject","inLanguage":"it-IT","@id":"https:\/\/www.civiltalaica.it\/cms\/chi-ha-ancora-paura-di-darwin\/#primaryimage","url":"http:\/\/www.cronachelaiche.it\/wp-content\/uploads\/2012\/01\/Darwin_scimmia-231x300.jpg","contentUrl":"http:\/\/www.cronachelaiche.it\/wp-content\/uploads\/2012\/01\/Darwin_scimmia-231x300.jpg"},{"@type":"BreadcrumbList","@id":"https:\/\/www.civiltalaica.it\/cms\/chi-ha-ancora-paura-di-darwin\/#breadcrumb","itemListElement":[{"@type":"ListItem","position":1,"name":"Home","item":"https:\/\/www.civiltalaica.it\/cms\/"},{"@type":"ListItem","position":2,"name":"Chi ha (ancora) paura di Darwin?"}]},{"@type":"WebSite","@id":"https:\/\/www.civiltalaica.it\/cms\/#website","url":"https:\/\/www.civiltalaica.it\/cms\/","name":"Associazione Culturale Civilt\u00e0 Laica","description":"Per un movimento culturale volto a difendere la Laicit\u00e0 dello Stato.","potentialAction":[{"@type":"SearchAction","target":{"@type":"EntryPoint","urlTemplate":"https:\/\/www.civiltalaica.it\/cms\/?s={search_term_string}"},"query-input":{"@type":"PropertyValueSpecification","valueRequired":true,"valueName":"search_term_string"}}],"inLanguage":"it-IT"},{"@type":"Person","@id":"https:\/\/www.civiltalaica.it\/cms\/#\/schema\/person\/4efef56f866329a1e0943eb27336df1d","name":"alexjc","url":"https:\/\/www.civiltalaica.it\/cms\/author\/alexjc\/"}]}},"_links":{"self":[{"href":"https:\/\/www.civiltalaica.it\/cms\/wp-json\/wp\/v2\/posts\/10413","targetHints":{"allow":["GET"]}}],"collection":[{"href":"https:\/\/www.civiltalaica.it\/cms\/wp-json\/wp\/v2\/posts"}],"about":[{"href":"https:\/\/www.civiltalaica.it\/cms\/wp-json\/wp\/v2\/types\/post"}],"author":[{"embeddable":true,"href":"https:\/\/www.civiltalaica.it\/cms\/wp-json\/wp\/v2\/users\/7"}],"replies":[{"embeddable":true,"href":"https:\/\/www.civiltalaica.it\/cms\/wp-json\/wp\/v2\/comments?post=10413"}],"version-history":[{"count":0,"href":"https:\/\/www.civiltalaica.it\/cms\/wp-json\/wp\/v2\/posts\/10413\/revisions"}],"wp:attachment":[{"href":"https:\/\/www.civiltalaica.it\/cms\/wp-json\/wp\/v2\/media?parent=10413"}],"wp:term":[{"taxonomy":"category","embeddable":true,"href":"https:\/\/www.civiltalaica.it\/cms\/wp-json\/wp\/v2\/categories?post=10413"},{"taxonomy":"post_tag","embeddable":true,"href":"https:\/\/www.civiltalaica.it\/cms\/wp-json\/wp\/v2\/tags?post=10413"}],"curies":[{"name":"wp","href":"https:\/\/api.w.org\/{rel}","templated":true}]}}