{"id":10386,"date":"2012-02-02T22:04:28","date_gmt":"2012-02-02T22:04:28","guid":{"rendered":"http:\/\/www.civiltalaica.it\/cms\/?p=10386"},"modified":"2012-02-02T22:04:50","modified_gmt":"2012-02-02T22:04:50","slug":"la-chiesa-e-compatibile-con-la-democrazia","status":"publish","type":"post","link":"https:\/\/www.civiltalaica.it\/cms\/la-chiesa-e-compatibile-con-la-democrazia\/","title":{"rendered":"La chiesa \u00e8 compatibile con la democrazia?"},"content":{"rendered":"<p>Con tutta la simpatia per l&#8217;ottimo lavoro analitico del Prof.<strong> Michele Martelli<\/strong> dobbiamo dire che purtroppo la domanda che da il titolo al suo libro (<strong>La chiesa \u00e8 compatibile con la democrazia? &#8211; ed. Manifestolibri 2011, \u20ac 18,00<\/strong>) \u00e8 malposta.<!--more--> <a href=\"http:\/\/www.civiltalaica.it\/cms\/wp-content\/uploads\/2012\/02\/La-Chiesa-compatibile-con-la-democrazia-.jpg\"><img loading=\"lazy\" decoding=\"async\" class=\"alignleft size-medium wp-image-10387\" title=\"La-Chiesa---compatibile-con-la-democrazia-\" src=\"http:\/\/www.civiltalaica.it\/cms\/wp-content\/uploads\/2012\/02\/La-Chiesa-compatibile-con-la-democrazia--300x202.jpg\" alt=\"\" width=\"300\" height=\"202\" srcset=\"https:\/\/www.civiltalaica.it\/cms\/wp-content\/uploads\/2012\/02\/La-Chiesa-compatibile-con-la-democrazia--300x202.jpg 300w, https:\/\/www.civiltalaica.it\/cms\/wp-content\/uploads\/2012\/02\/La-Chiesa-compatibile-con-la-democrazia-.jpg 444w\" sizes=\"auto, (max-width: 300px) 100vw, 300px\" \/><\/a>Il libro infatti analizza con dovizia di particolari tutte le ragioni che portano inconfutabilmente a dire che la Chiesa non \u00e8 una democrazia. Ma se questo era l&#8217;intento il lavoro del Prof. Martelli \u00e8 senza dubbio interessante per quanto inutile. Interessante perch\u00e9 fa sempre bene ricordare tutto quello che i mass media unificati non ci dicono mai: concordati con i peggiori regimi fascisti, repressione della libert\u00e0 di parola e di stampa, la perenne guerra alle eresie dai Catari al modernismo fino a giungere al relativismo (guerre combattute con mezzi diversi solo perch\u00e9 non gli \u00e8 permesso attuare le persecuzioni medievali), il mancato sostegno ai diritti umani dell&#8217;ONU, l&#8217;affossamento del Concilio Vaticano II da parte degli ultimi due pontefici, le parole di Ratzinger sorprendentemente uguali a quelle di papi di secoli orsono e che ci vengono spacciate dagli illustri vaticanisti come \u201cgrandi novit\u00e0\u201d eccetera eccetera. Inutile perch\u00e9 nella \u201cscoperta\u201d che la Chiesa non \u00e8 una democrazia\u00a0 non c&#8217;\u00e8 niente di nuovo, <strong>Karol Woytjla e Joseph Ratzinger<\/strong> l&#8217;avevano detto chiaramente, quindi bastava leggere le loro dichiarazioni. La domanda \u00e8 malposta dicevamo perch\u00e9 lascia presupporre che si affronti una questione che nel libro invece non si tratta in alcun modo; ovvero l&#8217;eterna discussione sul tolerrare gli intolleranti o no. Probabilmente l&#8217;autore ha gi\u00e0 preso posizione sul conflitto filosofico del concetto di tolleranza che va avanti da secoli, lo si intuisce dal continuo richiamare alle dittature nazifasciste e staliniste. Egli \u00e8 verosimilmente convinto che una volta assodato che una forza (politica, religiosa, sociale) rifiuta le regole della democrazia (in particolare il flusso di potere che deve andare dal basso verso l&#8217;alto) non pu\u00f2 essere tollerata nella stessa. Pena la scomparsa di questa. \u00c8 una posizione del tutto legittima, tanti pensatori (non ultimo <strong>Karl Popper<\/strong>) hanno aderito a questa posizione che altrove abbiamo definito pragmatica. Tuttavia nel confronto filosofico ci sono anche sostenitori della cosiddetta posizione coerente, ovvero coloro che dicono che una democrazia realmente tollerante deve tollerare anche gli intolleranti. Altrimenti per forza di cose non sarebbe tollerante e quindi non sarebbe democrazia. Quindi la risposta alla domanda che da il titolo al libro non \u00e8 cos\u00ec scontata come sembrerebbe dall&#8217;enorme mole di prove portate a sostegno dell&#8217;inconfutabile fatto che la Chiesa ha sempre visto, e probabilmente sempre vedr\u00e0 (a meno di <strong>evoluzioni darwiniane<\/strong> imprevedibili) le regole democratiche come un nemico da combattere. Siano esse la libert\u00e0 di stampa e di espressione, i diritti civili o l&#8217;abolizione dei privilegi che oggi si arroga per se grazie ai concordati. Tuttavia va comunque fatto un plauso all&#8217;autore per l&#8217;ottimo lavoro di analisi che rende le pagine piacevoli e utili come manuale da usare per citare le numerose lotte ecclesiastiche contro ogni tipo di modernit\u00e0.<\/p>\n<p><strong>Alessandro Chiometti<\/strong><\/p>\n","protected":false},"excerpt":{"rendered":"<p>Con tutta la simpatia per l&#8217;ottimo lavoro analitico del Prof. Michele Martelli dobbiamo dire che purtroppo la domanda che da il titolo al suo libro (La chiesa \u00e8 compatibile con la democrazia? &#8211; ed. Manifestolibri 2011, \u20ac 18,00) \u00e8 malposta.<\/p>\n","protected":false},"author":7,"featured_media":0,"comment_status":"closed","ping_status":"closed","sticky":false,"template":"","format":"standard","meta":{"footnotes":""},"categories":[238,231],"tags":[],"class_list":["post-10386","post","type-post","status-publish","format-standard","hentry","category-articoli","category-recensioni"],"yoast_head":"<!-- This site is optimized with the Yoast SEO plugin v27.1.1 - https:\/\/yoast.com\/product\/yoast-seo-wordpress\/ -->\n<title>La chiesa \u00e8 compatibile con la democrazia? - Associazione Culturale Civilt\u00e0 Laica<\/title>\n<meta name=\"robots\" content=\"index, follow, max-snippet:-1, max-image-preview:large, max-video-preview:-1\" \/>\n<link rel=\"canonical\" href=\"https:\/\/www.civiltalaica.it\/cms\/la-chiesa-e-compatibile-con-la-democrazia\/\" \/>\n<meta property=\"og:locale\" content=\"it_IT\" \/>\n<meta property=\"og:type\" content=\"article\" \/>\n<meta property=\"og:title\" content=\"La chiesa \u00e8 compatibile con la democrazia? - Associazione Culturale Civilt\u00e0 Laica\" \/>\n<meta property=\"og:description\" content=\"Con tutta la simpatia per l&#8217;ottimo lavoro analitico del Prof. Michele Martelli dobbiamo dire che purtroppo la domanda che da il titolo al suo libro (La chiesa \u00e8 compatibile con la democrazia? &#8211; ed. Manifestolibri 2011, \u20ac 18,00) \u00e8 malposta.\" \/>\n<meta property=\"og:url\" content=\"https:\/\/www.civiltalaica.it\/cms\/la-chiesa-e-compatibile-con-la-democrazia\/\" \/>\n<meta property=\"og:site_name\" content=\"Associazione Culturale Civilt\u00e0 Laica\" \/>\n<meta property=\"article:publisher\" content=\"https:\/\/www.facebook.com\/civiltalaica\" \/>\n<meta property=\"article:published_time\" content=\"2012-02-02T22:04:28+00:00\" \/>\n<meta property=\"article:modified_time\" content=\"2012-02-02T22:04:50+00:00\" \/>\n<meta property=\"og:image\" content=\"http:\/\/www.civiltalaica.it\/cms\/wp-content\/uploads\/2012\/02\/La-Chiesa-compatibile-con-la-democrazia--300x202.jpg\" \/>\n<meta name=\"author\" content=\"alexjc\" \/>\n<meta name=\"twitter:card\" content=\"summary_large_image\" \/>\n<meta name=\"twitter:label1\" content=\"Scritto da\" \/>\n\t<meta name=\"twitter:data1\" content=\"alexjc\" \/>\n\t<meta name=\"twitter:label2\" content=\"Tempo di lettura stimato\" \/>\n\t<meta name=\"twitter:data2\" content=\"2 minuti\" \/>\n<script type=\"application\/ld+json\" class=\"yoast-schema-graph\">{\"@context\":\"https:\/\/schema.org\",\"@graph\":[{\"@type\":\"Article\",\"@id\":\"https:\/\/www.civiltalaica.it\/cms\/la-chiesa-e-compatibile-con-la-democrazia\/#article\",\"isPartOf\":{\"@id\":\"https:\/\/www.civiltalaica.it\/cms\/la-chiesa-e-compatibile-con-la-democrazia\/\"},\"author\":{\"name\":\"alexjc\",\"@id\":\"https:\/\/www.civiltalaica.it\/cms\/#\/schema\/person\/4efef56f866329a1e0943eb27336df1d\"},\"headline\":\"La chiesa \u00e8 compatibile con la democrazia?\",\"datePublished\":\"2012-02-02T22:04:28+00:00\",\"dateModified\":\"2012-02-02T22:04:50+00:00\",\"mainEntityOfPage\":{\"@id\":\"https:\/\/www.civiltalaica.it\/cms\/la-chiesa-e-compatibile-con-la-democrazia\/\"},\"wordCount\":483,\"image\":{\"@id\":\"https:\/\/www.civiltalaica.it\/cms\/la-chiesa-e-compatibile-con-la-democrazia\/#primaryimage\"},\"thumbnailUrl\":\"http:\/\/www.civiltalaica.it\/cms\/wp-content\/uploads\/2012\/02\/La-Chiesa-compatibile-con-la-democrazia--300x202.jpg\",\"articleSection\":[\"articoli\",\"recensioni\"],\"inLanguage\":\"it-IT\"},{\"@type\":\"WebPage\",\"@id\":\"https:\/\/www.civiltalaica.it\/cms\/la-chiesa-e-compatibile-con-la-democrazia\/\",\"url\":\"https:\/\/www.civiltalaica.it\/cms\/la-chiesa-e-compatibile-con-la-democrazia\/\",\"name\":\"La chiesa \u00e8 compatibile con la democrazia? - Associazione Culturale Civilt\u00e0 Laica\",\"isPartOf\":{\"@id\":\"https:\/\/www.civiltalaica.it\/cms\/#website\"},\"primaryImageOfPage\":{\"@id\":\"https:\/\/www.civiltalaica.it\/cms\/la-chiesa-e-compatibile-con-la-democrazia\/#primaryimage\"},\"image\":{\"@id\":\"https:\/\/www.civiltalaica.it\/cms\/la-chiesa-e-compatibile-con-la-democrazia\/#primaryimage\"},\"thumbnailUrl\":\"http:\/\/www.civiltalaica.it\/cms\/wp-content\/uploads\/2012\/02\/La-Chiesa-compatibile-con-la-democrazia--300x202.jpg\",\"datePublished\":\"2012-02-02T22:04:28+00:00\",\"dateModified\":\"2012-02-02T22:04:50+00:00\",\"author\":{\"@id\":\"https:\/\/www.civiltalaica.it\/cms\/#\/schema\/person\/4efef56f866329a1e0943eb27336df1d\"},\"breadcrumb\":{\"@id\":\"https:\/\/www.civiltalaica.it\/cms\/la-chiesa-e-compatibile-con-la-democrazia\/#breadcrumb\"},\"inLanguage\":\"it-IT\",\"potentialAction\":[{\"@type\":\"ReadAction\",\"target\":[\"https:\/\/www.civiltalaica.it\/cms\/la-chiesa-e-compatibile-con-la-democrazia\/\"]}]},{\"@type\":\"ImageObject\",\"inLanguage\":\"it-IT\",\"@id\":\"https:\/\/www.civiltalaica.it\/cms\/la-chiesa-e-compatibile-con-la-democrazia\/#primaryimage\",\"url\":\"http:\/\/www.civiltalaica.it\/cms\/wp-content\/uploads\/2012\/02\/La-Chiesa-compatibile-con-la-democrazia--300x202.jpg\",\"contentUrl\":\"http:\/\/www.civiltalaica.it\/cms\/wp-content\/uploads\/2012\/02\/La-Chiesa-compatibile-con-la-democrazia--300x202.jpg\"},{\"@type\":\"BreadcrumbList\",\"@id\":\"https:\/\/www.civiltalaica.it\/cms\/la-chiesa-e-compatibile-con-la-democrazia\/#breadcrumb\",\"itemListElement\":[{\"@type\":\"ListItem\",\"position\":1,\"name\":\"Home\",\"item\":\"https:\/\/www.civiltalaica.it\/cms\/\"},{\"@type\":\"ListItem\",\"position\":2,\"name\":\"La chiesa \u00e8 compatibile con la democrazia?\"}]},{\"@type\":\"WebSite\",\"@id\":\"https:\/\/www.civiltalaica.it\/cms\/#website\",\"url\":\"https:\/\/www.civiltalaica.it\/cms\/\",\"name\":\"Associazione Culturale Civilt\u00e0 Laica\",\"description\":\"Per un movimento culturale volto a difendere la Laicit\u00e0 dello Stato.\",\"potentialAction\":[{\"@type\":\"SearchAction\",\"target\":{\"@type\":\"EntryPoint\",\"urlTemplate\":\"https:\/\/www.civiltalaica.it\/cms\/?s={search_term_string}\"},\"query-input\":{\"@type\":\"PropertyValueSpecification\",\"valueRequired\":true,\"valueName\":\"search_term_string\"}}],\"inLanguage\":\"it-IT\"},{\"@type\":\"Person\",\"@id\":\"https:\/\/www.civiltalaica.it\/cms\/#\/schema\/person\/4efef56f866329a1e0943eb27336df1d\",\"name\":\"alexjc\",\"url\":\"https:\/\/www.civiltalaica.it\/cms\/author\/alexjc\/\"}]}<\/script>\n<!-- \/ Yoast SEO plugin. -->","yoast_head_json":{"title":"La chiesa \u00e8 compatibile con la democrazia? - Associazione Culturale Civilt\u00e0 Laica","robots":{"index":"index","follow":"follow","max-snippet":"max-snippet:-1","max-image-preview":"max-image-preview:large","max-video-preview":"max-video-preview:-1"},"canonical":"https:\/\/www.civiltalaica.it\/cms\/la-chiesa-e-compatibile-con-la-democrazia\/","og_locale":"it_IT","og_type":"article","og_title":"La chiesa \u00e8 compatibile con la democrazia? - Associazione Culturale Civilt\u00e0 Laica","og_description":"Con tutta la simpatia per l&#8217;ottimo lavoro analitico del Prof. Michele Martelli dobbiamo dire che purtroppo la domanda che da il titolo al suo libro (La chiesa \u00e8 compatibile con la democrazia? &#8211; ed. Manifestolibri 2011, \u20ac 18,00) \u00e8 malposta.","og_url":"https:\/\/www.civiltalaica.it\/cms\/la-chiesa-e-compatibile-con-la-democrazia\/","og_site_name":"Associazione Culturale Civilt\u00e0 Laica","article_publisher":"https:\/\/www.facebook.com\/civiltalaica","article_published_time":"2012-02-02T22:04:28+00:00","article_modified_time":"2012-02-02T22:04:50+00:00","og_image":[{"url":"http:\/\/www.civiltalaica.it\/cms\/wp-content\/uploads\/2012\/02\/La-Chiesa-compatibile-con-la-democrazia--300x202.jpg","type":"","width":"","height":""}],"author":"alexjc","twitter_card":"summary_large_image","twitter_misc":{"Scritto da":"alexjc","Tempo di lettura stimato":"2 minuti"},"schema":{"@context":"https:\/\/schema.org","@graph":[{"@type":"Article","@id":"https:\/\/www.civiltalaica.it\/cms\/la-chiesa-e-compatibile-con-la-democrazia\/#article","isPartOf":{"@id":"https:\/\/www.civiltalaica.it\/cms\/la-chiesa-e-compatibile-con-la-democrazia\/"},"author":{"name":"alexjc","@id":"https:\/\/www.civiltalaica.it\/cms\/#\/schema\/person\/4efef56f866329a1e0943eb27336df1d"},"headline":"La chiesa \u00e8 compatibile con la democrazia?","datePublished":"2012-02-02T22:04:28+00:00","dateModified":"2012-02-02T22:04:50+00:00","mainEntityOfPage":{"@id":"https:\/\/www.civiltalaica.it\/cms\/la-chiesa-e-compatibile-con-la-democrazia\/"},"wordCount":483,"image":{"@id":"https:\/\/www.civiltalaica.it\/cms\/la-chiesa-e-compatibile-con-la-democrazia\/#primaryimage"},"thumbnailUrl":"http:\/\/www.civiltalaica.it\/cms\/wp-content\/uploads\/2012\/02\/La-Chiesa-compatibile-con-la-democrazia--300x202.jpg","articleSection":["articoli","recensioni"],"inLanguage":"it-IT"},{"@type":"WebPage","@id":"https:\/\/www.civiltalaica.it\/cms\/la-chiesa-e-compatibile-con-la-democrazia\/","url":"https:\/\/www.civiltalaica.it\/cms\/la-chiesa-e-compatibile-con-la-democrazia\/","name":"La chiesa \u00e8 compatibile con la democrazia? - Associazione Culturale Civilt\u00e0 Laica","isPartOf":{"@id":"https:\/\/www.civiltalaica.it\/cms\/#website"},"primaryImageOfPage":{"@id":"https:\/\/www.civiltalaica.it\/cms\/la-chiesa-e-compatibile-con-la-democrazia\/#primaryimage"},"image":{"@id":"https:\/\/www.civiltalaica.it\/cms\/la-chiesa-e-compatibile-con-la-democrazia\/#primaryimage"},"thumbnailUrl":"http:\/\/www.civiltalaica.it\/cms\/wp-content\/uploads\/2012\/02\/La-Chiesa-compatibile-con-la-democrazia--300x202.jpg","datePublished":"2012-02-02T22:04:28+00:00","dateModified":"2012-02-02T22:04:50+00:00","author":{"@id":"https:\/\/www.civiltalaica.it\/cms\/#\/schema\/person\/4efef56f866329a1e0943eb27336df1d"},"breadcrumb":{"@id":"https:\/\/www.civiltalaica.it\/cms\/la-chiesa-e-compatibile-con-la-democrazia\/#breadcrumb"},"inLanguage":"it-IT","potentialAction":[{"@type":"ReadAction","target":["https:\/\/www.civiltalaica.it\/cms\/la-chiesa-e-compatibile-con-la-democrazia\/"]}]},{"@type":"ImageObject","inLanguage":"it-IT","@id":"https:\/\/www.civiltalaica.it\/cms\/la-chiesa-e-compatibile-con-la-democrazia\/#primaryimage","url":"http:\/\/www.civiltalaica.it\/cms\/wp-content\/uploads\/2012\/02\/La-Chiesa-compatibile-con-la-democrazia--300x202.jpg","contentUrl":"http:\/\/www.civiltalaica.it\/cms\/wp-content\/uploads\/2012\/02\/La-Chiesa-compatibile-con-la-democrazia--300x202.jpg"},{"@type":"BreadcrumbList","@id":"https:\/\/www.civiltalaica.it\/cms\/la-chiesa-e-compatibile-con-la-democrazia\/#breadcrumb","itemListElement":[{"@type":"ListItem","position":1,"name":"Home","item":"https:\/\/www.civiltalaica.it\/cms\/"},{"@type":"ListItem","position":2,"name":"La chiesa \u00e8 compatibile con la democrazia?"}]},{"@type":"WebSite","@id":"https:\/\/www.civiltalaica.it\/cms\/#website","url":"https:\/\/www.civiltalaica.it\/cms\/","name":"Associazione Culturale Civilt\u00e0 Laica","description":"Per un movimento culturale volto a difendere la Laicit\u00e0 dello Stato.","potentialAction":[{"@type":"SearchAction","target":{"@type":"EntryPoint","urlTemplate":"https:\/\/www.civiltalaica.it\/cms\/?s={search_term_string}"},"query-input":{"@type":"PropertyValueSpecification","valueRequired":true,"valueName":"search_term_string"}}],"inLanguage":"it-IT"},{"@type":"Person","@id":"https:\/\/www.civiltalaica.it\/cms\/#\/schema\/person\/4efef56f866329a1e0943eb27336df1d","name":"alexjc","url":"https:\/\/www.civiltalaica.it\/cms\/author\/alexjc\/"}]}},"_links":{"self":[{"href":"https:\/\/www.civiltalaica.it\/cms\/wp-json\/wp\/v2\/posts\/10386","targetHints":{"allow":["GET"]}}],"collection":[{"href":"https:\/\/www.civiltalaica.it\/cms\/wp-json\/wp\/v2\/posts"}],"about":[{"href":"https:\/\/www.civiltalaica.it\/cms\/wp-json\/wp\/v2\/types\/post"}],"author":[{"embeddable":true,"href":"https:\/\/www.civiltalaica.it\/cms\/wp-json\/wp\/v2\/users\/7"}],"replies":[{"embeddable":true,"href":"https:\/\/www.civiltalaica.it\/cms\/wp-json\/wp\/v2\/comments?post=10386"}],"version-history":[{"count":0,"href":"https:\/\/www.civiltalaica.it\/cms\/wp-json\/wp\/v2\/posts\/10386\/revisions"}],"wp:attachment":[{"href":"https:\/\/www.civiltalaica.it\/cms\/wp-json\/wp\/v2\/media?parent=10386"}],"wp:term":[{"taxonomy":"category","embeddable":true,"href":"https:\/\/www.civiltalaica.it\/cms\/wp-json\/wp\/v2\/categories?post=10386"},{"taxonomy":"post_tag","embeddable":true,"href":"https:\/\/www.civiltalaica.it\/cms\/wp-json\/wp\/v2\/tags?post=10386"}],"curies":[{"name":"wp","href":"https:\/\/api.w.org\/{rel}","templated":true}]}}