{"id":10342,"date":"2011-12-28T13:51:19","date_gmt":"2011-12-28T13:51:19","guid":{"rendered":"http:\/\/www.civiltalaica.it\/cms\/?p=10342"},"modified":"2011-12-28T13:51:19","modified_gmt":"2011-12-28T13:51:19","slug":"il-sacro-diritto-alla-conquista","status":"publish","type":"post","link":"https:\/\/www.civiltalaica.it\/cms\/il-sacro-diritto-alla-conquista\/","title":{"rendered":"Il sacro diritto alla conquista"},"content":{"rendered":"<p>Secondo il\u00a0<em>Catechismo della Chiesa cattolica\u00a0<\/em>del 1992, \u00a7848, \u00e8 \u00abcompito imprescindibile della Chiesa, ed insieme sacro diritto, evangelizzare\u00bb (Vaticano II,\u00a0<em>Ad gentes<\/em>\u00a07<em>)\u00a0<\/em>tutti gli uomini. Si tratta dunque non solo di un\u00a0<em>dovere<\/em>, che alla Chiesa tocca assolvere, ma di un diritto che pu\u00f2 esercitare su chi gli si oppone. Cos\u00ec l\u2019evangelizzazione legittima un\u2019altra forma di guerra, la \u201cconquista\u201d.<!--more--><\/p>\n<p><strong><img loading=\"lazy\" decoding=\"async\" class=\"alignleft\" title=\"conquista\" src=\"http:\/\/www.cronachelaiche.it\/wp-content\/uploads\/2011\/12\/Christopher_Columbus3.jpg\" alt=\"\" width=\"470\" height=\"300\" \/>Il papa, padrone del mondo.\u00a0<\/strong>Il primo documento che legittim\u00f2 la guerra di conquista coloniale fu la bolla\u00a0<em>Romanus Pontifex\u00a0<\/em>(1454) di Niccol\u00f2 V, in cui si afferma che il papa potr\u00e0 meglio \u00abcondurre il gregge affidatogli per ordine divino nell\u2019unico ovile del Signore\u2026 se ricompenseremo con particolari favori e speciali privilegi quei re e principi cattolici, \u2026 che come atleti e intemerati difensori della Fede Cristiana \u2026 conquistano regni e territori\u2026 e li assoggettano al loro dominio temporale per la difesa e la grandezza della medesima Fede\u00bb, assegnandoli loro in perpetuo godimento.<\/p>\n<p>Ci\u00f2 implica anche l\u2019idea che il papa sia padrone del mondo, resa esplicita da Alessandro VI nella bolla\u00a0<em>Inter caetera\u00a0<\/em>(1493), con cui assegna alla Spagna tutte le terre \u00abtrovate e ancora da trovare\u00bb a Ovest di Capo Verde, e al Portogallo quelle a Est, in cambio dell\u2019impegno \u00abdi nominare nei suddetti continenti e isole uomini valorosi, timorosi di Dio, colti, abili e esperti, allo scopo di istruire i suddetti abitanti e residenti nella fede cattolica e di educarli nella buona morale\u00bb.<\/p>\n<p>Il documento che codific\u00f2 questo diritto alla conquista, ribadito dai teologi e missionari del tempo, fu il\u00a0<em>Requerimiento<\/em>, redatto nel 1513 da giuristi spagnoli. Pur non essendo diretta emanazione della Chiesa, esso ricalca quasi alla lettera le bolle di Niccol\u00f2 V e Alessandro VI, e fu stato scritto perch\u00e9 i conquistatori lo leggessero ai nativi . Esso spiegava come \u00abDio nostro Signore, uno ed eterno, cre\u00f2 il cielo e la terra\u00bb e mise a capo di tutte le genti \u00a0il papa \u00abperch\u00e9 fosse signore e superiore a tutti gli uomini\u2026 e don\u00f2 a lui tutto il mondo come suo regno, signoria e giurisdizione.\u00bb Il documento intima quindi ai nativi \u00abdi riconoscere come signora suprema nell\u2019universo mondo la Chiesa e il Sommo Pontefice, chiamato Papa, in suo nome, e il Re e la Regina\u00bb promettendo \u00abprivilegi\u00bb a chi si convertir\u00e0 \u00aballa nostra santa fede cattolica, come hanno fatto quasi tutti i vicini delle altre isole\u00bb e concludendo che se non obbediranno \u00abscaricher\u00f2 la mia potenza contro di voi e vi far\u00f2 guerra in ogni luogo e maniera che mi sia possibile, e vi sommetter\u00f2 al giogo e all\u2019obbedienza della Chiesa e di Loro Altezze, e catturer\u00f2 voi stessi e le vostre donne e figli e vi far\u00f2 schiavi\u00bb.<\/p>\n<p><strong>La Chiesa ha sbagliato?\u00a0<\/strong>In conclusione, per dirla con un cattolico del dissenso,\u00abL\u2019orizzonte della evangelizzazione aveva una eloquente rassomiglianza con l\u2019orizzonte della colonizzazione\u00bb (padre Ernesto Balducci, \u00abFine dell\u2019etnocentrismo\u00bb,\u00a0<em>Testimonianze<\/em>, 166, 1974).<\/p>\n<p>Ci troviamo quindi a porci la consueta domanda: la Chiesa crede ancora adesso di avere la propriet\u00e0 dell\u2019orbe terraqueo e di poterne disporre, ancora oggi sostiene la colonizzazione come via all\u2019evangelizzazione? O il papa, in una bolla solenne dove parla \u00abin virt\u00f9 e nella pienezza del suo potere apostolico\u00bb, si \u00e8 sbagliato, ha fatto credere ai fedeli del tempo una panzana e ha compiuto un sopruso?<\/p>\n<p>Certo \u00e8 che le cose non cambiarono molto nei secoli seguenti. Nel 1919 Benedetto XV cominci\u00f2 a prendere le distanze dal colonialismo osservando con \u00abgran dispiacere\u00bb che in \u00abcerte riviste di missioni\u2026 pi\u00f9 che lo zelo si estendere il regno di Dio, apparisce evidente il desiderio di allargare l\u2019influenza del proprio paese\u00bb, ma nel 1937 padre Messineo scriveva su\u00a0<em>La Civilt\u00e0 Cattolica<\/em>\u00a0che \u00abil problema della colonizzazione\u2026sar\u00e0 sempre principalmente problema di pacifica penetrazione, di persuasione, di conquista perenne\u00bb di cui \u00absentiamo l\u2019enorme bellezza\u00bb e \u00absubiamo il fascino immenso e inestinguibile\u00bb. E Pio XI si spinse a giustificare la guerra coloniale contro l\u2019Etiopia, poich\u00e9 \u00abuna guerra divenuta necessaria per l\u2019espansione di una popolazione che aumenta di giorno in giorno, una guerra intrapresa per difendere o assicurare la sicurezza materiale a un Paese, una tale guerra si giustificherebbe da sola\u00bb. \u00ab[<em>Dio<\/em>] guarda pietoso\u00bb, recita la\u00a0<em>Preghiera per gli Italiani dell\u2019Africa orientale\u00a0<\/em>(1935), \u00abai figli di questo popolo privilegiato, che nell\u2019Africa Orientale, con tanto spirito di eroismo, stanno svolgendo una missione di civilt\u00e0 e di cristianesimo\u00bb.<\/p>\n<p><strong>Anzi, sbaglia ancora.\u00a0<\/strong>A togliere ogni dubbio sul giudizio assolutorio che la Chiesa d\u00e0 del connubio fra evangelizzazione e colonizzazione stanno infine le dichiarazioni di Giovanni Paolo II e da Benedetto XVI. Il primo ha affermato, durante il suo viaggio in America latina del 1987: \u00abIl seme della fede cristiana fu portato nel Cile dalla spedizione di Magellano, e pi\u00f9 tardi da quella di Almagro\u2026.Ringraziamo il Signore per questa eredit\u00e0 di fede, che\u2026 inizi\u00f2 a dare frutto in queste terre, grazie al grande impulso evangelizzatore dei figli di Spagna. \u00c8 emozionante leggere i racconti e le testimonianze di quelle eroiche gesta. In esse \u2013 al di l\u00e0 delle umane debolezze e del comprensibile desiderio di conquista \u2013 prevalse certamente ed in modo ammirevole la volont\u00e0 di trasmettere al Nuovo Mondo la buona novella del messaggio cristiano\u2026\u00bb (<em>Omelia a Avenida Costanera<\/em>, 4 aprile).<\/p>\n<p>Il secondo, non contento delle proteste suscitate dal suo predecessore e provocandone di ancora maggiori, dichiar\u00f2 che \u00abl\u2019annuncio di Ges\u00f9 e del suo Vangelo non comport\u00f2, in nessun momento, un\u2019alienazione delle culture precolombiane, n\u00e9 fu un\u2019imposizione di una cultura straniera\u00bb (<em>Discorso per la V conferenza episcopale\u00a0 dell\u2019America latina e dei Caraibi<\/em>, Brasile, 2007). Si tratta di un convincimento invincibile se \u00e8 vero che nonostante le vivaci proteste delle comunit\u00e0 latinoamericane e le successive abborracciate scuse papali, Benedetto \u00a0ci \u00e8 puntualmente ricascato dichiarando, durante il suo viaggio in Africa nel 2010: \u00abmi piace andare col pensiero indietro di cinquecento anni\u2026quando in queste terre, allora\u00a0<em>visitate<\/em>\u00a0[corsivo mio] dai portoghesi, venne costituito il primo regno cristiano sub-sahariano\u2026 Vedete come due etnie tanto diverse \u2013 quella banta e quella lusiade \u2013 hanno potuto trovare nella religione cristiana una piattaforma d\u2019intesa\u00bb (<em>Omelia<\/em>\u00a0a S\u00e3o Paolo di Luanda, 21\/3\/2009).<\/p>\n<p>Colonizzare per evangelizzare sembra insomma non dispiacere alla Chiesa, se si ripresenter\u00e0 l\u2019occasione.<\/p>\n<p><strong><a href=\"http:\/\/www.cattolicesimo-reale.it\/\" target=\"_blank\">Walter Peruzzi<\/a>\u00a0&#8211; Cronache Laiche<\/strong><\/p>\n","protected":false},"excerpt":{"rendered":"<p>Secondo il\u00a0Catechismo della Chiesa cattolica\u00a0del 1992, \u00a7848, \u00e8 \u00abcompito imprescindibile della Chiesa, ed insieme sacro diritto, evangelizzare\u00bb (Vaticano II,\u00a0Ad gentes\u00a07)\u00a0tutti gli uomini. Si tratta dunque non solo di un\u00a0dovere, che alla Chiesa tocca assolvere, ma di un diritto che pu\u00f2 esercitare su chi gli si oppone. Cos\u00ec l\u2019evangelizzazione legittima un\u2019altra forma di guerra, la \u201cconquista\u201d.<\/p>\n","protected":false},"author":7,"featured_media":0,"comment_status":"closed","ping_status":"closed","sticky":false,"template":"","format":"standard","meta":{"footnotes":""},"categories":[238,234],"tags":[209,978,777],"class_list":["post-10342","post","type-post","status-publish","format-standard","hentry","category-articoli","category-storia","tag-chiesa","tag-evangelizzazione","tag-walter-peruzzi"],"yoast_head":"<!-- This site is optimized with the Yoast SEO plugin v27.1.1 - https:\/\/yoast.com\/product\/yoast-seo-wordpress\/ -->\n<title>Il sacro diritto alla conquista - Associazione Culturale Civilt\u00e0 Laica<\/title>\n<meta name=\"robots\" content=\"index, follow, max-snippet:-1, max-image-preview:large, max-video-preview:-1\" \/>\n<link rel=\"canonical\" href=\"https:\/\/www.civiltalaica.it\/cms\/il-sacro-diritto-alla-conquista\/\" \/>\n<meta property=\"og:locale\" content=\"it_IT\" \/>\n<meta property=\"og:type\" content=\"article\" \/>\n<meta property=\"og:title\" content=\"Il sacro diritto alla conquista - Associazione Culturale Civilt\u00e0 Laica\" \/>\n<meta property=\"og:description\" content=\"Secondo il\u00a0Catechismo della Chiesa cattolica\u00a0del 1992, \u00a7848, \u00e8 \u00abcompito imprescindibile della Chiesa, ed insieme sacro diritto, evangelizzare\u00bb (Vaticano II,\u00a0Ad gentes\u00a07)\u00a0tutti gli uomini. Si tratta dunque non solo di un\u00a0dovere, che alla Chiesa tocca assolvere, ma di un diritto che pu\u00f2 esercitare su chi gli si oppone. Cos\u00ec l\u2019evangelizzazione legittima un\u2019altra forma di guerra, la \u201cconquista\u201d.\" \/>\n<meta property=\"og:url\" content=\"https:\/\/www.civiltalaica.it\/cms\/il-sacro-diritto-alla-conquista\/\" \/>\n<meta property=\"og:site_name\" content=\"Associazione Culturale Civilt\u00e0 Laica\" \/>\n<meta property=\"article:publisher\" content=\"https:\/\/www.facebook.com\/civiltalaica\" \/>\n<meta property=\"article:published_time\" content=\"2011-12-28T13:51:19+00:00\" \/>\n<meta property=\"og:image\" content=\"http:\/\/www.cronachelaiche.it\/wp-content\/uploads\/2011\/12\/Christopher_Columbus3.jpg\" \/>\n<meta name=\"author\" content=\"alexjc\" \/>\n<meta name=\"twitter:card\" content=\"summary_large_image\" \/>\n<meta name=\"twitter:label1\" content=\"Scritto da\" \/>\n\t<meta name=\"twitter:data1\" content=\"alexjc\" \/>\n\t<meta name=\"twitter:label2\" content=\"Tempo di lettura stimato\" \/>\n\t<meta name=\"twitter:data2\" content=\"5 minuti\" \/>\n<script type=\"application\/ld+json\" class=\"yoast-schema-graph\">{\"@context\":\"https:\/\/schema.org\",\"@graph\":[{\"@type\":\"Article\",\"@id\":\"https:\/\/www.civiltalaica.it\/cms\/il-sacro-diritto-alla-conquista\/#article\",\"isPartOf\":{\"@id\":\"https:\/\/www.civiltalaica.it\/cms\/il-sacro-diritto-alla-conquista\/\"},\"author\":{\"name\":\"alexjc\",\"@id\":\"https:\/\/www.civiltalaica.it\/cms\/#\/schema\/person\/4efef56f866329a1e0943eb27336df1d\"},\"headline\":\"Il sacro diritto alla conquista\",\"datePublished\":\"2011-12-28T13:51:19+00:00\",\"mainEntityOfPage\":{\"@id\":\"https:\/\/www.civiltalaica.it\/cms\/il-sacro-diritto-alla-conquista\/\"},\"wordCount\":1022,\"image\":{\"@id\":\"https:\/\/www.civiltalaica.it\/cms\/il-sacro-diritto-alla-conquista\/#primaryimage\"},\"thumbnailUrl\":\"http:\/\/www.cronachelaiche.it\/wp-content\/uploads\/2011\/12\/Christopher_Columbus3.jpg\",\"keywords\":[\"chiesa\",\"evangelizzazione\",\"walter peruzzi\"],\"articleSection\":[\"articoli\",\"storia\"],\"inLanguage\":\"it-IT\"},{\"@type\":\"WebPage\",\"@id\":\"https:\/\/www.civiltalaica.it\/cms\/il-sacro-diritto-alla-conquista\/\",\"url\":\"https:\/\/www.civiltalaica.it\/cms\/il-sacro-diritto-alla-conquista\/\",\"name\":\"Il sacro diritto alla conquista - Associazione Culturale Civilt\u00e0 Laica\",\"isPartOf\":{\"@id\":\"https:\/\/www.civiltalaica.it\/cms\/#website\"},\"primaryImageOfPage\":{\"@id\":\"https:\/\/www.civiltalaica.it\/cms\/il-sacro-diritto-alla-conquista\/#primaryimage\"},\"image\":{\"@id\":\"https:\/\/www.civiltalaica.it\/cms\/il-sacro-diritto-alla-conquista\/#primaryimage\"},\"thumbnailUrl\":\"http:\/\/www.cronachelaiche.it\/wp-content\/uploads\/2011\/12\/Christopher_Columbus3.jpg\",\"datePublished\":\"2011-12-28T13:51:19+00:00\",\"author\":{\"@id\":\"https:\/\/www.civiltalaica.it\/cms\/#\/schema\/person\/4efef56f866329a1e0943eb27336df1d\"},\"breadcrumb\":{\"@id\":\"https:\/\/www.civiltalaica.it\/cms\/il-sacro-diritto-alla-conquista\/#breadcrumb\"},\"inLanguage\":\"it-IT\",\"potentialAction\":[{\"@type\":\"ReadAction\",\"target\":[\"https:\/\/www.civiltalaica.it\/cms\/il-sacro-diritto-alla-conquista\/\"]}]},{\"@type\":\"ImageObject\",\"inLanguage\":\"it-IT\",\"@id\":\"https:\/\/www.civiltalaica.it\/cms\/il-sacro-diritto-alla-conquista\/#primaryimage\",\"url\":\"http:\/\/www.cronachelaiche.it\/wp-content\/uploads\/2011\/12\/Christopher_Columbus3.jpg\",\"contentUrl\":\"http:\/\/www.cronachelaiche.it\/wp-content\/uploads\/2011\/12\/Christopher_Columbus3.jpg\"},{\"@type\":\"BreadcrumbList\",\"@id\":\"https:\/\/www.civiltalaica.it\/cms\/il-sacro-diritto-alla-conquista\/#breadcrumb\",\"itemListElement\":[{\"@type\":\"ListItem\",\"position\":1,\"name\":\"Home\",\"item\":\"https:\/\/www.civiltalaica.it\/cms\/\"},{\"@type\":\"ListItem\",\"position\":2,\"name\":\"Il sacro diritto alla conquista\"}]},{\"@type\":\"WebSite\",\"@id\":\"https:\/\/www.civiltalaica.it\/cms\/#website\",\"url\":\"https:\/\/www.civiltalaica.it\/cms\/\",\"name\":\"Associazione Culturale Civilt\u00e0 Laica\",\"description\":\"Per un movimento culturale volto a difendere la Laicit\u00e0 dello Stato.\",\"potentialAction\":[{\"@type\":\"SearchAction\",\"target\":{\"@type\":\"EntryPoint\",\"urlTemplate\":\"https:\/\/www.civiltalaica.it\/cms\/?s={search_term_string}\"},\"query-input\":{\"@type\":\"PropertyValueSpecification\",\"valueRequired\":true,\"valueName\":\"search_term_string\"}}],\"inLanguage\":\"it-IT\"},{\"@type\":\"Person\",\"@id\":\"https:\/\/www.civiltalaica.it\/cms\/#\/schema\/person\/4efef56f866329a1e0943eb27336df1d\",\"name\":\"alexjc\",\"url\":\"https:\/\/www.civiltalaica.it\/cms\/author\/alexjc\/\"}]}<\/script>\n<!-- \/ Yoast SEO plugin. -->","yoast_head_json":{"title":"Il sacro diritto alla conquista - Associazione Culturale Civilt\u00e0 Laica","robots":{"index":"index","follow":"follow","max-snippet":"max-snippet:-1","max-image-preview":"max-image-preview:large","max-video-preview":"max-video-preview:-1"},"canonical":"https:\/\/www.civiltalaica.it\/cms\/il-sacro-diritto-alla-conquista\/","og_locale":"it_IT","og_type":"article","og_title":"Il sacro diritto alla conquista - Associazione Culturale Civilt\u00e0 Laica","og_description":"Secondo il\u00a0Catechismo della Chiesa cattolica\u00a0del 1992, \u00a7848, \u00e8 \u00abcompito imprescindibile della Chiesa, ed insieme sacro diritto, evangelizzare\u00bb (Vaticano II,\u00a0Ad gentes\u00a07)\u00a0tutti gli uomini. Si tratta dunque non solo di un\u00a0dovere, che alla Chiesa tocca assolvere, ma di un diritto che pu\u00f2 esercitare su chi gli si oppone. Cos\u00ec l\u2019evangelizzazione legittima un\u2019altra forma di guerra, la \u201cconquista\u201d.","og_url":"https:\/\/www.civiltalaica.it\/cms\/il-sacro-diritto-alla-conquista\/","og_site_name":"Associazione Culturale Civilt\u00e0 Laica","article_publisher":"https:\/\/www.facebook.com\/civiltalaica","article_published_time":"2011-12-28T13:51:19+00:00","og_image":[{"url":"http:\/\/www.cronachelaiche.it\/wp-content\/uploads\/2011\/12\/Christopher_Columbus3.jpg","type":"","width":"","height":""}],"author":"alexjc","twitter_card":"summary_large_image","twitter_misc":{"Scritto da":"alexjc","Tempo di lettura stimato":"5 minuti"},"schema":{"@context":"https:\/\/schema.org","@graph":[{"@type":"Article","@id":"https:\/\/www.civiltalaica.it\/cms\/il-sacro-diritto-alla-conquista\/#article","isPartOf":{"@id":"https:\/\/www.civiltalaica.it\/cms\/il-sacro-diritto-alla-conquista\/"},"author":{"name":"alexjc","@id":"https:\/\/www.civiltalaica.it\/cms\/#\/schema\/person\/4efef56f866329a1e0943eb27336df1d"},"headline":"Il sacro diritto alla conquista","datePublished":"2011-12-28T13:51:19+00:00","mainEntityOfPage":{"@id":"https:\/\/www.civiltalaica.it\/cms\/il-sacro-diritto-alla-conquista\/"},"wordCount":1022,"image":{"@id":"https:\/\/www.civiltalaica.it\/cms\/il-sacro-diritto-alla-conquista\/#primaryimage"},"thumbnailUrl":"http:\/\/www.cronachelaiche.it\/wp-content\/uploads\/2011\/12\/Christopher_Columbus3.jpg","keywords":["chiesa","evangelizzazione","walter peruzzi"],"articleSection":["articoli","storia"],"inLanguage":"it-IT"},{"@type":"WebPage","@id":"https:\/\/www.civiltalaica.it\/cms\/il-sacro-diritto-alla-conquista\/","url":"https:\/\/www.civiltalaica.it\/cms\/il-sacro-diritto-alla-conquista\/","name":"Il sacro diritto alla conquista - Associazione Culturale Civilt\u00e0 Laica","isPartOf":{"@id":"https:\/\/www.civiltalaica.it\/cms\/#website"},"primaryImageOfPage":{"@id":"https:\/\/www.civiltalaica.it\/cms\/il-sacro-diritto-alla-conquista\/#primaryimage"},"image":{"@id":"https:\/\/www.civiltalaica.it\/cms\/il-sacro-diritto-alla-conquista\/#primaryimage"},"thumbnailUrl":"http:\/\/www.cronachelaiche.it\/wp-content\/uploads\/2011\/12\/Christopher_Columbus3.jpg","datePublished":"2011-12-28T13:51:19+00:00","author":{"@id":"https:\/\/www.civiltalaica.it\/cms\/#\/schema\/person\/4efef56f866329a1e0943eb27336df1d"},"breadcrumb":{"@id":"https:\/\/www.civiltalaica.it\/cms\/il-sacro-diritto-alla-conquista\/#breadcrumb"},"inLanguage":"it-IT","potentialAction":[{"@type":"ReadAction","target":["https:\/\/www.civiltalaica.it\/cms\/il-sacro-diritto-alla-conquista\/"]}]},{"@type":"ImageObject","inLanguage":"it-IT","@id":"https:\/\/www.civiltalaica.it\/cms\/il-sacro-diritto-alla-conquista\/#primaryimage","url":"http:\/\/www.cronachelaiche.it\/wp-content\/uploads\/2011\/12\/Christopher_Columbus3.jpg","contentUrl":"http:\/\/www.cronachelaiche.it\/wp-content\/uploads\/2011\/12\/Christopher_Columbus3.jpg"},{"@type":"BreadcrumbList","@id":"https:\/\/www.civiltalaica.it\/cms\/il-sacro-diritto-alla-conquista\/#breadcrumb","itemListElement":[{"@type":"ListItem","position":1,"name":"Home","item":"https:\/\/www.civiltalaica.it\/cms\/"},{"@type":"ListItem","position":2,"name":"Il sacro diritto alla conquista"}]},{"@type":"WebSite","@id":"https:\/\/www.civiltalaica.it\/cms\/#website","url":"https:\/\/www.civiltalaica.it\/cms\/","name":"Associazione Culturale Civilt\u00e0 Laica","description":"Per un movimento culturale volto a difendere la Laicit\u00e0 dello Stato.","potentialAction":[{"@type":"SearchAction","target":{"@type":"EntryPoint","urlTemplate":"https:\/\/www.civiltalaica.it\/cms\/?s={search_term_string}"},"query-input":{"@type":"PropertyValueSpecification","valueRequired":true,"valueName":"search_term_string"}}],"inLanguage":"it-IT"},{"@type":"Person","@id":"https:\/\/www.civiltalaica.it\/cms\/#\/schema\/person\/4efef56f866329a1e0943eb27336df1d","name":"alexjc","url":"https:\/\/www.civiltalaica.it\/cms\/author\/alexjc\/"}]}},"_links":{"self":[{"href":"https:\/\/www.civiltalaica.it\/cms\/wp-json\/wp\/v2\/posts\/10342","targetHints":{"allow":["GET"]}}],"collection":[{"href":"https:\/\/www.civiltalaica.it\/cms\/wp-json\/wp\/v2\/posts"}],"about":[{"href":"https:\/\/www.civiltalaica.it\/cms\/wp-json\/wp\/v2\/types\/post"}],"author":[{"embeddable":true,"href":"https:\/\/www.civiltalaica.it\/cms\/wp-json\/wp\/v2\/users\/7"}],"replies":[{"embeddable":true,"href":"https:\/\/www.civiltalaica.it\/cms\/wp-json\/wp\/v2\/comments?post=10342"}],"version-history":[{"count":0,"href":"https:\/\/www.civiltalaica.it\/cms\/wp-json\/wp\/v2\/posts\/10342\/revisions"}],"wp:attachment":[{"href":"https:\/\/www.civiltalaica.it\/cms\/wp-json\/wp\/v2\/media?parent=10342"}],"wp:term":[{"taxonomy":"category","embeddable":true,"href":"https:\/\/www.civiltalaica.it\/cms\/wp-json\/wp\/v2\/categories?post=10342"},{"taxonomy":"post_tag","embeddable":true,"href":"https:\/\/www.civiltalaica.it\/cms\/wp-json\/wp\/v2\/tags?post=10342"}],"curies":[{"name":"wp","href":"https:\/\/api.w.org\/{rel}","templated":true}]}}