{"id":10240,"date":"2011-11-16T17:29:52","date_gmt":"2011-11-16T17:29:52","guid":{"rendered":"http:\/\/www.civiltalaica.it\/cms\/?p=10240"},"modified":"2011-11-28T14:48:29","modified_gmt":"2011-11-28T14:48:29","slug":"intervista-a-ferruccio-pinotti","status":"publish","type":"post","link":"https:\/\/www.civiltalaica.it\/cms\/intervista-a-ferruccio-pinotti\/","title":{"rendered":"Intervista a Ferruccio Pinotti"},"content":{"rendered":"<p>Ferruccio Pinotti \u00e8 un giornalista del Corriere della Sera, ha scritto per l&#8217;Arena, L&#8217;Espresso ed Il Sole-24 Ore. A New York ha lavorato per la CNN, collaborando anche con L&#8217;International Herald Tribune. \u00c8 anche autore di molti libri-inchiesta tra cui ricordiamo: \u201cPoteri Forti\u201d, \u201cOpus Dei Segreta\u201d, \u201cL\u2019Unto del Signore\u201d, \u201cLa Lobby di Dio\u201d e \u201cWojtyla Segreto\u201d.<br \/>\nAbbiamo l\u2019opportunit\u00e0 di rivolgergli qualche domanda.<!--more--><\/p>\n<p><img loading=\"lazy\" decoding=\"async\" class=\"alignleft\" style=\"float:left; padding:5px;\" title=\"pinotti\" src=\"http:\/\/www.ferrucciopinotti.it\/wordpress\/wp-content\/uploads\/2010\/05\/ferruccio-2-colore.jpg\" alt=\"\" width=\"227\" height=\"340\" \/><br \/>\n<strong>Sono ormai cinque anni che sono uscite le tue prime inchieste su Comunione e Liberazione e l\u2019Opus Dei che hanno contributo a far luce sui rapporti fra queste organizzazioni religiose e gli ambienti politico-finanziari. \u00c8 cambiato qualcosa in questo lasso di tempo?<br \/>\n<\/strong>Qualcosa cambia sempre nel corso di cinque anni, l\u2019Opus Dei ha avuto dei momenti di crisi ma recentemente ha messo a segno un buon colpo con l\u2019assegnazione della presidenza dello IOR a Ettore Gotti Tedeschi.<br \/>\nComunione e Liberazione ha praticamente in mano il governo della Lombardia da diversi anni e ha acquisito ulteriore potere con la nomina di Scola come Arcivescovo di Milano. Tuttavia ha problemi di natura politica, il suo uomo di punta, Formigoni, non \u00e8 riuscito nelle sue intenzioni di diventare il delfino e quindi il successore di Berlusconi. La scelta di Alfano come successore di Silvio Berlusconi non le consentir\u00e0 di \u201cciellinizzare\u201d tutto il PDL come aveva in mente di fare. Comunione e Liberazione rimane quindi senza una base politica solida ma con un discreto numero di parlamentari ad essa vicini. La sua collocazione naturale sarebbe quella del terzo polo, tuttavia occorre prima superare la resistenza laica di Futuro e Libert\u00e0, ovvero dei finiani.<\/p>\n<p><strong>E il rapporto di Comunione e Liberazione con la sinistra? con Bersani che \u00e8 puntualmente invitato al meeting di Rimini?<\/strong><br \/>\n\u00c8 un rapporto molto forte, Bersani \u00e8 stato salutato come il loro candidato alle primarie del PD, ma da questo punto di vista \u00e8 molto interessante anche indagare sul loro rapporto con Penati che pare abbia avuto il loro appoggio alle elezioni. Se Bersani \u00e8 stato colui che ha sancito l\u2019unione fra la coop rosse e CL Penati \u00e8 nato e cresciuto nel sistema di potere lombardo.<\/p>\n<p><strong>Ne \u201cL\u2019unto del Signore\u201d spiegavi molte cose di Berlusconi, questo finto liberale che per vent\u2019anni ha pesantemente condizionato la politica italiana. Ora che la sua epoca sembra finita cosa ti aspetti dallo scenario politico italiano?<\/strong><br \/>\nLa mia sensazione \u00e8 che lui abbia negoziato per bene le sue cose con Napolitano ottenendo un salvacondotto per se stesso e le sue aziende. Mantiene comunque la maggioranza in senato quindi \u00e8 politicamente tutt\u2019ora molto forte. In Vaticano, dietro le dichiarazioni di facciata, \u00e8 comunque apprezzato e stimato; sono cinici, sanno che possono contare sempre su di lui.<br \/>\nAdesso mentre lascer\u00e0 Monti a fare politiche di lacrime e sangue sistemer\u00e0 i suoi problemi e poi potr\u00e0 ricandidarsi, perch\u00e9 no, anche al Quirinale.<\/p>\n<p><strong>Quindi non lo vedi fuori dalla politica italiana<\/strong><br \/>\nSecondo me non uscir\u00e0 affatto dalla nostra politica, in un momento difficile si \u00e8 liberato nella maniera pi\u00f9 abile negoziando condizioni che noi non possiamo conoscere ma che certamente lo salvaguarderanno.<\/p>\n<p><strong>Il tuo ultimo libro \u00e8 \u201cWojtyla segreto\u201d. Quant\u2019\u00e8 stato difficile scrivere una controinchiesta su Giovanni Paolo II in tempi di sua adorazione cieca ed acritica?<\/strong><br \/>\nNon \u00e8 stato certamente un lavoro semplice. C\u2019\u00e8 quasi un ordine tassativo in tutti gli ambienti di santificare la sua figura; certo \u00e8 stato il papa che ha sconfitto il comunismo e quindi lo spessore politico gli va riconosciuto, ma questo non toglie che il suo pontificato debba essere indagato storicamente in modo critico.<br \/>\n\u00c8 un libro coraggioso, noi cerchiamo di ricostruire principalmente tre aspetti: le vicende del Banco Ambrosiano e di Solidarnosc, l\u2019affossamento della Teologia della Liberazione e dei suoi esponenti, l\u2019appoggio incondizionato a organizzazioni come l\u2019Opus Dei e Comunione e Liberazione.<br \/>\nIl lavoro di Giacomo Galeazzi, vaticanista, in tal senso \u00e8 stato molto prezioso; si \u00e8 esposto molto per realizzare quest\u2019inchiesta.<\/p>\n<p><strong>Un&#8217;ultima domanda, molte delle inchieste che hai fatto sono di stampo laico, qualcuno direbbe laicista, qual \u00e8 il tuo rapporto con la religione?<\/strong><br \/>\n\u00c8 un rapporto che prescinde dalle convinzioni personali, le mie indagini critiche sul ruolo esercitato della chiesa nello Stato italiano le ritengo necessarie perch\u00e9 questa influenza sta distruggendo i valori laici e civili dello Stato stesso.\u00a0 A tal proposito voglio segnalare il mio prossimo libro-inchiesta che uscir\u00e0 nei prossimi giorni: si chiama \u201cFinanza Vaticana\u201d (ed. Le Grazie) e ricostruisce la storia della finanza bianca dall\u2019800 a oggi.<\/p>\n<p><strong>Alessandro Chiometti<\/strong><\/p>\n","protected":false},"excerpt":{"rendered":"<p>Ferruccio Pinotti \u00e8 un giornalista del Corriere della Sera, ha scritto per l&#8217;Arena, L&#8217;Espresso ed Il Sole-24 Ore. A New York ha lavorato per la CNN, collaborando anche con L&#8217;International Herald Tribune. \u00c8 anche autore di molti libri-inchiesta tra cui ricordiamo: \u201cPoteri Forti\u201d, \u201cOpus Dei Segreta\u201d, \u201cL\u2019Unto del Signore\u201d, \u201cLa Lobby di Dio\u201d e \u201cWojtyla [&hellip;]<\/p>\n","protected":false},"author":7,"featured_media":0,"comment_status":"closed","ping_status":"closed","sticky":false,"template":"","format":"standard","meta":{"footnotes":""},"categories":[238,232],"tags":[79,94,700,661,134,952,118],"class_list":["post-10240","post","type-post","status-publish","format-standard","hentry","category-articoli","category-riflessioni-2","tag-alessandro-chiometti","tag-berlusconi","tag-comunione-e-liberazione","tag-ferruccio-pinotti","tag-giovanni-paolo-ii","tag-inchieste-giornalistiche","tag-opus-dei"],"yoast_head":"<!-- This site is optimized with the Yoast SEO plugin v27.1.1 - https:\/\/yoast.com\/product\/yoast-seo-wordpress\/ -->\n<title>Intervista a Ferruccio Pinotti - Associazione Culturale Civilt\u00e0 Laica<\/title>\n<meta name=\"robots\" content=\"index, follow, max-snippet:-1, max-image-preview:large, max-video-preview:-1\" \/>\n<link rel=\"canonical\" href=\"https:\/\/www.civiltalaica.it\/cms\/intervista-a-ferruccio-pinotti\/\" \/>\n<meta property=\"og:locale\" content=\"it_IT\" \/>\n<meta property=\"og:type\" content=\"article\" \/>\n<meta property=\"og:title\" content=\"Intervista a Ferruccio Pinotti - Associazione Culturale Civilt\u00e0 Laica\" \/>\n<meta property=\"og:description\" content=\"Ferruccio Pinotti \u00e8 un giornalista del Corriere della Sera, ha scritto per l&#8217;Arena, L&#8217;Espresso ed Il Sole-24 Ore. A New York ha lavorato per la CNN, collaborando anche con L&#8217;International Herald Tribune. \u00c8 anche autore di molti libri-inchiesta tra cui ricordiamo: \u201cPoteri Forti\u201d, \u201cOpus Dei Segreta\u201d, \u201cL\u2019Unto del Signore\u201d, \u201cLa Lobby di Dio\u201d e \u201cWojtyla [&hellip;]\" \/>\n<meta property=\"og:url\" content=\"https:\/\/www.civiltalaica.it\/cms\/intervista-a-ferruccio-pinotti\/\" \/>\n<meta property=\"og:site_name\" content=\"Associazione Culturale Civilt\u00e0 Laica\" \/>\n<meta property=\"article:publisher\" content=\"https:\/\/www.facebook.com\/civiltalaica\" \/>\n<meta property=\"article:published_time\" content=\"2011-11-16T17:29:52+00:00\" \/>\n<meta property=\"article:modified_time\" content=\"2011-11-28T14:48:29+00:00\" \/>\n<meta property=\"og:image\" content=\"http:\/\/www.ferrucciopinotti.it\/wordpress\/wp-content\/uploads\/2010\/05\/ferruccio-2-colore.jpg\" \/>\n<meta name=\"author\" content=\"alexjc\" \/>\n<meta name=\"twitter:card\" content=\"summary_large_image\" \/>\n<meta name=\"twitter:label1\" content=\"Scritto da\" \/>\n\t<meta name=\"twitter:data1\" content=\"alexjc\" \/>\n\t<meta name=\"twitter:label2\" content=\"Tempo di lettura stimato\" \/>\n\t<meta name=\"twitter:data2\" content=\"4 minuti\" \/>\n<script type=\"application\/ld+json\" class=\"yoast-schema-graph\">{\"@context\":\"https:\/\/schema.org\",\"@graph\":[{\"@type\":\"Article\",\"@id\":\"https:\/\/www.civiltalaica.it\/cms\/intervista-a-ferruccio-pinotti\/#article\",\"isPartOf\":{\"@id\":\"https:\/\/www.civiltalaica.it\/cms\/intervista-a-ferruccio-pinotti\/\"},\"author\":{\"name\":\"alexjc\",\"@id\":\"https:\/\/www.civiltalaica.it\/cms\/#\/schema\/person\/4efef56f866329a1e0943eb27336df1d\"},\"headline\":\"Intervista a Ferruccio Pinotti\",\"datePublished\":\"2011-11-16T17:29:52+00:00\",\"dateModified\":\"2011-11-28T14:48:29+00:00\",\"mainEntityOfPage\":{\"@id\":\"https:\/\/www.civiltalaica.it\/cms\/intervista-a-ferruccio-pinotti\/\"},\"wordCount\":730,\"image\":{\"@id\":\"https:\/\/www.civiltalaica.it\/cms\/intervista-a-ferruccio-pinotti\/#primaryimage\"},\"thumbnailUrl\":\"http:\/\/www.ferrucciopinotti.it\/wordpress\/wp-content\/uploads\/2010\/05\/ferruccio-2-colore.jpg\",\"keywords\":[\"alessandro chiometti\",\"berlusconi\",\"comunione e liberazione\",\"ferruccio pinotti\",\"giovanni paolo ii\",\"inchieste giornalistiche\",\"opus dei\"],\"articleSection\":[\"articoli\",\"riflessioni\"],\"inLanguage\":\"it-IT\"},{\"@type\":\"WebPage\",\"@id\":\"https:\/\/www.civiltalaica.it\/cms\/intervista-a-ferruccio-pinotti\/\",\"url\":\"https:\/\/www.civiltalaica.it\/cms\/intervista-a-ferruccio-pinotti\/\",\"name\":\"Intervista a Ferruccio Pinotti - Associazione Culturale Civilt\u00e0 Laica\",\"isPartOf\":{\"@id\":\"https:\/\/www.civiltalaica.it\/cms\/#website\"},\"primaryImageOfPage\":{\"@id\":\"https:\/\/www.civiltalaica.it\/cms\/intervista-a-ferruccio-pinotti\/#primaryimage\"},\"image\":{\"@id\":\"https:\/\/www.civiltalaica.it\/cms\/intervista-a-ferruccio-pinotti\/#primaryimage\"},\"thumbnailUrl\":\"http:\/\/www.ferrucciopinotti.it\/wordpress\/wp-content\/uploads\/2010\/05\/ferruccio-2-colore.jpg\",\"datePublished\":\"2011-11-16T17:29:52+00:00\",\"dateModified\":\"2011-11-28T14:48:29+00:00\",\"author\":{\"@id\":\"https:\/\/www.civiltalaica.it\/cms\/#\/schema\/person\/4efef56f866329a1e0943eb27336df1d\"},\"breadcrumb\":{\"@id\":\"https:\/\/www.civiltalaica.it\/cms\/intervista-a-ferruccio-pinotti\/#breadcrumb\"},\"inLanguage\":\"it-IT\",\"potentialAction\":[{\"@type\":\"ReadAction\",\"target\":[\"https:\/\/www.civiltalaica.it\/cms\/intervista-a-ferruccio-pinotti\/\"]}]},{\"@type\":\"ImageObject\",\"inLanguage\":\"it-IT\",\"@id\":\"https:\/\/www.civiltalaica.it\/cms\/intervista-a-ferruccio-pinotti\/#primaryimage\",\"url\":\"http:\/\/www.ferrucciopinotti.it\/wordpress\/wp-content\/uploads\/2010\/05\/ferruccio-2-colore.jpg\",\"contentUrl\":\"http:\/\/www.ferrucciopinotti.it\/wordpress\/wp-content\/uploads\/2010\/05\/ferruccio-2-colore.jpg\"},{\"@type\":\"BreadcrumbList\",\"@id\":\"https:\/\/www.civiltalaica.it\/cms\/intervista-a-ferruccio-pinotti\/#breadcrumb\",\"itemListElement\":[{\"@type\":\"ListItem\",\"position\":1,\"name\":\"Home\",\"item\":\"https:\/\/www.civiltalaica.it\/cms\/\"},{\"@type\":\"ListItem\",\"position\":2,\"name\":\"Intervista a Ferruccio Pinotti\"}]},{\"@type\":\"WebSite\",\"@id\":\"https:\/\/www.civiltalaica.it\/cms\/#website\",\"url\":\"https:\/\/www.civiltalaica.it\/cms\/\",\"name\":\"Associazione Culturale Civilt\u00e0 Laica\",\"description\":\"Per un movimento culturale volto a difendere la Laicit\u00e0 dello Stato.\",\"potentialAction\":[{\"@type\":\"SearchAction\",\"target\":{\"@type\":\"EntryPoint\",\"urlTemplate\":\"https:\/\/www.civiltalaica.it\/cms\/?s={search_term_string}\"},\"query-input\":{\"@type\":\"PropertyValueSpecification\",\"valueRequired\":true,\"valueName\":\"search_term_string\"}}],\"inLanguage\":\"it-IT\"},{\"@type\":\"Person\",\"@id\":\"https:\/\/www.civiltalaica.it\/cms\/#\/schema\/person\/4efef56f866329a1e0943eb27336df1d\",\"name\":\"alexjc\",\"url\":\"https:\/\/www.civiltalaica.it\/cms\/author\/alexjc\/\"}]}<\/script>\n<!-- \/ Yoast SEO plugin. -->","yoast_head_json":{"title":"Intervista a Ferruccio Pinotti - Associazione Culturale Civilt\u00e0 Laica","robots":{"index":"index","follow":"follow","max-snippet":"max-snippet:-1","max-image-preview":"max-image-preview:large","max-video-preview":"max-video-preview:-1"},"canonical":"https:\/\/www.civiltalaica.it\/cms\/intervista-a-ferruccio-pinotti\/","og_locale":"it_IT","og_type":"article","og_title":"Intervista a Ferruccio Pinotti - Associazione Culturale Civilt\u00e0 Laica","og_description":"Ferruccio Pinotti \u00e8 un giornalista del Corriere della Sera, ha scritto per l&#8217;Arena, L&#8217;Espresso ed Il Sole-24 Ore. A New York ha lavorato per la CNN, collaborando anche con L&#8217;International Herald Tribune. \u00c8 anche autore di molti libri-inchiesta tra cui ricordiamo: \u201cPoteri Forti\u201d, \u201cOpus Dei Segreta\u201d, \u201cL\u2019Unto del Signore\u201d, \u201cLa Lobby di Dio\u201d e \u201cWojtyla [&hellip;]","og_url":"https:\/\/www.civiltalaica.it\/cms\/intervista-a-ferruccio-pinotti\/","og_site_name":"Associazione Culturale Civilt\u00e0 Laica","article_publisher":"https:\/\/www.facebook.com\/civiltalaica","article_published_time":"2011-11-16T17:29:52+00:00","article_modified_time":"2011-11-28T14:48:29+00:00","og_image":[{"url":"http:\/\/www.ferrucciopinotti.it\/wordpress\/wp-content\/uploads\/2010\/05\/ferruccio-2-colore.jpg","type":"","width":"","height":""}],"author":"alexjc","twitter_card":"summary_large_image","twitter_misc":{"Scritto da":"alexjc","Tempo di lettura stimato":"4 minuti"},"schema":{"@context":"https:\/\/schema.org","@graph":[{"@type":"Article","@id":"https:\/\/www.civiltalaica.it\/cms\/intervista-a-ferruccio-pinotti\/#article","isPartOf":{"@id":"https:\/\/www.civiltalaica.it\/cms\/intervista-a-ferruccio-pinotti\/"},"author":{"name":"alexjc","@id":"https:\/\/www.civiltalaica.it\/cms\/#\/schema\/person\/4efef56f866329a1e0943eb27336df1d"},"headline":"Intervista a Ferruccio Pinotti","datePublished":"2011-11-16T17:29:52+00:00","dateModified":"2011-11-28T14:48:29+00:00","mainEntityOfPage":{"@id":"https:\/\/www.civiltalaica.it\/cms\/intervista-a-ferruccio-pinotti\/"},"wordCount":730,"image":{"@id":"https:\/\/www.civiltalaica.it\/cms\/intervista-a-ferruccio-pinotti\/#primaryimage"},"thumbnailUrl":"http:\/\/www.ferrucciopinotti.it\/wordpress\/wp-content\/uploads\/2010\/05\/ferruccio-2-colore.jpg","keywords":["alessandro chiometti","berlusconi","comunione e liberazione","ferruccio pinotti","giovanni paolo ii","inchieste giornalistiche","opus dei"],"articleSection":["articoli","riflessioni"],"inLanguage":"it-IT"},{"@type":"WebPage","@id":"https:\/\/www.civiltalaica.it\/cms\/intervista-a-ferruccio-pinotti\/","url":"https:\/\/www.civiltalaica.it\/cms\/intervista-a-ferruccio-pinotti\/","name":"Intervista a Ferruccio Pinotti - Associazione Culturale Civilt\u00e0 Laica","isPartOf":{"@id":"https:\/\/www.civiltalaica.it\/cms\/#website"},"primaryImageOfPage":{"@id":"https:\/\/www.civiltalaica.it\/cms\/intervista-a-ferruccio-pinotti\/#primaryimage"},"image":{"@id":"https:\/\/www.civiltalaica.it\/cms\/intervista-a-ferruccio-pinotti\/#primaryimage"},"thumbnailUrl":"http:\/\/www.ferrucciopinotti.it\/wordpress\/wp-content\/uploads\/2010\/05\/ferruccio-2-colore.jpg","datePublished":"2011-11-16T17:29:52+00:00","dateModified":"2011-11-28T14:48:29+00:00","author":{"@id":"https:\/\/www.civiltalaica.it\/cms\/#\/schema\/person\/4efef56f866329a1e0943eb27336df1d"},"breadcrumb":{"@id":"https:\/\/www.civiltalaica.it\/cms\/intervista-a-ferruccio-pinotti\/#breadcrumb"},"inLanguage":"it-IT","potentialAction":[{"@type":"ReadAction","target":["https:\/\/www.civiltalaica.it\/cms\/intervista-a-ferruccio-pinotti\/"]}]},{"@type":"ImageObject","inLanguage":"it-IT","@id":"https:\/\/www.civiltalaica.it\/cms\/intervista-a-ferruccio-pinotti\/#primaryimage","url":"http:\/\/www.ferrucciopinotti.it\/wordpress\/wp-content\/uploads\/2010\/05\/ferruccio-2-colore.jpg","contentUrl":"http:\/\/www.ferrucciopinotti.it\/wordpress\/wp-content\/uploads\/2010\/05\/ferruccio-2-colore.jpg"},{"@type":"BreadcrumbList","@id":"https:\/\/www.civiltalaica.it\/cms\/intervista-a-ferruccio-pinotti\/#breadcrumb","itemListElement":[{"@type":"ListItem","position":1,"name":"Home","item":"https:\/\/www.civiltalaica.it\/cms\/"},{"@type":"ListItem","position":2,"name":"Intervista a Ferruccio Pinotti"}]},{"@type":"WebSite","@id":"https:\/\/www.civiltalaica.it\/cms\/#website","url":"https:\/\/www.civiltalaica.it\/cms\/","name":"Associazione Culturale Civilt\u00e0 Laica","description":"Per un movimento culturale volto a difendere la Laicit\u00e0 dello Stato.","potentialAction":[{"@type":"SearchAction","target":{"@type":"EntryPoint","urlTemplate":"https:\/\/www.civiltalaica.it\/cms\/?s={search_term_string}"},"query-input":{"@type":"PropertyValueSpecification","valueRequired":true,"valueName":"search_term_string"}}],"inLanguage":"it-IT"},{"@type":"Person","@id":"https:\/\/www.civiltalaica.it\/cms\/#\/schema\/person\/4efef56f866329a1e0943eb27336df1d","name":"alexjc","url":"https:\/\/www.civiltalaica.it\/cms\/author\/alexjc\/"}]}},"_links":{"self":[{"href":"https:\/\/www.civiltalaica.it\/cms\/wp-json\/wp\/v2\/posts\/10240","targetHints":{"allow":["GET"]}}],"collection":[{"href":"https:\/\/www.civiltalaica.it\/cms\/wp-json\/wp\/v2\/posts"}],"about":[{"href":"https:\/\/www.civiltalaica.it\/cms\/wp-json\/wp\/v2\/types\/post"}],"author":[{"embeddable":true,"href":"https:\/\/www.civiltalaica.it\/cms\/wp-json\/wp\/v2\/users\/7"}],"replies":[{"embeddable":true,"href":"https:\/\/www.civiltalaica.it\/cms\/wp-json\/wp\/v2\/comments?post=10240"}],"version-history":[{"count":0,"href":"https:\/\/www.civiltalaica.it\/cms\/wp-json\/wp\/v2\/posts\/10240\/revisions"}],"wp:attachment":[{"href":"https:\/\/www.civiltalaica.it\/cms\/wp-json\/wp\/v2\/media?parent=10240"}],"wp:term":[{"taxonomy":"category","embeddable":true,"href":"https:\/\/www.civiltalaica.it\/cms\/wp-json\/wp\/v2\/categories?post=10240"},{"taxonomy":"post_tag","embeddable":true,"href":"https:\/\/www.civiltalaica.it\/cms\/wp-json\/wp\/v2\/tags?post=10240"}],"curies":[{"name":"wp","href":"https:\/\/api.w.org\/{rel}","templated":true}]}}