{"id":10227,"date":"2011-11-13T17:56:53","date_gmt":"2011-11-13T17:56:53","guid":{"rendered":"http:\/\/www.civiltalaica.it\/cms\/?p=10227"},"modified":"2011-11-28T14:36:25","modified_gmt":"2011-11-28T14:36:25","slug":"homo-sapiens-la-grande-storia-della-diversita-umana","status":"publish","type":"post","link":"https:\/\/www.civiltalaica.it\/cms\/homo-sapiens-la-grande-storia-della-diversita-umana\/","title":{"rendered":"Homo sapiens, la grande storia della diversit\u00e0 umana"},"content":{"rendered":"<p>L&#8217;11\/11\/2011 si \u00e8 tenuta\u00a0l\u2019inaugurazione a Roma della prima grande mostra internazionale sulle origini dell\u2019uomo e la sua diffusione sulla Terra:<em><strong> <a href=\"http:\/\/www.homosapiens.net\/\" target=\"_blank\">Homo sapiens, la grande storia della diversit\u00e0 umana<\/a><\/strong><\/em>. Curata da<strong> Luigi Luca Cavalli Sforza<\/strong>, genetista di rilievo internazionale e professore emerito alla Stanford University, e <strong>Telmo Pievani<\/strong>, <!--more-->professore di Filosofia della Scienza ed Epistemologia all\u2019universit\u00e0 Milano Bicocca ed esperto di evoluzione&#8230;\u00a0 la mostra si presenta come il tentativo di rispondere, con linguaggio accessibile a tutti, alle grandi domande che ci poniamo in relazione all\u2019essere umano: da dove veniamo? Sono esistite altre specie umane? Esistono le razze? Come abbiamo fatto a colonizzare tutto il pianeta?<\/p>\n<p>L\u2019approccio multidisciplinare della mostra, che si avvale della collaborazione internazionale di specialisti di genetica, linguistica, antropologia, paleoantropologia e climatologia, fornisce un\u2019occasione da non perdere per tutti gli appassionati di queste tematiche che troveranno reperti unici provenienti da tutto il mondo, istallazioni interattive e modelli in scala reale.\u00a0 Inoltre sono previsti numerosi incontri con alcuni dei maggiori protagonisti della ricerca scientifica mondiale sull\u2019evoluzione umana. Ma \u00e8 sicuramente anche un\u2019opportunit\u00e0 per il mondo della scuola di far avvicinare i giovani allo <em>\u00abscenario maestoso dell\u2019evoluzione umana per come \u00e8 emerso recentemente dal connubio di dati genetici, antropologici e linguistici\u00bb<\/em>, come spiega il professor Pievani. E, infatti, particolare attenzione \u00e8 dedicata alle attivit\u00e0 didattiche di laboratorio, dove gli studenti possono diventare protagonisti dell\u2019esperienza di apprendimento, ai percorsi guidati differenziati a seconda dei temi e dell\u2019et\u00e0 dei partecipanti, ai materiali, in formato cartaceo ed elettronico, messi a disposizione di studenti e docenti.<\/p>\n<p>La mostra si articola in sei sezioni che ripercorrono la storia che ha portato<em> Homo sapiens<\/em> a distribuirsi su tutto il pianeta. Inizia con la comparsa, due milioni di anni fa, delle prime specie del genere <em>Homo<\/em> che, dalle aree in via di inaridimento nell\u2019Africa orientale, cominciano a spostarsi alla ricerca di cibo esplorando ambienti nuovi, inaugurando una tendenza, tipica dell\u2019uomo, a vagare in cerca di nuovi spazi. Prosegue con l\u2019emergere di <em>Homo sapiens<\/em>, circa 200 mila anni fa, l\u2019incontro con le altre specie di <em>Homo<\/em> e la competizione per le risorse che ha portato alla sopravvivenza di una sola di esse, la nostra. Il percorso espositivo continua, poi, con il profondo cambiamento comportamentale e cognitivo definito <strong><em>\u201cRivoluzione Paleolitica\u201d<\/em><\/strong>, dove emergono per la prima volta in natura particolari abilit\u00e0 di pensiero e di creativit\u00e0. Un periodo della storia dell\u2019uomo caratterizzato anche dalla colonizzazione dei continenti americano e australiano.<br \/>\n<a href=\"http:\/\/www.cronachelaiche.it\/wp-content\/uploads\/2011\/11\/CL_lascaux.jpg\"><img loading=\"lazy\" decoding=\"async\" title=\"Homo sapiens - Giovanni Boaga - Cronache Laiche\" src=\"http:\/\/www.cronachelaiche.it\/wp-content\/uploads\/2011\/11\/CL_lascaux.jpg\" alt=\"\" width=\"390\" height=\"243\" \/><\/a>Ma \u00e8 dopo l\u2019ultima glaciazione, circa 12 mila anni fa, che la popolazione umana comincia a crescere intensamente, dando vita alle prime civilt\u00e0 agricole e urbane, raggiungendo ogni parte del globo, producendo rimescolamento e attrito tra i vari gruppi umani. Un imponente sviluppo che comincia a produrre anche un impatto notevole sulla diversit\u00e0 biologica e che porta a un\u2019accelerazione dell\u2019estinzione di specie viventi. Questo intreccio tra la diversit\u00e0 biologica e quella culturale di Homo sapiens \u00e8 ben esemplificato da quanto \u00e8 accaduto nella nostra penisola, da sempre al centro dei flussi di popolamento del Mediterraneo, che costituisce l\u2019argomento della quinta sezione della mostra.<br \/>\nTutti parenti, tutti differenti: le radici intrecciate delle civilt\u00e0. Questo il titolo della sezione conclusiva, dove si capisce come <em>\u00abla diversit\u00e0 umana non \u00e8 dovuta ad alcuna essenza biologica e cognitiva gi\u00e0 scritta, ma \u00e8 figlia di molteplici storie contingenti che sono ancora in corso\u00bb<\/em>. \u00c8 il tema dell\u2019<strong>inesistenza delle razze umane<\/strong>, dovuta alla giovane origine della nostra specie caratterizzata da grande mobilit\u00e0, che ha portato a una variabilit\u00e0 genetica ridotta e distribuita in modo continuo sulla Terra, non consentendo d\u2019individuare popolazioni geneticamente distinguibili. Una storia, quella di<em> Homo sapiens<\/em>, caratterizzata da una<strong> forte unit\u00e0 biologica<\/strong> e contemporaneamente da una<strong> grande diversit\u00e0 culturale interna<\/strong>.<\/p>\n<p>Oggi che viviamo l\u2019eccitante esperienza intellettuale di scoprire le nostre origini e tutta la strada che ci separa dai primi rappresentanti della nostra specie, assistiamo nel contempo ad <strong>attacchi oscurantisti<\/strong> volti a negare la validit\u00e0 della storia dell\u2019uomo narrata dalla scienza, alcuni sferrati, anche in Italia, da organi istituzionali. Un esempio su tutti il vicepresidente del CNR, Roberto De Mattei, che nel convegno antievoluzionista da lui organizzato nel 2009 ebbe a dichiarare che <em>\u00abdal punto di vista della scienza sperimentale entrambe le ipotesi sulle origini, sia l\u2019evoluzionista che la creazionista, sono inverificabili. Su questi temi ultimi non \u00e8 la scienza, ma la filosofia, a doversi pronunciare [\u2026] Credo che Adamo ed Eva siano personaggi storici e siano i progenitori dell\u2019umanit\u00e0\u00bb<\/em>. Anche a lui consigliamo un giretto al <a href=\"http:\/\/www.palazzoesposizioni.it\" target=\"_blank\">Palazzo delle Esposizioni<\/a> dove ha sede la mostra. Ha tempo fino al 12 di febbraio.<\/p>\n<p><strong><a href=\"http:\/\/www.cronachelaiche.it\/2011\/11\/homo-sapiens-la-grande-storia-della-diversita-umana\/\">Giovanni Boaga &#8211; Cronache Laiche<\/a><\/strong><\/p>\n","protected":false},"excerpt":{"rendered":"<p>L&#8217;11\/11\/2011 si \u00e8 tenuta\u00a0l\u2019inaugurazione a Roma della prima grande mostra internazionale sulle origini dell\u2019uomo e la sua diffusione sulla Terra: Homo sapiens, la grande storia della diversit\u00e0 umana. Curata da Luigi Luca Cavalli Sforza, genetista di rilievo internazionale e professore emerito alla Stanford University, e Telmo Pievani,<\/p>\n","protected":false},"author":7,"featured_media":0,"comment_status":"closed","ping_status":"closed","sticky":false,"template":"","format":"standard","meta":{"footnotes":""},"categories":[238,233],"tags":[507,950,948,949],"class_list":["post-10227","post","type-post","status-publish","format-standard","hentry","category-articoli","category-filosofia-2","tag-evoluzione-biologica","tag-giovanni-boaga","tag-hmo-sapiens","tag-mostra-a-roma"],"yoast_head":"<!-- This site is optimized with the Yoast SEO plugin v27.1.1 - https:\/\/yoast.com\/product\/yoast-seo-wordpress\/ -->\n<title>Homo sapiens, la grande storia della diversit\u00e0 umana  - Associazione Culturale Civilt\u00e0 Laica<\/title>\n<meta name=\"robots\" content=\"index, follow, max-snippet:-1, max-image-preview:large, max-video-preview:-1\" \/>\n<link rel=\"canonical\" href=\"https:\/\/www.civiltalaica.it\/cms\/homo-sapiens-la-grande-storia-della-diversita-umana\/\" \/>\n<meta property=\"og:locale\" content=\"it_IT\" \/>\n<meta property=\"og:type\" content=\"article\" \/>\n<meta property=\"og:title\" content=\"Homo sapiens, la grande storia della diversit\u00e0 umana  - Associazione Culturale Civilt\u00e0 Laica\" \/>\n<meta property=\"og:description\" content=\"L&#8217;11\/11\/2011 si \u00e8 tenuta\u00a0l\u2019inaugurazione a Roma della prima grande mostra internazionale sulle origini dell\u2019uomo e la sua diffusione sulla Terra: Homo sapiens, la grande storia della diversit\u00e0 umana. Curata da Luigi Luca Cavalli Sforza, genetista di rilievo internazionale e professore emerito alla Stanford University, e Telmo Pievani,\" \/>\n<meta property=\"og:url\" content=\"https:\/\/www.civiltalaica.it\/cms\/homo-sapiens-la-grande-storia-della-diversita-umana\/\" \/>\n<meta property=\"og:site_name\" content=\"Associazione Culturale Civilt\u00e0 Laica\" \/>\n<meta property=\"article:publisher\" content=\"https:\/\/www.facebook.com\/civiltalaica\" \/>\n<meta property=\"article:published_time\" content=\"2011-11-13T17:56:53+00:00\" \/>\n<meta property=\"article:modified_time\" content=\"2011-11-28T14:36:25+00:00\" \/>\n<meta property=\"og:image\" content=\"http:\/\/www.cronachelaiche.it\/wp-content\/uploads\/2011\/11\/CL_lascaux.jpg\" \/>\n<meta name=\"author\" content=\"alexjc\" \/>\n<meta name=\"twitter:card\" content=\"summary_large_image\" \/>\n<meta name=\"twitter:label1\" content=\"Scritto da\" \/>\n\t<meta name=\"twitter:data1\" content=\"alexjc\" \/>\n\t<meta name=\"twitter:label2\" content=\"Tempo di lettura stimato\" \/>\n\t<meta name=\"twitter:data2\" content=\"4 minuti\" \/>\n<script type=\"application\/ld+json\" class=\"yoast-schema-graph\">{\"@context\":\"https:\/\/schema.org\",\"@graph\":[{\"@type\":\"Article\",\"@id\":\"https:\/\/www.civiltalaica.it\/cms\/homo-sapiens-la-grande-storia-della-diversita-umana\/#article\",\"isPartOf\":{\"@id\":\"https:\/\/www.civiltalaica.it\/cms\/homo-sapiens-la-grande-storia-della-diversita-umana\/\"},\"author\":{\"name\":\"alexjc\",\"@id\":\"https:\/\/www.civiltalaica.it\/cms\/#\/schema\/person\/4efef56f866329a1e0943eb27336df1d\"},\"headline\":\"Homo sapiens, la grande storia della diversit\u00e0 umana\",\"datePublished\":\"2011-11-13T17:56:53+00:00\",\"dateModified\":\"2011-11-28T14:36:25+00:00\",\"mainEntityOfPage\":{\"@id\":\"https:\/\/www.civiltalaica.it\/cms\/homo-sapiens-la-grande-storia-della-diversita-umana\/\"},\"wordCount\":772,\"image\":{\"@id\":\"https:\/\/www.civiltalaica.it\/cms\/homo-sapiens-la-grande-storia-della-diversita-umana\/#primaryimage\"},\"thumbnailUrl\":\"http:\/\/www.cronachelaiche.it\/wp-content\/uploads\/2011\/11\/CL_lascaux.jpg\",\"keywords\":[\"evoluzione biologica\",\"Giovanni Boaga\",\"hmo sapiens\",\"mostra a roma\"],\"articleSection\":[\"articoli\",\"filosofia e scienza\"],\"inLanguage\":\"it-IT\"},{\"@type\":\"WebPage\",\"@id\":\"https:\/\/www.civiltalaica.it\/cms\/homo-sapiens-la-grande-storia-della-diversita-umana\/\",\"url\":\"https:\/\/www.civiltalaica.it\/cms\/homo-sapiens-la-grande-storia-della-diversita-umana\/\",\"name\":\"Homo sapiens, la grande storia della diversit\u00e0 umana - Associazione Culturale Civilt\u00e0 Laica\",\"isPartOf\":{\"@id\":\"https:\/\/www.civiltalaica.it\/cms\/#website\"},\"primaryImageOfPage\":{\"@id\":\"https:\/\/www.civiltalaica.it\/cms\/homo-sapiens-la-grande-storia-della-diversita-umana\/#primaryimage\"},\"image\":{\"@id\":\"https:\/\/www.civiltalaica.it\/cms\/homo-sapiens-la-grande-storia-della-diversita-umana\/#primaryimage\"},\"thumbnailUrl\":\"http:\/\/www.cronachelaiche.it\/wp-content\/uploads\/2011\/11\/CL_lascaux.jpg\",\"datePublished\":\"2011-11-13T17:56:53+00:00\",\"dateModified\":\"2011-11-28T14:36:25+00:00\",\"author\":{\"@id\":\"https:\/\/www.civiltalaica.it\/cms\/#\/schema\/person\/4efef56f866329a1e0943eb27336df1d\"},\"breadcrumb\":{\"@id\":\"https:\/\/www.civiltalaica.it\/cms\/homo-sapiens-la-grande-storia-della-diversita-umana\/#breadcrumb\"},\"inLanguage\":\"it-IT\",\"potentialAction\":[{\"@type\":\"ReadAction\",\"target\":[\"https:\/\/www.civiltalaica.it\/cms\/homo-sapiens-la-grande-storia-della-diversita-umana\/\"]}]},{\"@type\":\"ImageObject\",\"inLanguage\":\"it-IT\",\"@id\":\"https:\/\/www.civiltalaica.it\/cms\/homo-sapiens-la-grande-storia-della-diversita-umana\/#primaryimage\",\"url\":\"http:\/\/www.cronachelaiche.it\/wp-content\/uploads\/2011\/11\/CL_lascaux.jpg\",\"contentUrl\":\"http:\/\/www.cronachelaiche.it\/wp-content\/uploads\/2011\/11\/CL_lascaux.jpg\"},{\"@type\":\"BreadcrumbList\",\"@id\":\"https:\/\/www.civiltalaica.it\/cms\/homo-sapiens-la-grande-storia-della-diversita-umana\/#breadcrumb\",\"itemListElement\":[{\"@type\":\"ListItem\",\"position\":1,\"name\":\"Home\",\"item\":\"https:\/\/www.civiltalaica.it\/cms\/\"},{\"@type\":\"ListItem\",\"position\":2,\"name\":\"Homo sapiens, la grande storia della diversit\u00e0 umana\"}]},{\"@type\":\"WebSite\",\"@id\":\"https:\/\/www.civiltalaica.it\/cms\/#website\",\"url\":\"https:\/\/www.civiltalaica.it\/cms\/\",\"name\":\"Associazione Culturale Civilt\u00e0 Laica\",\"description\":\"Per un movimento culturale volto a difendere la Laicit\u00e0 dello Stato.\",\"potentialAction\":[{\"@type\":\"SearchAction\",\"target\":{\"@type\":\"EntryPoint\",\"urlTemplate\":\"https:\/\/www.civiltalaica.it\/cms\/?s={search_term_string}\"},\"query-input\":{\"@type\":\"PropertyValueSpecification\",\"valueRequired\":true,\"valueName\":\"search_term_string\"}}],\"inLanguage\":\"it-IT\"},{\"@type\":\"Person\",\"@id\":\"https:\/\/www.civiltalaica.it\/cms\/#\/schema\/person\/4efef56f866329a1e0943eb27336df1d\",\"name\":\"alexjc\",\"url\":\"https:\/\/www.civiltalaica.it\/cms\/author\/alexjc\/\"}]}<\/script>\n<!-- \/ Yoast SEO plugin. -->","yoast_head_json":{"title":"Homo sapiens, la grande storia della diversit\u00e0 umana  - Associazione Culturale Civilt\u00e0 Laica","robots":{"index":"index","follow":"follow","max-snippet":"max-snippet:-1","max-image-preview":"max-image-preview:large","max-video-preview":"max-video-preview:-1"},"canonical":"https:\/\/www.civiltalaica.it\/cms\/homo-sapiens-la-grande-storia-della-diversita-umana\/","og_locale":"it_IT","og_type":"article","og_title":"Homo sapiens, la grande storia della diversit\u00e0 umana  - Associazione Culturale Civilt\u00e0 Laica","og_description":"L&#8217;11\/11\/2011 si \u00e8 tenuta\u00a0l\u2019inaugurazione a Roma della prima grande mostra internazionale sulle origini dell\u2019uomo e la sua diffusione sulla Terra: Homo sapiens, la grande storia della diversit\u00e0 umana. Curata da Luigi Luca Cavalli Sforza, genetista di rilievo internazionale e professore emerito alla Stanford University, e Telmo Pievani,","og_url":"https:\/\/www.civiltalaica.it\/cms\/homo-sapiens-la-grande-storia-della-diversita-umana\/","og_site_name":"Associazione Culturale Civilt\u00e0 Laica","article_publisher":"https:\/\/www.facebook.com\/civiltalaica","article_published_time":"2011-11-13T17:56:53+00:00","article_modified_time":"2011-11-28T14:36:25+00:00","og_image":[{"url":"http:\/\/www.cronachelaiche.it\/wp-content\/uploads\/2011\/11\/CL_lascaux.jpg","type":"","width":"","height":""}],"author":"alexjc","twitter_card":"summary_large_image","twitter_misc":{"Scritto da":"alexjc","Tempo di lettura stimato":"4 minuti"},"schema":{"@context":"https:\/\/schema.org","@graph":[{"@type":"Article","@id":"https:\/\/www.civiltalaica.it\/cms\/homo-sapiens-la-grande-storia-della-diversita-umana\/#article","isPartOf":{"@id":"https:\/\/www.civiltalaica.it\/cms\/homo-sapiens-la-grande-storia-della-diversita-umana\/"},"author":{"name":"alexjc","@id":"https:\/\/www.civiltalaica.it\/cms\/#\/schema\/person\/4efef56f866329a1e0943eb27336df1d"},"headline":"Homo sapiens, la grande storia della diversit\u00e0 umana","datePublished":"2011-11-13T17:56:53+00:00","dateModified":"2011-11-28T14:36:25+00:00","mainEntityOfPage":{"@id":"https:\/\/www.civiltalaica.it\/cms\/homo-sapiens-la-grande-storia-della-diversita-umana\/"},"wordCount":772,"image":{"@id":"https:\/\/www.civiltalaica.it\/cms\/homo-sapiens-la-grande-storia-della-diversita-umana\/#primaryimage"},"thumbnailUrl":"http:\/\/www.cronachelaiche.it\/wp-content\/uploads\/2011\/11\/CL_lascaux.jpg","keywords":["evoluzione biologica","Giovanni Boaga","hmo sapiens","mostra a roma"],"articleSection":["articoli","filosofia e scienza"],"inLanguage":"it-IT"},{"@type":"WebPage","@id":"https:\/\/www.civiltalaica.it\/cms\/homo-sapiens-la-grande-storia-della-diversita-umana\/","url":"https:\/\/www.civiltalaica.it\/cms\/homo-sapiens-la-grande-storia-della-diversita-umana\/","name":"Homo sapiens, la grande storia della diversit\u00e0 umana - Associazione Culturale Civilt\u00e0 Laica","isPartOf":{"@id":"https:\/\/www.civiltalaica.it\/cms\/#website"},"primaryImageOfPage":{"@id":"https:\/\/www.civiltalaica.it\/cms\/homo-sapiens-la-grande-storia-della-diversita-umana\/#primaryimage"},"image":{"@id":"https:\/\/www.civiltalaica.it\/cms\/homo-sapiens-la-grande-storia-della-diversita-umana\/#primaryimage"},"thumbnailUrl":"http:\/\/www.cronachelaiche.it\/wp-content\/uploads\/2011\/11\/CL_lascaux.jpg","datePublished":"2011-11-13T17:56:53+00:00","dateModified":"2011-11-28T14:36:25+00:00","author":{"@id":"https:\/\/www.civiltalaica.it\/cms\/#\/schema\/person\/4efef56f866329a1e0943eb27336df1d"},"breadcrumb":{"@id":"https:\/\/www.civiltalaica.it\/cms\/homo-sapiens-la-grande-storia-della-diversita-umana\/#breadcrumb"},"inLanguage":"it-IT","potentialAction":[{"@type":"ReadAction","target":["https:\/\/www.civiltalaica.it\/cms\/homo-sapiens-la-grande-storia-della-diversita-umana\/"]}]},{"@type":"ImageObject","inLanguage":"it-IT","@id":"https:\/\/www.civiltalaica.it\/cms\/homo-sapiens-la-grande-storia-della-diversita-umana\/#primaryimage","url":"http:\/\/www.cronachelaiche.it\/wp-content\/uploads\/2011\/11\/CL_lascaux.jpg","contentUrl":"http:\/\/www.cronachelaiche.it\/wp-content\/uploads\/2011\/11\/CL_lascaux.jpg"},{"@type":"BreadcrumbList","@id":"https:\/\/www.civiltalaica.it\/cms\/homo-sapiens-la-grande-storia-della-diversita-umana\/#breadcrumb","itemListElement":[{"@type":"ListItem","position":1,"name":"Home","item":"https:\/\/www.civiltalaica.it\/cms\/"},{"@type":"ListItem","position":2,"name":"Homo sapiens, la grande storia della diversit\u00e0 umana"}]},{"@type":"WebSite","@id":"https:\/\/www.civiltalaica.it\/cms\/#website","url":"https:\/\/www.civiltalaica.it\/cms\/","name":"Associazione Culturale Civilt\u00e0 Laica","description":"Per un movimento culturale volto a difendere la Laicit\u00e0 dello Stato.","potentialAction":[{"@type":"SearchAction","target":{"@type":"EntryPoint","urlTemplate":"https:\/\/www.civiltalaica.it\/cms\/?s={search_term_string}"},"query-input":{"@type":"PropertyValueSpecification","valueRequired":true,"valueName":"search_term_string"}}],"inLanguage":"it-IT"},{"@type":"Person","@id":"https:\/\/www.civiltalaica.it\/cms\/#\/schema\/person\/4efef56f866329a1e0943eb27336df1d","name":"alexjc","url":"https:\/\/www.civiltalaica.it\/cms\/author\/alexjc\/"}]}},"_links":{"self":[{"href":"https:\/\/www.civiltalaica.it\/cms\/wp-json\/wp\/v2\/posts\/10227","targetHints":{"allow":["GET"]}}],"collection":[{"href":"https:\/\/www.civiltalaica.it\/cms\/wp-json\/wp\/v2\/posts"}],"about":[{"href":"https:\/\/www.civiltalaica.it\/cms\/wp-json\/wp\/v2\/types\/post"}],"author":[{"embeddable":true,"href":"https:\/\/www.civiltalaica.it\/cms\/wp-json\/wp\/v2\/users\/7"}],"replies":[{"embeddable":true,"href":"https:\/\/www.civiltalaica.it\/cms\/wp-json\/wp\/v2\/comments?post=10227"}],"version-history":[{"count":0,"href":"https:\/\/www.civiltalaica.it\/cms\/wp-json\/wp\/v2\/posts\/10227\/revisions"}],"wp:attachment":[{"href":"https:\/\/www.civiltalaica.it\/cms\/wp-json\/wp\/v2\/media?parent=10227"}],"wp:term":[{"taxonomy":"category","embeddable":true,"href":"https:\/\/www.civiltalaica.it\/cms\/wp-json\/wp\/v2\/categories?post=10227"},{"taxonomy":"post_tag","embeddable":true,"href":"https:\/\/www.civiltalaica.it\/cms\/wp-json\/wp\/v2\/tags?post=10227"}],"curies":[{"name":"wp","href":"https:\/\/api.w.org\/{rel}","templated":true}]}}