{"id":10190,"date":"2011-11-11T11:58:59","date_gmt":"2011-11-11T11:58:59","guid":{"rendered":"http:\/\/www.civiltalaica.it\/cms\/?p=10190"},"modified":"2011-11-11T12:06:44","modified_gmt":"2011-11-11T12:06:44","slug":"10190","status":"publish","type":"post","link":"https:\/\/www.civiltalaica.it\/cms\/10190\/","title":{"rendered":"Mal di Chiesa"},"content":{"rendered":"<p>Sulla\u00a0 Wikipedia Italiana manca la voce \u201cUmorismo involontario\u201d. Per colmare questa lacuna si potrebbero usare molti esempi presi a caso dal pamphlet di Gian Franco Svidercoschi (<strong>&#8220;Mal di Chiesa&#8221;, <\/strong>Ed. Cooper, 167pag., 11,00\u20ac). L&#8217;autore infatti nel tentativo grottesco di negare l&#8217;evidenza compie spericolati salti mortali dettati dall&#8217;adorazione cieca e incondizionata di Giovanni Paolo II e della sua politica e dell&#8217;adorazione meno cieca ma comunque profonda di Benedetto XVI.<!--more--><img loading=\"lazy\" decoding=\"async\" class=\"alignleft\" title=\"mal di cheisa\" src=\"http:\/\/www.lettera43.it\/upload\/images\/10_2011\/chiesa-cavolo-111028190053_medium.jpg\" alt=\"\" width=\"176\" height=\"281\" \/><br \/>\nIl sottotitolo del libro \u201cDubbi e speranze di un cristiano in crisi\u201d trover\u00e0 la sua giustificazione solo nelle ultime pagine del pamphlet, il resto del libro \u00e8 solo una difesa a spada tratta dei due papi.<br \/>\nQualche esempio gustoso:<br \/>\n<em>\u201c(Ratzinger) ha deluso quanti pensavano che sarebbe assomigliato al Ratzinger di prima, intransigente, rigoroso. E invece ha compiuto gesti distensivi, perfino sorprendenti, incontrandosi con donne e uomini che [\u2026] avevano idee estremamente radicali: come Oriana Fallaci e il vescovo lefebvriano Bernard Fellay<\/em>\u201d .<br \/>\nIncontrare gli esponenti pi\u00f9 reazionari della cultura occidentale significa compiere gesti distensivi? E da quando?<\/p>\n<p><em>\u201c[&#8230;] si \u00e8 aperto un proficuo dialogo cattolico-musulmano, anche se con il solito problema: che uno dei due interlocutori, l&#8217;islam, ha mille teste, quindi mille idee diverse<\/em>\u201d<br \/>\nIl bue che dice cornuto all&#8217;asino, \u00e8 l&#8217;unico commento possibile!<\/p>\n<p>\u201c<em>Benedetto XVI \u00e8 andato in Africa, e in viaggio ha detto parole molto sensate e condivisibili sul fatto che il flagello dell&#8217;Aids non si possa risolvere con la distribuzione di preservativi. Lette quelle parole sotto il filtro manipolatorio dei giornali, vari governi sono intervenuti per criticare le dichiarazioni del pontefice<\/em>\u201d<br \/>\nAl di l\u00e0 della favoletta di una stampa anticattolica \u00e8 possibile che questa persona ancora non si renda conto che bastano le sue parole messe nero su bianco sul suo libro per suscitare una sincera indignazione?<\/p>\n<p>\u201c(Negare ai lefebvriani la messa in latino) <em>era stata una vera ingiustizia e Ratzinger, da cardinale, l&#8217;aveva pi\u00f9 volte ribadito. Ma adesso, cinquant&#8217;anni dopo, che senso aveva una decisione cos\u00ec sul piano pastorale? Che senso aveva introdurre una duplicit\u00e0 di liturgie, e quindi la possibilit\u00e0 di pregare contemporaneamente con formule diverse e <strong>perfino con contenuti e modalit\u00e0 contrastanti?\u201d<\/strong><\/em><br \/>\nCome scusi? Ma il cattolicesimo non aveva una testa sola a differenza dell&#8217;islam?<\/p>\n<p>\u201c<em>ai tempi di Giovanni Paolo II [\u2026] esisteva un ateismo che[&#8230;] negava si Dio ma per ci\u00f2 stesso, <strong>per la legge dei contrari<\/strong>, finiva per ammetterne l&#8217;esistenza\u201d.<\/em><br \/>\nVabb\u00e8, e per la legge dei contrari il cattolicesimo nega Dio&#8230; e che solo Svidercoschi pu\u00f2 sparare cavolate?<\/p>\n<p>\u201c(la Deus Caritas Est) <em>ha cancellato secoli di vera o <strong>presunta<\/strong> sessuofobia della Chiesa, eliminando cos\u00ec uno dei maggiori motivi di contestazione alla morale cattolica<\/em>\u201d<br \/>\nE qui siamo all&#8217;apoteosi dell&#8217;adorazione incondizionata, alla rinuncia completa dello spirito critico e della libert\u00e0 di pensiero. Ora perch\u00e9 dopo due millenni Ratzinger ha scritto tre paginette in cui non condanna esplicitamente l&#8217;eros ma comunque lo sottomette all&#8217;agape e lo subordina comunque al fine procreativo ha cancellato due millenni di sessuofobia? Beh, a tutto c&#8217;\u00e8 un limite! Svidercoschi ha mai provato a pensare che esiste una cultura al di fuori di quello che dice il papa? Se si vuol capire cos&#8217;\u00e8 l&#8217;eros ce lo spiegheranno meglio le pagine di un libro o le strofe di una canzone o di una poesia che le pagine di un enciclica scritta di una persona che di queste cose ha probabilmente solo sentito parlare. \u00c8 ora di finirla con l&#8217;adorazione incondizionata di ogni gesto papale (che poi diventa adorazione del cardinale, del vescovo e in ultima battuta del prete).<br \/>\nE per tornare ai \u201c<em>dubbi e speranze di un cristiano in crisi<\/em>\u201d di cui l&#8217;autore nel sottotitolo si prefiggeva di parlare, \u00e8 proprio da questa adorazione viscerale e incondizionata che nasce il problema del cattolicesimo; una religione sempre pi\u00f9 infantilizzata e sottoposta all&#8217;adorazione di santi e feticci e che di mistico (nel senso della riflessione sulle grandi domande della vita) ha ormai poco e niente,\u00a0 almeno per quel che riguarda la grande massa dei suoi seguaci.<br \/>\nIl Concilio Vaticano II, o per meglio dire il mancato compimento delle aperture che si prefiggeva quel concilio, \u00e8 quello che \u201cmette in crisi\u201d Svidercoschi. Ne siamo rallegrati che se ne sia accorto, tuttavia non \u00e8 certo con il continuare a nascondere la testa sotto la sabbia che le cose cambieranno. Se l&#8217;adorato (non solo dall&#8217;autore) Wojtyla ha lasciato solo Romero e i vescovi della Teologia della Liberazione appoggiando apertamente le dittature militari, la storia non si pu\u00f2 cambiare. E anche se l&#8217;autore evita di parlarne in queste \u201ccritiche\u201d il fatto rimane, \u00e8 inutile poi lamentarsi per il mancato compimento del Concilio Vaticano II.<br \/>\nSe Wojtyla e Ratzinger non hanno consegnato alle autorit\u00e0 competenti i documenti sui casi di pedofilia nel clero (Maciel su tutti, ma i casi sono centinaia) non si pu\u00f2 parlare goffamente e ricoprendosi di ridicolo di complotti dei massoni e della finanza internazionale (c&#8217;entrer\u00e0 lo IOR forse?) . Semplicemente non li hanno consegnati, se ne prenda atto.<\/p>\n<p>Insomma caro Svidercoschi, caro cristiano in crisi, lasci perdere le adulazioni e le domande se le ponga fino in fondo; cos\u00ec, magari comincer\u00e0 anche a darsi delle risposte.<\/p>\n<p><strong>J. Mnemonic<\/strong><\/p>\n<p>&nbsp;<\/p>\n<p>&nbsp;<\/p>\n","protected":false},"excerpt":{"rendered":"<p>Sulla\u00a0 Wikipedia Italiana manca la voce \u201cUmorismo involontario\u201d. Per colmare questa lacuna si potrebbero usare molti esempi presi a caso dal pamphlet di Gian Franco Svidercoschi (&#8220;Mal di Chiesa&#8221;, Ed. Cooper, 167pag., 11,00\u20ac). L&#8217;autore infatti nel tentativo grottesco di negare l&#8217;evidenza compie spericolati salti mortali dettati dall&#8217;adorazione cieca e incondizionata di Giovanni Paolo II e [&hellip;]<\/p>\n","protected":false},"author":7,"featured_media":0,"comment_status":"closed","ping_status":"closed","sticky":false,"template":"","format":"standard","meta":{"footnotes":""},"categories":[238,231],"tags":[71,946,945],"class_list":["post-10190","post","type-post","status-publish","format-standard","hentry","category-articoli","category-recensioni","tag-j-mnemonic","tag-mal-di-chiesa","tag-svidercoschi"],"yoast_head":"<!-- This site is optimized with the Yoast SEO plugin v27.1.1 - https:\/\/yoast.com\/product\/yoast-seo-wordpress\/ -->\n<title>Mal di Chiesa - Associazione Culturale Civilt\u00e0 Laica<\/title>\n<meta name=\"robots\" content=\"index, follow, max-snippet:-1, max-image-preview:large, max-video-preview:-1\" \/>\n<link rel=\"canonical\" href=\"https:\/\/www.civiltalaica.it\/cms\/10190\/\" \/>\n<meta property=\"og:locale\" content=\"it_IT\" \/>\n<meta property=\"og:type\" content=\"article\" \/>\n<meta property=\"og:title\" content=\"Mal di Chiesa - Associazione Culturale Civilt\u00e0 Laica\" \/>\n<meta property=\"og:description\" content=\"Sulla\u00a0 Wikipedia Italiana manca la voce \u201cUmorismo involontario\u201d. Per colmare questa lacuna si potrebbero usare molti esempi presi a caso dal pamphlet di Gian Franco Svidercoschi (&#8220;Mal di Chiesa&#8221;, Ed. Cooper, 167pag., 11,00\u20ac). L&#8217;autore infatti nel tentativo grottesco di negare l&#8217;evidenza compie spericolati salti mortali dettati dall&#8217;adorazione cieca e incondizionata di Giovanni Paolo II e [&hellip;]\" \/>\n<meta property=\"og:url\" content=\"https:\/\/www.civiltalaica.it\/cms\/10190\/\" \/>\n<meta property=\"og:site_name\" content=\"Associazione Culturale Civilt\u00e0 Laica\" \/>\n<meta property=\"article:publisher\" content=\"https:\/\/www.facebook.com\/civiltalaica\" \/>\n<meta property=\"article:published_time\" content=\"2011-11-11T11:58:59+00:00\" \/>\n<meta property=\"article:modified_time\" content=\"2011-11-11T12:06:44+00:00\" \/>\n<meta property=\"og:image\" content=\"http:\/\/www.lettera43.it\/upload\/images\/10_2011\/chiesa-cavolo-111028190053_medium.jpg\" \/>\n<meta name=\"author\" content=\"alexjc\" \/>\n<meta name=\"twitter:card\" content=\"summary_large_image\" \/>\n<meta name=\"twitter:label1\" content=\"Scritto da\" \/>\n\t<meta name=\"twitter:data1\" content=\"alexjc\" \/>\n\t<meta name=\"twitter:label2\" content=\"Tempo di lettura stimato\" \/>\n\t<meta name=\"twitter:data2\" content=\"4 minuti\" \/>\n<script type=\"application\/ld+json\" class=\"yoast-schema-graph\">{\"@context\":\"https:\/\/schema.org\",\"@graph\":[{\"@type\":\"Article\",\"@id\":\"https:\/\/www.civiltalaica.it\/cms\/10190\/#article\",\"isPartOf\":{\"@id\":\"https:\/\/www.civiltalaica.it\/cms\/10190\/\"},\"author\":{\"name\":\"alexjc\",\"@id\":\"https:\/\/www.civiltalaica.it\/cms\/#\/schema\/person\/4efef56f866329a1e0943eb27336df1d\"},\"headline\":\"Mal di Chiesa\",\"datePublished\":\"2011-11-11T11:58:59+00:00\",\"dateModified\":\"2011-11-11T12:06:44+00:00\",\"mainEntityOfPage\":{\"@id\":\"https:\/\/www.civiltalaica.it\/cms\/10190\/\"},\"wordCount\":830,\"image\":{\"@id\":\"https:\/\/www.civiltalaica.it\/cms\/10190\/#primaryimage\"},\"thumbnailUrl\":\"http:\/\/www.lettera43.it\/upload\/images\/10_2011\/chiesa-cavolo-111028190053_medium.jpg\",\"keywords\":[\"j mnemonic\",\"mal di chiesa\",\"svidercoschi\"],\"articleSection\":[\"articoli\",\"recensioni\"],\"inLanguage\":\"it-IT\"},{\"@type\":\"WebPage\",\"@id\":\"https:\/\/www.civiltalaica.it\/cms\/10190\/\",\"url\":\"https:\/\/www.civiltalaica.it\/cms\/10190\/\",\"name\":\"Mal di Chiesa - Associazione Culturale Civilt\u00e0 Laica\",\"isPartOf\":{\"@id\":\"https:\/\/www.civiltalaica.it\/cms\/#website\"},\"primaryImageOfPage\":{\"@id\":\"https:\/\/www.civiltalaica.it\/cms\/10190\/#primaryimage\"},\"image\":{\"@id\":\"https:\/\/www.civiltalaica.it\/cms\/10190\/#primaryimage\"},\"thumbnailUrl\":\"http:\/\/www.lettera43.it\/upload\/images\/10_2011\/chiesa-cavolo-111028190053_medium.jpg\",\"datePublished\":\"2011-11-11T11:58:59+00:00\",\"dateModified\":\"2011-11-11T12:06:44+00:00\",\"author\":{\"@id\":\"https:\/\/www.civiltalaica.it\/cms\/#\/schema\/person\/4efef56f866329a1e0943eb27336df1d\"},\"breadcrumb\":{\"@id\":\"https:\/\/www.civiltalaica.it\/cms\/10190\/#breadcrumb\"},\"inLanguage\":\"it-IT\",\"potentialAction\":[{\"@type\":\"ReadAction\",\"target\":[\"https:\/\/www.civiltalaica.it\/cms\/10190\/\"]}]},{\"@type\":\"ImageObject\",\"inLanguage\":\"it-IT\",\"@id\":\"https:\/\/www.civiltalaica.it\/cms\/10190\/#primaryimage\",\"url\":\"http:\/\/www.lettera43.it\/upload\/images\/10_2011\/chiesa-cavolo-111028190053_medium.jpg\",\"contentUrl\":\"http:\/\/www.lettera43.it\/upload\/images\/10_2011\/chiesa-cavolo-111028190053_medium.jpg\"},{\"@type\":\"BreadcrumbList\",\"@id\":\"https:\/\/www.civiltalaica.it\/cms\/10190\/#breadcrumb\",\"itemListElement\":[{\"@type\":\"ListItem\",\"position\":1,\"name\":\"Home\",\"item\":\"https:\/\/www.civiltalaica.it\/cms\/\"},{\"@type\":\"ListItem\",\"position\":2,\"name\":\"Mal di Chiesa\"}]},{\"@type\":\"WebSite\",\"@id\":\"https:\/\/www.civiltalaica.it\/cms\/#website\",\"url\":\"https:\/\/www.civiltalaica.it\/cms\/\",\"name\":\"Associazione Culturale Civilt\u00e0 Laica\",\"description\":\"Per un movimento culturale volto a difendere la Laicit\u00e0 dello Stato.\",\"potentialAction\":[{\"@type\":\"SearchAction\",\"target\":{\"@type\":\"EntryPoint\",\"urlTemplate\":\"https:\/\/www.civiltalaica.it\/cms\/?s={search_term_string}\"},\"query-input\":{\"@type\":\"PropertyValueSpecification\",\"valueRequired\":true,\"valueName\":\"search_term_string\"}}],\"inLanguage\":\"it-IT\"},{\"@type\":\"Person\",\"@id\":\"https:\/\/www.civiltalaica.it\/cms\/#\/schema\/person\/4efef56f866329a1e0943eb27336df1d\",\"name\":\"alexjc\",\"url\":\"https:\/\/www.civiltalaica.it\/cms\/author\/alexjc\/\"}]}<\/script>\n<!-- \/ Yoast SEO plugin. -->","yoast_head_json":{"title":"Mal di Chiesa - Associazione Culturale Civilt\u00e0 Laica","robots":{"index":"index","follow":"follow","max-snippet":"max-snippet:-1","max-image-preview":"max-image-preview:large","max-video-preview":"max-video-preview:-1"},"canonical":"https:\/\/www.civiltalaica.it\/cms\/10190\/","og_locale":"it_IT","og_type":"article","og_title":"Mal di Chiesa - Associazione Culturale Civilt\u00e0 Laica","og_description":"Sulla\u00a0 Wikipedia Italiana manca la voce \u201cUmorismo involontario\u201d. Per colmare questa lacuna si potrebbero usare molti esempi presi a caso dal pamphlet di Gian Franco Svidercoschi (&#8220;Mal di Chiesa&#8221;, Ed. Cooper, 167pag., 11,00\u20ac). L&#8217;autore infatti nel tentativo grottesco di negare l&#8217;evidenza compie spericolati salti mortali dettati dall&#8217;adorazione cieca e incondizionata di Giovanni Paolo II e [&hellip;]","og_url":"https:\/\/www.civiltalaica.it\/cms\/10190\/","og_site_name":"Associazione Culturale Civilt\u00e0 Laica","article_publisher":"https:\/\/www.facebook.com\/civiltalaica","article_published_time":"2011-11-11T11:58:59+00:00","article_modified_time":"2011-11-11T12:06:44+00:00","og_image":[{"url":"http:\/\/www.lettera43.it\/upload\/images\/10_2011\/chiesa-cavolo-111028190053_medium.jpg","type":"","width":"","height":""}],"author":"alexjc","twitter_card":"summary_large_image","twitter_misc":{"Scritto da":"alexjc","Tempo di lettura stimato":"4 minuti"},"schema":{"@context":"https:\/\/schema.org","@graph":[{"@type":"Article","@id":"https:\/\/www.civiltalaica.it\/cms\/10190\/#article","isPartOf":{"@id":"https:\/\/www.civiltalaica.it\/cms\/10190\/"},"author":{"name":"alexjc","@id":"https:\/\/www.civiltalaica.it\/cms\/#\/schema\/person\/4efef56f866329a1e0943eb27336df1d"},"headline":"Mal di Chiesa","datePublished":"2011-11-11T11:58:59+00:00","dateModified":"2011-11-11T12:06:44+00:00","mainEntityOfPage":{"@id":"https:\/\/www.civiltalaica.it\/cms\/10190\/"},"wordCount":830,"image":{"@id":"https:\/\/www.civiltalaica.it\/cms\/10190\/#primaryimage"},"thumbnailUrl":"http:\/\/www.lettera43.it\/upload\/images\/10_2011\/chiesa-cavolo-111028190053_medium.jpg","keywords":["j mnemonic","mal di chiesa","svidercoschi"],"articleSection":["articoli","recensioni"],"inLanguage":"it-IT"},{"@type":"WebPage","@id":"https:\/\/www.civiltalaica.it\/cms\/10190\/","url":"https:\/\/www.civiltalaica.it\/cms\/10190\/","name":"Mal di Chiesa - Associazione Culturale Civilt\u00e0 Laica","isPartOf":{"@id":"https:\/\/www.civiltalaica.it\/cms\/#website"},"primaryImageOfPage":{"@id":"https:\/\/www.civiltalaica.it\/cms\/10190\/#primaryimage"},"image":{"@id":"https:\/\/www.civiltalaica.it\/cms\/10190\/#primaryimage"},"thumbnailUrl":"http:\/\/www.lettera43.it\/upload\/images\/10_2011\/chiesa-cavolo-111028190053_medium.jpg","datePublished":"2011-11-11T11:58:59+00:00","dateModified":"2011-11-11T12:06:44+00:00","author":{"@id":"https:\/\/www.civiltalaica.it\/cms\/#\/schema\/person\/4efef56f866329a1e0943eb27336df1d"},"breadcrumb":{"@id":"https:\/\/www.civiltalaica.it\/cms\/10190\/#breadcrumb"},"inLanguage":"it-IT","potentialAction":[{"@type":"ReadAction","target":["https:\/\/www.civiltalaica.it\/cms\/10190\/"]}]},{"@type":"ImageObject","inLanguage":"it-IT","@id":"https:\/\/www.civiltalaica.it\/cms\/10190\/#primaryimage","url":"http:\/\/www.lettera43.it\/upload\/images\/10_2011\/chiesa-cavolo-111028190053_medium.jpg","contentUrl":"http:\/\/www.lettera43.it\/upload\/images\/10_2011\/chiesa-cavolo-111028190053_medium.jpg"},{"@type":"BreadcrumbList","@id":"https:\/\/www.civiltalaica.it\/cms\/10190\/#breadcrumb","itemListElement":[{"@type":"ListItem","position":1,"name":"Home","item":"https:\/\/www.civiltalaica.it\/cms\/"},{"@type":"ListItem","position":2,"name":"Mal di Chiesa"}]},{"@type":"WebSite","@id":"https:\/\/www.civiltalaica.it\/cms\/#website","url":"https:\/\/www.civiltalaica.it\/cms\/","name":"Associazione Culturale Civilt\u00e0 Laica","description":"Per un movimento culturale volto a difendere la Laicit\u00e0 dello Stato.","potentialAction":[{"@type":"SearchAction","target":{"@type":"EntryPoint","urlTemplate":"https:\/\/www.civiltalaica.it\/cms\/?s={search_term_string}"},"query-input":{"@type":"PropertyValueSpecification","valueRequired":true,"valueName":"search_term_string"}}],"inLanguage":"it-IT"},{"@type":"Person","@id":"https:\/\/www.civiltalaica.it\/cms\/#\/schema\/person\/4efef56f866329a1e0943eb27336df1d","name":"alexjc","url":"https:\/\/www.civiltalaica.it\/cms\/author\/alexjc\/"}]}},"_links":{"self":[{"href":"https:\/\/www.civiltalaica.it\/cms\/wp-json\/wp\/v2\/posts\/10190","targetHints":{"allow":["GET"]}}],"collection":[{"href":"https:\/\/www.civiltalaica.it\/cms\/wp-json\/wp\/v2\/posts"}],"about":[{"href":"https:\/\/www.civiltalaica.it\/cms\/wp-json\/wp\/v2\/types\/post"}],"author":[{"embeddable":true,"href":"https:\/\/www.civiltalaica.it\/cms\/wp-json\/wp\/v2\/users\/7"}],"replies":[{"embeddable":true,"href":"https:\/\/www.civiltalaica.it\/cms\/wp-json\/wp\/v2\/comments?post=10190"}],"version-history":[{"count":0,"href":"https:\/\/www.civiltalaica.it\/cms\/wp-json\/wp\/v2\/posts\/10190\/revisions"}],"wp:attachment":[{"href":"https:\/\/www.civiltalaica.it\/cms\/wp-json\/wp\/v2\/media?parent=10190"}],"wp:term":[{"taxonomy":"category","embeddable":true,"href":"https:\/\/www.civiltalaica.it\/cms\/wp-json\/wp\/v2\/categories?post=10190"},{"taxonomy":"post_tag","embeddable":true,"href":"https:\/\/www.civiltalaica.it\/cms\/wp-json\/wp\/v2\/tags?post=10190"}],"curies":[{"name":"wp","href":"https:\/\/api.w.org\/{rel}","templated":true}]}}