{"id":10149,"date":"2011-11-05T11:06:49","date_gmt":"2011-11-05T11:06:49","guid":{"rendered":"http:\/\/www.civiltalaica.it\/cms\/?p=10149"},"modified":"2011-11-08T19:20:29","modified_gmt":"2011-11-08T19:20:29","slug":"cattolicesimo-reale-2","status":"publish","type":"post","link":"https:\/\/www.civiltalaica.it\/cms\/cattolicesimo-reale-2\/","title":{"rendered":"Cattolicesimo Reale"},"content":{"rendered":"<p>ll 23 del mese scorso, alla sala Laura dell\u2019officina sociale \u201cLa Siviera\u201d di Terni si \u00e8 svolta la presentazione del libro di Walter Peruzzi Il Cattolicesimo Reale. L\u2019iniziativa, organizzata dall\u2019associazione Civilt\u00e0 Laica e dal locale circolo Uaar si colloca, a detta del presidente dell\u2019Uaar di Terni Eraldo Giulianelli \u201cnel solco di una precisa scelta operativa: informare i cittadini sui problemi relativi alla laicit\u00e0 delle istituzioni, smascherare l\u2019aggressivit\u00e0 delle religioni, in particolare di quella cattolica e la loro ingerenza nefasta sulle persone\u201d.<!--more--><\/p>\n<p>L\u2019autore del volume, presente in sala, ha precisato subito che il titolo del libro fa il verso al \u201csocialismo reale\u201d, volendo anche in questo caso sottolineare le differenze tra \u201cquello che il cattolicesimo \u00e8 realmente e quello che dice di essere\u201d. Il testo fa parlare direttamente la dottrina cattolica attraverso documenti, testi della Bibbia, bolle papali, encicliche, scritti dei dottori della Chiesa e la sterminata bibliografia che correda il tutto \u00e8 prova pi\u00f9 che convincente di quanto accurata e paziente sia stata la redazione del volume. Peruzzi ha affermato di volersi occupare della Chiesa cattolica perch\u00e9 questa \u201ca differenza di altre forme cristiane \u00e8 un pericolo per la nostra libert\u00e0, come le espressioni di certo fondamentalismo islamico e in parte\u00a0 dell\u2019ortodossia ebraica in Israele\u201d e la sua argomentazione \u00e8 incalzante. La tesi principale sostenuta nel volume \u00e8 che \u201cil cattolicesimo non \u00e8 quello che dice di essere, poich\u00e9 ad essere contraria all\u2019umanit\u00e0 non \u00e8 solo la Chiesa come istituzione, ma l\u2019intera dottrina. La vocazione teocratica con cui la Chiesa rivendica il diritto di definire le leggi la troviamo gi\u00e0 nel concilio di Nicea, quando appena dodici anni dopo l\u2019editto di Costantino e la proclamazione della libert\u00e0 di culto per i cristiani, il Cristianesimo si impone come religione dell\u2019Impero e condanna Ario decretando che i suoi libri vengano bruciati. L\u00ec nasce il cattolicesimo: un\u2019autorit\u00e0 costituita teorizzata dalla dottrina che impone la propria morale al resto della societ\u00e0 e che, per farlo deve necessariamente costruire un\u2019intrinseca alleanza col potere, di cui il concordato fascista non \u00e8 che un esempio\u201d. \u201cIl Cattolicesimo &#8211; continua l\u2019autore &#8211; si fonda sull\u2019infallibilit\u00e0 della Chiesa, la cui dottrina \u00e8 costellata da salti contraddittori che non vengono mai riconosciuti, poich\u00e9 se lo fossero verrebbe meno il principio di infallibilit\u00e0 della Chiesa, fondamento dell\u2019intero cattolicesimo. Ma tra Urbano II che esorta ad uccidere in nome di Dio e Benedetto XVI che promette che Dio punir\u00e0 chi uccide in suo nome, mi pare che dovremmo almeno parlare di infallibilit\u00e0 contraddittoria\u201d. Difficile non essere d\u2019accordo.<\/p>\n<p><strong>Marco Vulcano &#8211; Micropolis<\/strong><\/p>\n<p><strong><a href=\"http:\/\/www.civiltalaica.it\/cms\/wp-content\/uploads\/2011\/11\/catreale.jpg\"><img loading=\"lazy\" decoding=\"async\" class=\"alignleft size-full wp-image-10150\" title=\"catreale\" src=\"http:\/\/www.civiltalaica.it\/cms\/wp-content\/uploads\/2011\/11\/catreale.jpg\" alt=\"\" width=\"200\" height=\"293\" \/><\/a><\/strong><\/p>\n","protected":false},"excerpt":{"rendered":"<p>ll 23 del mese scorso, alla sala Laura dell\u2019officina sociale \u201cLa Siviera\u201d di Terni si \u00e8 svolta la presentazione del libro di Walter Peruzzi Il Cattolicesimo Reale. L\u2019iniziativa, organizzata dall\u2019associazione Civilt\u00e0 Laica e dal locale circolo Uaar si colloca, a detta del presidente dell\u2019Uaar di Terni Eraldo Giulianelli \u201cnel solco di una precisa scelta operativa: [&hellip;]<\/p>\n","protected":false},"author":7,"featured_media":0,"comment_status":"closed","ping_status":"closed","sticky":false,"template":"","format":"standard","meta":{"footnotes":""},"categories":[238,235],"tags":[915,754,777],"class_list":["post-10149","post","type-post","status-publish","format-standard","hentry","category-articoli","category-andata","tag-cattolicesimo-reale","tag-marco-vulcano","tag-walter-peruzzi"],"yoast_head":"<!-- This site is optimized with the Yoast SEO plugin v27.1.1 - https:\/\/yoast.com\/product\/yoast-seo-wordpress\/ -->\n<title>Cattolicesimo Reale - Associazione Culturale Civilt\u00e0 Laica<\/title>\n<meta name=\"robots\" content=\"index, follow, max-snippet:-1, max-image-preview:large, max-video-preview:-1\" \/>\n<link rel=\"canonical\" href=\"https:\/\/www.civiltalaica.it\/cms\/cattolicesimo-reale-2\/\" \/>\n<meta property=\"og:locale\" content=\"it_IT\" \/>\n<meta property=\"og:type\" content=\"article\" \/>\n<meta property=\"og:title\" content=\"Cattolicesimo Reale - Associazione Culturale Civilt\u00e0 Laica\" \/>\n<meta property=\"og:description\" content=\"ll 23 del mese scorso, alla sala Laura dell\u2019officina sociale \u201cLa Siviera\u201d di Terni si \u00e8 svolta la presentazione del libro di Walter Peruzzi Il Cattolicesimo Reale. L\u2019iniziativa, organizzata dall\u2019associazione Civilt\u00e0 Laica e dal locale circolo Uaar si colloca, a detta del presidente dell\u2019Uaar di Terni Eraldo Giulianelli \u201cnel solco di una precisa scelta operativa: [&hellip;]\" \/>\n<meta property=\"og:url\" content=\"https:\/\/www.civiltalaica.it\/cms\/cattolicesimo-reale-2\/\" \/>\n<meta property=\"og:site_name\" content=\"Associazione Culturale Civilt\u00e0 Laica\" \/>\n<meta property=\"article:publisher\" content=\"https:\/\/www.facebook.com\/civiltalaica\" \/>\n<meta property=\"article:published_time\" content=\"2011-11-05T11:06:49+00:00\" \/>\n<meta property=\"article:modified_time\" content=\"2011-11-08T19:20:29+00:00\" \/>\n<meta property=\"og:image\" content=\"http:\/\/www.civiltalaica.it\/cms\/wp-content\/uploads\/2011\/11\/catreale.jpg\" \/>\n<meta name=\"author\" content=\"alexjc\" \/>\n<meta name=\"twitter:card\" content=\"summary_large_image\" \/>\n<meta name=\"twitter:label1\" content=\"Scritto da\" \/>\n\t<meta name=\"twitter:data1\" content=\"alexjc\" \/>\n\t<meta name=\"twitter:label2\" content=\"Tempo di lettura stimato\" \/>\n\t<meta name=\"twitter:data2\" content=\"2 minuti\" \/>\n<script type=\"application\/ld+json\" class=\"yoast-schema-graph\">{\"@context\":\"https:\/\/schema.org\",\"@graph\":[{\"@type\":\"Article\",\"@id\":\"https:\/\/www.civiltalaica.it\/cms\/cattolicesimo-reale-2\/#article\",\"isPartOf\":{\"@id\":\"https:\/\/www.civiltalaica.it\/cms\/cattolicesimo-reale-2\/\"},\"author\":{\"name\":\"alexjc\",\"@id\":\"https:\/\/www.civiltalaica.it\/cms\/#\/schema\/person\/4efef56f866329a1e0943eb27336df1d\"},\"headline\":\"Cattolicesimo Reale\",\"datePublished\":\"2011-11-05T11:06:49+00:00\",\"dateModified\":\"2011-11-08T19:20:29+00:00\",\"mainEntityOfPage\":{\"@id\":\"https:\/\/www.civiltalaica.it\/cms\/cattolicesimo-reale-2\/\"},\"wordCount\":427,\"image\":{\"@id\":\"https:\/\/www.civiltalaica.it\/cms\/cattolicesimo-reale-2\/#primaryimage\"},\"thumbnailUrl\":\"http:\/\/www.civiltalaica.it\/cms\/wp-content\/uploads\/2011\/11\/catreale.jpg\",\"keywords\":[\"Cattolicesimo Reale\",\"marco vulcano\",\"walter peruzzi\"],\"articleSection\":[\"articoli\",\"come \u00e8 andata?\"],\"inLanguage\":\"it-IT\"},{\"@type\":\"WebPage\",\"@id\":\"https:\/\/www.civiltalaica.it\/cms\/cattolicesimo-reale-2\/\",\"url\":\"https:\/\/www.civiltalaica.it\/cms\/cattolicesimo-reale-2\/\",\"name\":\"Cattolicesimo Reale - Associazione Culturale Civilt\u00e0 Laica\",\"isPartOf\":{\"@id\":\"https:\/\/www.civiltalaica.it\/cms\/#website\"},\"primaryImageOfPage\":{\"@id\":\"https:\/\/www.civiltalaica.it\/cms\/cattolicesimo-reale-2\/#primaryimage\"},\"image\":{\"@id\":\"https:\/\/www.civiltalaica.it\/cms\/cattolicesimo-reale-2\/#primaryimage\"},\"thumbnailUrl\":\"http:\/\/www.civiltalaica.it\/cms\/wp-content\/uploads\/2011\/11\/catreale.jpg\",\"datePublished\":\"2011-11-05T11:06:49+00:00\",\"dateModified\":\"2011-11-08T19:20:29+00:00\",\"author\":{\"@id\":\"https:\/\/www.civiltalaica.it\/cms\/#\/schema\/person\/4efef56f866329a1e0943eb27336df1d\"},\"breadcrumb\":{\"@id\":\"https:\/\/www.civiltalaica.it\/cms\/cattolicesimo-reale-2\/#breadcrumb\"},\"inLanguage\":\"it-IT\",\"potentialAction\":[{\"@type\":\"ReadAction\",\"target\":[\"https:\/\/www.civiltalaica.it\/cms\/cattolicesimo-reale-2\/\"]}]},{\"@type\":\"ImageObject\",\"inLanguage\":\"it-IT\",\"@id\":\"https:\/\/www.civiltalaica.it\/cms\/cattolicesimo-reale-2\/#primaryimage\",\"url\":\"http:\/\/www.civiltalaica.it\/cms\/wp-content\/uploads\/2011\/11\/catreale.jpg\",\"contentUrl\":\"http:\/\/www.civiltalaica.it\/cms\/wp-content\/uploads\/2011\/11\/catreale.jpg\"},{\"@type\":\"BreadcrumbList\",\"@id\":\"https:\/\/www.civiltalaica.it\/cms\/cattolicesimo-reale-2\/#breadcrumb\",\"itemListElement\":[{\"@type\":\"ListItem\",\"position\":1,\"name\":\"Home\",\"item\":\"https:\/\/www.civiltalaica.it\/cms\/\"},{\"@type\":\"ListItem\",\"position\":2,\"name\":\"Cattolicesimo Reale\"}]},{\"@type\":\"WebSite\",\"@id\":\"https:\/\/www.civiltalaica.it\/cms\/#website\",\"url\":\"https:\/\/www.civiltalaica.it\/cms\/\",\"name\":\"Associazione Culturale Civilt\u00e0 Laica\",\"description\":\"Per un movimento culturale volto a difendere la Laicit\u00e0 dello Stato.\",\"potentialAction\":[{\"@type\":\"SearchAction\",\"target\":{\"@type\":\"EntryPoint\",\"urlTemplate\":\"https:\/\/www.civiltalaica.it\/cms\/?s={search_term_string}\"},\"query-input\":{\"@type\":\"PropertyValueSpecification\",\"valueRequired\":true,\"valueName\":\"search_term_string\"}}],\"inLanguage\":\"it-IT\"},{\"@type\":\"Person\",\"@id\":\"https:\/\/www.civiltalaica.it\/cms\/#\/schema\/person\/4efef56f866329a1e0943eb27336df1d\",\"name\":\"alexjc\",\"url\":\"https:\/\/www.civiltalaica.it\/cms\/author\/alexjc\/\"}]}<\/script>\n<!-- \/ Yoast SEO plugin. -->","yoast_head_json":{"title":"Cattolicesimo Reale - Associazione Culturale Civilt\u00e0 Laica","robots":{"index":"index","follow":"follow","max-snippet":"max-snippet:-1","max-image-preview":"max-image-preview:large","max-video-preview":"max-video-preview:-1"},"canonical":"https:\/\/www.civiltalaica.it\/cms\/cattolicesimo-reale-2\/","og_locale":"it_IT","og_type":"article","og_title":"Cattolicesimo Reale - Associazione Culturale Civilt\u00e0 Laica","og_description":"ll 23 del mese scorso, alla sala Laura dell\u2019officina sociale \u201cLa Siviera\u201d di Terni si \u00e8 svolta la presentazione del libro di Walter Peruzzi Il Cattolicesimo Reale. L\u2019iniziativa, organizzata dall\u2019associazione Civilt\u00e0 Laica e dal locale circolo Uaar si colloca, a detta del presidente dell\u2019Uaar di Terni Eraldo Giulianelli \u201cnel solco di una precisa scelta operativa: [&hellip;]","og_url":"https:\/\/www.civiltalaica.it\/cms\/cattolicesimo-reale-2\/","og_site_name":"Associazione Culturale Civilt\u00e0 Laica","article_publisher":"https:\/\/www.facebook.com\/civiltalaica","article_published_time":"2011-11-05T11:06:49+00:00","article_modified_time":"2011-11-08T19:20:29+00:00","og_image":[{"url":"http:\/\/www.civiltalaica.it\/cms\/wp-content\/uploads\/2011\/11\/catreale.jpg","type":"","width":"","height":""}],"author":"alexjc","twitter_card":"summary_large_image","twitter_misc":{"Scritto da":"alexjc","Tempo di lettura stimato":"2 minuti"},"schema":{"@context":"https:\/\/schema.org","@graph":[{"@type":"Article","@id":"https:\/\/www.civiltalaica.it\/cms\/cattolicesimo-reale-2\/#article","isPartOf":{"@id":"https:\/\/www.civiltalaica.it\/cms\/cattolicesimo-reale-2\/"},"author":{"name":"alexjc","@id":"https:\/\/www.civiltalaica.it\/cms\/#\/schema\/person\/4efef56f866329a1e0943eb27336df1d"},"headline":"Cattolicesimo Reale","datePublished":"2011-11-05T11:06:49+00:00","dateModified":"2011-11-08T19:20:29+00:00","mainEntityOfPage":{"@id":"https:\/\/www.civiltalaica.it\/cms\/cattolicesimo-reale-2\/"},"wordCount":427,"image":{"@id":"https:\/\/www.civiltalaica.it\/cms\/cattolicesimo-reale-2\/#primaryimage"},"thumbnailUrl":"http:\/\/www.civiltalaica.it\/cms\/wp-content\/uploads\/2011\/11\/catreale.jpg","keywords":["Cattolicesimo Reale","marco vulcano","walter peruzzi"],"articleSection":["articoli","come \u00e8 andata?"],"inLanguage":"it-IT"},{"@type":"WebPage","@id":"https:\/\/www.civiltalaica.it\/cms\/cattolicesimo-reale-2\/","url":"https:\/\/www.civiltalaica.it\/cms\/cattolicesimo-reale-2\/","name":"Cattolicesimo Reale - Associazione Culturale Civilt\u00e0 Laica","isPartOf":{"@id":"https:\/\/www.civiltalaica.it\/cms\/#website"},"primaryImageOfPage":{"@id":"https:\/\/www.civiltalaica.it\/cms\/cattolicesimo-reale-2\/#primaryimage"},"image":{"@id":"https:\/\/www.civiltalaica.it\/cms\/cattolicesimo-reale-2\/#primaryimage"},"thumbnailUrl":"http:\/\/www.civiltalaica.it\/cms\/wp-content\/uploads\/2011\/11\/catreale.jpg","datePublished":"2011-11-05T11:06:49+00:00","dateModified":"2011-11-08T19:20:29+00:00","author":{"@id":"https:\/\/www.civiltalaica.it\/cms\/#\/schema\/person\/4efef56f866329a1e0943eb27336df1d"},"breadcrumb":{"@id":"https:\/\/www.civiltalaica.it\/cms\/cattolicesimo-reale-2\/#breadcrumb"},"inLanguage":"it-IT","potentialAction":[{"@type":"ReadAction","target":["https:\/\/www.civiltalaica.it\/cms\/cattolicesimo-reale-2\/"]}]},{"@type":"ImageObject","inLanguage":"it-IT","@id":"https:\/\/www.civiltalaica.it\/cms\/cattolicesimo-reale-2\/#primaryimage","url":"http:\/\/www.civiltalaica.it\/cms\/wp-content\/uploads\/2011\/11\/catreale.jpg","contentUrl":"http:\/\/www.civiltalaica.it\/cms\/wp-content\/uploads\/2011\/11\/catreale.jpg"},{"@type":"BreadcrumbList","@id":"https:\/\/www.civiltalaica.it\/cms\/cattolicesimo-reale-2\/#breadcrumb","itemListElement":[{"@type":"ListItem","position":1,"name":"Home","item":"https:\/\/www.civiltalaica.it\/cms\/"},{"@type":"ListItem","position":2,"name":"Cattolicesimo Reale"}]},{"@type":"WebSite","@id":"https:\/\/www.civiltalaica.it\/cms\/#website","url":"https:\/\/www.civiltalaica.it\/cms\/","name":"Associazione Culturale Civilt\u00e0 Laica","description":"Per un movimento culturale volto a difendere la Laicit\u00e0 dello Stato.","potentialAction":[{"@type":"SearchAction","target":{"@type":"EntryPoint","urlTemplate":"https:\/\/www.civiltalaica.it\/cms\/?s={search_term_string}"},"query-input":{"@type":"PropertyValueSpecification","valueRequired":true,"valueName":"search_term_string"}}],"inLanguage":"it-IT"},{"@type":"Person","@id":"https:\/\/www.civiltalaica.it\/cms\/#\/schema\/person\/4efef56f866329a1e0943eb27336df1d","name":"alexjc","url":"https:\/\/www.civiltalaica.it\/cms\/author\/alexjc\/"}]}},"_links":{"self":[{"href":"https:\/\/www.civiltalaica.it\/cms\/wp-json\/wp\/v2\/posts\/10149","targetHints":{"allow":["GET"]}}],"collection":[{"href":"https:\/\/www.civiltalaica.it\/cms\/wp-json\/wp\/v2\/posts"}],"about":[{"href":"https:\/\/www.civiltalaica.it\/cms\/wp-json\/wp\/v2\/types\/post"}],"author":[{"embeddable":true,"href":"https:\/\/www.civiltalaica.it\/cms\/wp-json\/wp\/v2\/users\/7"}],"replies":[{"embeddable":true,"href":"https:\/\/www.civiltalaica.it\/cms\/wp-json\/wp\/v2\/comments?post=10149"}],"version-history":[{"count":0,"href":"https:\/\/www.civiltalaica.it\/cms\/wp-json\/wp\/v2\/posts\/10149\/revisions"}],"wp:attachment":[{"href":"https:\/\/www.civiltalaica.it\/cms\/wp-json\/wp\/v2\/media?parent=10149"}],"wp:term":[{"taxonomy":"category","embeddable":true,"href":"https:\/\/www.civiltalaica.it\/cms\/wp-json\/wp\/v2\/categories?post=10149"},{"taxonomy":"post_tag","embeddable":true,"href":"https:\/\/www.civiltalaica.it\/cms\/wp-json\/wp\/v2\/tags?post=10149"}],"curies":[{"name":"wp","href":"https:\/\/api.w.org\/{rel}","templated":true}]}}